{"id":145009,"date":"2025-11-09T05:20:19","date_gmt":"2025-11-09T05:20:19","guid":{"rendered":"https:\/\/www.europesays.com\/pt\/145009\/"},"modified":"2025-11-09T05:20:19","modified_gmt":"2025-11-09T05:20:19","slug":"tvi-pass-a-nossa-app-gratuita-esta-a-dar-um-cartao-com-5-mil-euros-secret-story","status":"publish","type":"post","link":"https:\/\/www.europesays.com\/pt\/145009\/","title":{"rendered":"TVI Pass: a nossa app gratuita est\u00e1 a dar um cart\u00e3o com 5 mil euros &#8211; Secret Story"},"content":{"rendered":"<p data-end=\"3277\" data-start=\"3195\">\u00c9 f\u00e3 da TVI? Ent\u00e3o prepare-se: a app <strong data-end=\"3328\" data-start=\"3316\">TVI Pass<\/strong> est\u00e1 a oferecer <strong data-end=\"3397\" data-start=\"3345\">um cart\u00e3o VISA Electron pr\u00e9-pago com 5.000 euros<\/strong> a um participante do novo passatempo exclusivo.<\/p>\n<p data-end=\"3617\" data-start=\"3447\">Participar \u00e9 simples<a href=\"https:\/\/tvipass.iol.pt\/app\" target=\"_blank\" rel=\"nofollow noopener\">: <strong data-end=\"3534\" data-start=\"3469\">aceda \u00e0 aplica\u00e7\u00e3o, siga as instru\u00e7\u00f5es e fa\u00e7a a sua inscri\u00e7\u00e3o<\/strong><\/a>. Cada participa\u00e7\u00e3o custa <strong data-end=\"3574\" data-start=\"3562\">1\u20ac + IVA<\/strong> e pode repetir at\u00e9 <strong data-end=\"3616\" data-start=\"3594\">seis vezes por dia<\/strong>.<\/p>\n<p data-end=\"3958\" data-start=\"3619\">A <strong data-end=\"3633\" data-start=\"3621\">TVI Pass<\/strong>, gratuita e dispon\u00edvel para download, \u00e9 muito mais do que uma aplica\u00e7\u00e3o: \u00e9 <strong data-end=\"3734\" data-start=\"3709\">uma comunidade de f\u00e3s<\/strong>, onde se pode <strong data-end=\"3848\" data-start=\"3749\">comentar programas, aceder a bastidores, participar em passatempos e ganhar experi\u00eancias \u00fanicas<\/strong>.<\/p>\n<p data-end=\"3958\" data-start=\"3619\">H\u00e1 <strong data-end=\"3929\" data-start=\"3855\">pr\u00e9mios em dinheiro, produtos TVI, convites VIP e visitas aos est\u00fadios<\/strong> \u2014 tudo reunido num s\u00f3 lugar.<\/p>\n<p data-end=\"3958\" data-start=\"3619\">Agora, h\u00e1 mais um motivo para descarregar a app: <strong data-end=\"4050\" data-start=\"4009\">um cart\u00e3o de 5.000 euros pode ser seu<\/strong>.<\/p>\n<p data-end=\"3958\" data-start=\"3619\"><strong><a class=\"calltoaction\" href=\"https:\/\/tvipass.iol.pt\/passatempo\/participe-e-ganhe-5-000\/019a3a91-32db-7720-aa8c-fbc136df4538\" target=\"_blank\" rel=\"nofollow noopener\">PARTICIPE AQUI<\/a><\/strong><\/p>\n<p data-end=\"2237\" data-start=\"2167\">Consulte o <a href=\"https:\/\/tvi.iol.pt\/concursos\" target=\"_blank\" rel=\"nofollow noopener\">regulamento no site da TV<\/a><a href=\"http:\/\/tvi.iol.pt\/concursos\" rel=\"nofollow noopener\" target=\"_blank\">I<\/a><\/p>\n<p data-end=\"2237\" data-start=\"2167\">Concurso publicit\u00e1rio 2025 autorizado pela CMO. Pr\u00e9mio em cart\u00e3o , n\u00e3o convert\u00edvel em dinheiro. Regulamento em tvi.pt. Custo participa\u00e7\u00e3o: 1\u20ac + IVA. Idade m\u00ednima de participa\u00e7\u00e3o: 18 anos e NIF UE. Limite m\u00e1ximo di\u00e1rio de 6 participa\u00e7\u00f5es por meio de participa\u00e7\u00e3o. Participe de forma informada e respons\u00e1vel. Servi\u00e7o TVI \/ MCD.33\/<\/p>\n<blockquote class=\"instagram-media\" data-instgrm-captioned=\"\" data-instgrm-permalink=\"https:\/\/www.instagram.com\/reel\/DQv7_g6DPSQ\/?utm_source=ig_embed&amp;utm_campaign=loading\" data-instgrm-version=\"14\" style=\" background:#FFF; border:0; border-radius:3px; box-shadow:0 0 1px 0 rgba(0,0,0,0.5),0 1px 10px 0 rgba(0,0,0,0.15); margin: 1px; max-width:540px; min-width:326px; padding:0; width:99.375%; width:-webkit-calc(100% - 2px); width:calc(100% - 2px);\">\n<\/blockquote>\n<p>                        <script async src=\"\/\/www.instagram.com\/embed.js\"><\/script><\/p>\n","protected":false},"excerpt":{"rendered":"\u00c9 f\u00e3 da TVI? Ent\u00e3o prepare-se: a app TVI Pass est\u00e1 a oferecer um cart\u00e3o VISA Electron pr\u00e9-pago&hellip;\n","protected":false},"author":2,"featured_media":145010,"comment_status":"","ping_status":"","sticky":false,"template":"","format":"standard","meta":{"footnotes":""},"categories":[142],"tags":[8113,2632,329,333,328,335,336,114,115,334,330,1326,338,19019,13,31850,32,33,1315,8174,151,162,31849,19020,227],"class_list":{"0":"post-145009","1":"post","2":"type-post","3":"status-publish","4":"format-standard","5":"has-post-thumbnail","7":"category-tv","8":"tag-alice-alves","9":"tag-casa-dos-segredos","10":"tag-claudio-ramos","11":"tag-comentadores","12":"tag-concorrentes","13":"tag-confrontos","14":"tag-discussoes","15":"tag-entertainment","16":"tag-entretenimento","17":"tag-exclusivos","18":"tag-gala","19":"tag-mafalda-castro","20":"tag-maria-botelho-moniz","21":"tag-marta-cardoso","22":"tag-noticias","23":"tag-passatempos","24":"tag-portugal","25":"tag-pt","26":"tag-secret-story","27":"tag-segredos","28":"tag-tv","29":"tag-tvi","30":"tag-tvi-pass","31":"tag-video-do-dia","32":"tag-videos"},"share_on_mastodon":{"url":"https:\/\/pubeurope.com\/@pt\/115518060819599640","error":""},"_links":{"self":[{"href":"https:\/\/www.europesays.com\/pt\/wp-json\/wp\/v2\/posts\/145009","targetHints":{"allow":["GET"]}}],"collection":[{"href":"https:\/\/www.europesays.com\/pt\/wp-json\/wp\/v2\/posts"}],"about":[{"href":"https:\/\/www.europesays.com\/pt\/wp-json\/wp\/v2\/types\/post"}],"author":[{"embeddable":true,"href":"https:\/\/www.europesays.com\/pt\/wp-json\/wp\/v2\/users\/2"}],"replies":[{"embeddable":true,"href":"https:\/\/www.europesays.com\/pt\/wp-json\/wp\/v2\/comments?post=145009"}],"version-history":[{"count":0,"href":"https:\/\/www.europesays.com\/pt\/wp-json\/wp\/v2\/posts\/145009\/revisions"}],"wp:featuredmedia":[{"embeddable":true,"href":"https:\/\/www.europesays.com\/pt\/wp-json\/wp\/v2\/media\/145010"}],"wp:attachment":[{"href":"https:\/\/www.europesays.com\/pt\/wp-json\/wp\/v2\/media?parent=145009"}],"wp:term":[{"taxonomy":"category","embeddable":true,"href":"https:\/\/www.europesays.com\/pt\/wp-json\/wp\/v2\/categories?post=145009"},{"taxonomy":"post_tag","embeddable":true,"href":"https:\/\/www.europesays.com\/pt\/wp-json\/wp\/v2\/tags?post=145009"}],"curies":[{"name":"wp","href":"https:\/\/api.w.org\/{rel}","templated":true}]}}