{"id":145020,"date":"2025-11-09T05:56:09","date_gmt":"2025-11-09T05:56:09","guid":{"rendered":"https:\/\/www.europesays.com\/pt\/145020\/"},"modified":"2025-11-09T05:56:09","modified_gmt":"2025-11-09T05:56:09","slug":"tesla-em-movimento-pode-ter-sido-atingido-por-um-meteorito-entenda","status":"publish","type":"post","link":"https:\/\/www.europesays.com\/pt\/145020\/","title":{"rendered":"Tesla em movimento pode ter sido atingido por um meteorito; entenda"},"content":{"rendered":"<p>            <img fetchpriority=\"high\" decoding=\"async\" class=\"wp-image-1487001 size-full\" src=\"https:\/\/www.europesays.com\/pt\/wp-content\/uploads\/2025\/11\/impacto-meteorito-tesla-1024x767-1.jpg\" alt=\"\" width=\"1024\" height=\"767\"  \/>Tesla Model Y foi atingido por um objeto desconhecido na Austr\u00e1lia. Foto: Reprodu\u00e7\u00e3o<\/p>\n<p data-start=\"0\" data-end=\"358\">Um Tesla Model Y que trafegava por uma rodovia na Austr\u00e1lia pode ter sido atingido por um meteorito em pleno movimento, segundo investigadores locais \u2014 um caso considerado in\u00e9dito na hist\u00f3ria. O impacto ocorreu em 19 de outubro, na estrada Augusta, em Port Germein, e deixou o motorista, o veterin\u00e1rio Andrew Melville-Smith, ferido por estilha\u00e7os de vidro.<\/p>\n<p data-start=\"360\" data-end=\"565\">O carro estava no piloto autom\u00e1tico quando o para-brisa foi atingido com for\u00e7a extrema. \u201cPensei que t\u00ednhamos batido \u2014 foi t\u00e3o alto, t\u00e3o violento, totalmente inesperado\u201d, contou Melville-Smith \u00e0 rede ABC.<\/p>\n<p data-start=\"567\" data-end=\"888\">Mesmo sangrando, ele conseguiu retomar o controle do ve\u00edculo. \u201cUm caminh\u00e3o passou \u2014 cinco a dez segundos depois, houve uma explos\u00e3o enorme. Estilha\u00e7os de vidro voaram para dentro do carro, havia fuma\u00e7a branca por toda parte e sent\u00edamos cheiro de queimado. Minha esposa achou que o carro estava pegando fogo\u201d, completou.<\/p>\n<p>Pol\u00edcia descarta bala e destro\u00e7os<\/p>\n<p data-start=\"930\" data-end=\"1187\">A pol\u00edcia australiana chegou a investigar a hip\u00f3tese de uma bala perdida ou de fragmentos lan\u00e7ados por caminh\u00f5es, mas ambas foram descartadas. O motorista procurou o South Australian Museum, que abriu uma an\u00e1lise para confirmar se o objeto veio do espa\u00e7o.<\/p>\n<p data-start=\"1189\" data-end=\"1427\">O mineralogista Kieran Meaney, que lidera a investiga\u00e7\u00e3o, afirmou que \u201cas chances de isso acontecer s\u00e3o fenomenalmente baixas \u2014 se ele estivesse dirigindo dez quil\u00f4metros mais r\u00e1pido ou mais devagar, o meteorito teria passado raspando\u201d.<\/p>\n<p>An\u00e1lises e raridade do fen\u00f4meno<\/p>\n<p data-start=\"1467\" data-end=\"1726\">O impacto provocou aquecimento e fus\u00e3o parcial do vidro, o que indica uma temperatura extremamente alta no momento da colis\u00e3o. Cientistas analisam o para-brisa danificado em busca de part\u00edculas incrustadas que possam comprovar a origem c\u00f3smica do fragmento.<\/p>\n<p data-start=\"1728\" data-end=\"1852\">As an\u00e1lises \u2014 que incluem microscopia eletr\u00f4nica e exames isot\u00f3picos \u2014 podem levar semanas ou meses para serem conclu\u00eddas.<\/p>\n<p data-start=\"1854\" data-end=\"2201\">A Austr\u00e1lia registra milhares de quedas de pequenos fragmentos espaciais todos os anos, mas quase todos se desintegram na atmosfera. Caso seja confirmado, o epis\u00f3dio entrar\u00e1 para a hist\u00f3ria como o primeiro impacto conhecido de um meteorito em um carro em movimento \u2014 um raro encontro entre a tecnologia terrestre e os destro\u00e7os vindos do espa\u00e7o.<\/p>\n<p><img loading=\"lazy\" decoding=\"async\" alt=\"South Australian Museum. Foto: Reprodu\u00e7\u00e3o \" width=\"1024\" height=\"683\" class=\"perfmatters-lazy\" src=\"https:\/\/www.europesays.com\/pt\/wp-content\/uploads\/2025\/11\/museu-australia-do-sul-1024x683.jpg\"\/>South Australian Museum. Foto: Reprodu\u00e7\u00e3o<\/p>\n","protected":false},"excerpt":{"rendered":"Tesla Model Y foi atingido por um objeto desconhecido na Austr\u00e1lia. Foto: Reprodu\u00e7\u00e3o Um Tesla Model Y que&hellip;\n","protected":false},"author":2,"featured_media":145021,"comment_status":"","ping_status":"","sticky":false,"template":"","format":"standard","meta":{"footnotes":""},"categories":[84],"tags":[31851,11592,109,107,108,442,441,31852,3089,31853,31854,32,33,105,103,104,31855,106,110,296],"class_list":{"0":"post-145020","1":"post","2":"type-post","3":"status-publish","4":"format-standard","5":"has-post-thumbnail","7":"category-ciencia-e-tecnologia","8":"tag-andrew-melville-smith","9":"tag-austru00e1lia","10":"tag-ciencia","11":"tag-ciencia-e-tecnologia","12":"tag-cienciaetecnologia","13":"tag-ciu00eancia","14":"tag-espau00e7o","15":"tag-kieran-meaney","16":"tag-meteorito","17":"tag-piloto-automu00e1tico","18":"tag-port-germein","19":"tag-portugal","20":"tag-pt","21":"tag-science","22":"tag-science-and-technology","23":"tag-scienceandtechnology","24":"tag-south-australian-museum","25":"tag-technology","26":"tag-tecnologia","27":"tag-tesla"},"share_on_mastodon":{"url":"https:\/\/pubeurope.com\/@pt\/115518202568324209","error":""},"_links":{"self":[{"href":"https:\/\/www.europesays.com\/pt\/wp-json\/wp\/v2\/posts\/145020","targetHints":{"allow":["GET"]}}],"collection":[{"href":"https:\/\/www.europesays.com\/pt\/wp-json\/wp\/v2\/posts"}],"about":[{"href":"https:\/\/www.europesays.com\/pt\/wp-json\/wp\/v2\/types\/post"}],"author":[{"embeddable":true,"href":"https:\/\/www.europesays.com\/pt\/wp-json\/wp\/v2\/users\/2"}],"replies":[{"embeddable":true,"href":"https:\/\/www.europesays.com\/pt\/wp-json\/wp\/v2\/comments?post=145020"}],"version-history":[{"count":0,"href":"https:\/\/www.europesays.com\/pt\/wp-json\/wp\/v2\/posts\/145020\/revisions"}],"wp:featuredmedia":[{"embeddable":true,"href":"https:\/\/www.europesays.com\/pt\/wp-json\/wp\/v2\/media\/145021"}],"wp:attachment":[{"href":"https:\/\/www.europesays.com\/pt\/wp-json\/wp\/v2\/media?parent=145020"}],"wp:term":[{"taxonomy":"category","embeddable":true,"href":"https:\/\/www.europesays.com\/pt\/wp-json\/wp\/v2\/categories?post=145020"},{"taxonomy":"post_tag","embeddable":true,"href":"https:\/\/www.europesays.com\/pt\/wp-json\/wp\/v2\/tags?post=145020"}],"curies":[{"name":"wp","href":"https:\/\/api.w.org\/{rel}","templated":true}]}}