{"id":145024,"date":"2025-11-09T06:01:12","date_gmt":"2025-11-09T06:01:12","guid":{"rendered":"https:\/\/www.europesays.com\/pt\/145024\/"},"modified":"2025-11-09T06:01:12","modified_gmt":"2025-11-09T06:01:12","slug":"em-momento-crucial-bruna-gomes-deseja-que-deus-abencoe-os-teus-sonhos-bernardo","status":"publish","type":"post","link":"https:\/\/www.europesays.com\/pt\/145024\/","title":{"rendered":"Em momento crucial, Bruna Gomes deseja: &#8220;Que Deus aben\u00e7oe os teus sonhos, Bernardo&#8221;"},"content":{"rendered":"<p>N\u00e3o h\u00e1 d\u00favidas: <a href=\"https:\/\/selfie.iol.pt\/famosos\/bernardo-sousa\/bernardo-sousa-celebra-conquista-e-bruna-gomes-reage-que-felicidade\/20251029\/69020b94d34e58bc67977021\" target=\"_blank\" rel=\"nofollow noopener\">Bruna Gomes<\/a> \u00e9 a f\u00e3 n\u00famero 1 de <a href=\"https:\/\/selfie.iol.pt\/famosos\/bruna-gomes\/saiba-quando-e-que-bruna-gomes-e-bernardo-sousa-se-mudam-para-a-casa-nova\/20251006\/68e2b365d34ee0c2fed0e741\" target=\"_blank\" rel=\"nofollow noopener\">Bernardo Sousa<\/a>. Prova disso \u00e9 a mais recente partilha feita, no Instagram, pela comentadora de &#8220;<a href=\"https:\/\/tvi.iol.pt\/secretstory\/\" target=\"_blank\" rel=\"nofollow noopener\">Secret Story &#8211; Casa dos Segredos<\/a>&#8220;.<\/p>\n<p>&#8220;Hoje foi a \u00faltima corrida do campeonato, e eu n\u00e3o poderia estar mais feliz com o percurso do Bernardo&#8221;, come\u00e7ou por referir Bruna Gomes na legenda de uma s\u00e9rie de imagens desse momento.<\/p>\n<p>De seguida, a influenciadora digital assinalou: &#8220;Uma felicidade enorme por poder acompanhar algu\u00e9m que tem o privil\u00e9gio de fazer o que ama e, por isso, faz tudo com tanto amor. Que Deus aben\u00e7oe os teus sonhos, Ber.&#8221;<\/p>\n<p>Veja, agora, as imagens partilhadas por Bruna Gomes na galeria de fotografias que prepar\u00e1mos para si.<\/p>\n","protected":false},"excerpt":{"rendered":"N\u00e3o h\u00e1 d\u00favidas: Bruna Gomes \u00e9 a f\u00e3 n\u00famero 1 de Bernardo Sousa. Prova disso \u00e9 a mais&hellip;\n","protected":false},"author":2,"featured_media":145025,"comment_status":"","ping_status":"","sticky":false,"template":"","format":"standard","meta":{"footnotes":""},"categories":[145],"tags":[1040,48,800,211,210,135,114,115,980,1015,619,32,33,1014,1012,162],"class_list":{"0":"post-145024","1":"post","2":"type-post","3":"status-publish","4":"format-standard","5":"has-post-thumbnail","7":"category-celebridades","8":"tag-bernardo-sousa","9":"tag-big-brother","10":"tag-bruna-gomes","11":"tag-celebridades","12":"tag-celebrities","13":"tag-desporto","14":"tag-entertainment","15":"tag-entretenimento","16":"tag-famosos","17":"tag-instagram","18":"tag-nacional","19":"tag-portugal","20":"tag-pt","21":"tag-reality-show","22":"tag-selfie","23":"tag-tvi"},"share_on_mastodon":{"url":"https:\/\/pubeurope.com\/@pt\/115518222097038744","error":""},"_links":{"self":[{"href":"https:\/\/www.europesays.com\/pt\/wp-json\/wp\/v2\/posts\/145024","targetHints":{"allow":["GET"]}}],"collection":[{"href":"https:\/\/www.europesays.com\/pt\/wp-json\/wp\/v2\/posts"}],"about":[{"href":"https:\/\/www.europesays.com\/pt\/wp-json\/wp\/v2\/types\/post"}],"author":[{"embeddable":true,"href":"https:\/\/www.europesays.com\/pt\/wp-json\/wp\/v2\/users\/2"}],"replies":[{"embeddable":true,"href":"https:\/\/www.europesays.com\/pt\/wp-json\/wp\/v2\/comments?post=145024"}],"version-history":[{"count":0,"href":"https:\/\/www.europesays.com\/pt\/wp-json\/wp\/v2\/posts\/145024\/revisions"}],"wp:featuredmedia":[{"embeddable":true,"href":"https:\/\/www.europesays.com\/pt\/wp-json\/wp\/v2\/media\/145025"}],"wp:attachment":[{"href":"https:\/\/www.europesays.com\/pt\/wp-json\/wp\/v2\/media?parent=145024"}],"wp:term":[{"taxonomy":"category","embeddable":true,"href":"https:\/\/www.europesays.com\/pt\/wp-json\/wp\/v2\/categories?post=145024"},{"taxonomy":"post_tag","embeddable":true,"href":"https:\/\/www.europesays.com\/pt\/wp-json\/wp\/v2\/tags?post=145024"}],"curies":[{"name":"wp","href":"https:\/\/api.w.org\/{rel}","templated":true}]}}