{"id":145034,"date":"2025-11-09T06:22:24","date_gmt":"2025-11-09T06:22:24","guid":{"rendered":"https:\/\/www.europesays.com\/pt\/145034\/"},"modified":"2025-11-09T06:22:24","modified_gmt":"2025-11-09T06:22:24","slug":"trailer-de-filme-sobre-michael-jackson-quebra-recorde-mundial-de-visualizacoes","status":"publish","type":"post","link":"https:\/\/www.europesays.com\/pt\/145034\/","title":{"rendered":"Trailer de filme sobre Michael Jackson quebra recorde mundial de visualiza\u00e7\u00f5es"},"content":{"rendered":"<p data-start=\"336\" data-end=\"826\">O trailer do filme Michael, cinebiografia sobre a vida de <a href=\"https:\/\/natelinha.uol.com.br\/famosos\/tudo-sobre\/michael-jackson\" rel=\"nofollow noopener\" target=\"_blank\">Michael Jackson<\/a>, estabeleceu um novo recorde global de audi\u00eancia digital. Lan\u00e7ado na quinta-feira (6), o v\u00eddeo acumulou 116,2 milh\u00f5es de visualiza\u00e7\u00f5es nas primeiras 24 horas, segundo dados divulgados pela empresa de an\u00e1lise WaveMetrix.<\/p>\n<p data-start=\"336\" data-end=\"826\">O n\u00famero coloca a produ\u00e7\u00e3o no topo da lista de estreias mais vistas da hist\u00f3ria da Lionsgate e a consagra como o trailer mais assistido de todos os tempos entre filmes musicais ou de concerto.<\/p>\n<p data-start=\"828\" data-end=\"1295\">O desempenho supera o de t\u00edtulos recentes do mesmo g\u00eanero. O trailer de Taylor Swift: The Eras Tour havia registrado 96,1 milh\u00f5es de visualiza\u00e7\u00f5es em um dia. J\u00e1 Bob Marley: One Love atingiu 60,1 milh\u00f5es; Bohemian Rhapsody, 57,6 milh\u00f5es; e A Complete Unknown, 47,2 milh\u00f5es.<\/p>\n<p data-start=\"828\" data-end=\"1295\">Em comunicado, o est\u00fadio destacou que o v\u00eddeo ultrapassou a marca de 30 milh\u00f5es de visualiza\u00e7\u00f5es nas seis primeiras horas ap\u00f3s a publica\u00e7\u00e3o, consolidando o interesse global pelo longa.<\/p>\n<p data-start=\"1297\" data-end=\"1731\">Dirigido por Antoine Fuqua, conhecido por trabalhos como Dia de Treinamento, o filme \u00e9 estrelado por Jaafar Jackson, sobrinho do cantor. A produ\u00e7\u00e3o pretende retratar toda a trajet\u00f3ria de Michael Jackson, desde o in\u00edcio com os Jackson 5 at\u00e9 sua morte em 2009.<\/p>\n<p data-start=\"1297\" data-end=\"1731\">Segundo o est\u00fadio, o objetivo \u00e9 mostrar tanto o impacto art\u00edstico quanto os bastidores da carreira do artista, um dos nomes mais influentes da m\u00fasica popular do s\u00e9culo 20.<\/p>\n<p data-start=\"1733\" data-end=\"2096\">Michael est\u00e1 previsto para chegar aos cinemas em 24 de abril do pr\u00f3ximo ano. A expectativa em torno da performance de Jaafar Jackson foi destacada pela equipe de produ\u00e7\u00e3o, que o descreve como pe\u00e7a central para a autenticidade da narrativa. O teaser apresenta trechos de reconstitui\u00e7\u00f5es de shows e bastidores de videoclipes que marcaram a trajet\u00f3ria do cantor.<\/p>\n<p data-start=\"1733\" data-end=\"2096\"><strong>Assista ao trailer:<\/strong><\/p>\n<p>                                <img decoding=\"async\" loading=\"lazy\" class=\"horizontal\" alt=\"Imagem da thumbnail do v\u00eddeo!\" src=\"https:\/\/www.europesays.com\/pt\/wp-content\/uploads\/2025\/11\/1762669341_598_hqdefault.jpg\"\/><\/p>\n<p>Michael Jackson e sua carreira<\/p>\n<p><img decoding=\"async\" loading=\"lazy\" class=\"horizontal\" src=\"https:\/\/www.europesays.com\/pt\/wp-content\/uploads\/2025\/11\/michael-jackson-como-vive-chimpanze_4372.jpeg\" alt=\"imagem-texto\"\/><\/p>\n<p data-start=\"2098\" data-end=\"2364\">Michael Jackson nasceu em 29 de agosto de 1958, em Gary, nos Estados Unidos, e iniciou a carreira ainda crian\u00e7a, como integrante do grupo Jackson 5, ao lado dos irm\u00e3os. Com can\u00e7\u00f5es como ABC e I Want You Back, o grupo se tornou um fen\u00f4meno nos anos 1960 e 1970.<\/p>\n<p data-start=\"2366\" data-end=\"2806\">Na carreira solo, lan\u00e7ada oficialmente no fim da d\u00e9cada de 1970, Jackson consolidou-se com \u00e1lbuns como Off the Wall (1979), Thriller (1982) \u2014 o disco mais vendido da hist\u00f3ria, com cerca de 70 milh\u00f5es de c\u00f3pias \u2014 e Bad (1987). O artista tamb\u00e9m foi respons\u00e1vel por inova\u00e7\u00f5es est\u00e9ticas e t\u00e9cnicas na m\u00fasica pop, como a cria\u00e7\u00e3o do passo moonwalk e a produ\u00e7\u00e3o de videoclipes de alto investimento, entre eles Thriller e Billie Jean.<\/p>\n<p data-start=\"2808\" data-end=\"3001\">Ao longo da trajet\u00f3ria, acumulou 13 pr\u00eamios Grammy e 26 American Music Awards. Estimativas apontam que suas vendas totais de discos variam entre 400 e 750 milh\u00f5es de unidades em todo o mundo.<\/p>\n<p data-start=\"3003\" data-end=\"3272\">A vida pessoal do cantor foi marcada por epis\u00f3dios de ampla repercuss\u00e3o. Jackson enfrentou acusa\u00e7\u00f5es de abuso infantil, das quais foi absolvido em 2005. Tamb\u00e9m passou por procedimentos est\u00e9ticos e conviveu com vitiligo, condi\u00e7\u00e3o que alterou a pigmenta\u00e7\u00e3o de sua pele.<\/p>\n<p data-start=\"3274\" data-end=\"3438\">O artista morreu em 25 de junho de 2009, aos 50 anos, em decorr\u00eancia de uma overdose de propofol. O m\u00e9dico pessoal de Jackson foi condenado por homic\u00eddio culposo.<\/p>\n","protected":false},"excerpt":{"rendered":"O trailer do filme Michael, cinebiografia sobre a vida de Michael Jackson, estabeleceu um novo recorde global de&hellip;\n","protected":false},"author":2,"featured_media":145035,"comment_status":"","ping_status":"","sticky":false,"template":"","format":"standard","meta":{"footnotes":""},"categories":[140],"tags":[114,115,147,148,6641,146,32,33],"class_list":{"0":"post-145034","1":"post","2":"type-post","3":"status-publish","4":"format-standard","5":"has-post-thumbnail","7":"category-filmes","8":"tag-entertainment","9":"tag-entretenimento","10":"tag-film","11":"tag-filmes","12":"tag-michael-jackson","13":"tag-movies","14":"tag-portugal","15":"tag-pt"},"share_on_mastodon":{"url":"https:\/\/pubeurope.com\/@pt\/115518305101597119","error":""},"_links":{"self":[{"href":"https:\/\/www.europesays.com\/pt\/wp-json\/wp\/v2\/posts\/145034","targetHints":{"allow":["GET"]}}],"collection":[{"href":"https:\/\/www.europesays.com\/pt\/wp-json\/wp\/v2\/posts"}],"about":[{"href":"https:\/\/www.europesays.com\/pt\/wp-json\/wp\/v2\/types\/post"}],"author":[{"embeddable":true,"href":"https:\/\/www.europesays.com\/pt\/wp-json\/wp\/v2\/users\/2"}],"replies":[{"embeddable":true,"href":"https:\/\/www.europesays.com\/pt\/wp-json\/wp\/v2\/comments?post=145034"}],"version-history":[{"count":0,"href":"https:\/\/www.europesays.com\/pt\/wp-json\/wp\/v2\/posts\/145034\/revisions"}],"wp:featuredmedia":[{"embeddable":true,"href":"https:\/\/www.europesays.com\/pt\/wp-json\/wp\/v2\/media\/145035"}],"wp:attachment":[{"href":"https:\/\/www.europesays.com\/pt\/wp-json\/wp\/v2\/media?parent=145034"}],"wp:term":[{"taxonomy":"category","embeddable":true,"href":"https:\/\/www.europesays.com\/pt\/wp-json\/wp\/v2\/categories?post=145034"},{"taxonomy":"post_tag","embeddable":true,"href":"https:\/\/www.europesays.com\/pt\/wp-json\/wp\/v2\/tags?post=145034"}],"curies":[{"name":"wp","href":"https:\/\/api.w.org\/{rel}","templated":true}]}}