{"id":145046,"date":"2025-11-09T06:54:10","date_gmt":"2025-11-09T06:54:10","guid":{"rendered":"https:\/\/www.europesays.com\/pt\/145046\/"},"modified":"2025-11-09T06:54:10","modified_gmt":"2025-11-09T06:54:10","slug":"nasa-lancara-sondas-espaciais-para-estudar-a-atmosfera-de-marte-neste-domingo-noticias-r7","status":"publish","type":"post","link":"https:\/\/www.europesays.com\/pt\/145046\/","title":{"rendered":"Nasa lan\u00e7ar\u00e1 sondas espaciais para estudar a atmosfera de Marte neste domingo \u2013 Noticias R7"},"content":{"rendered":"<p><img decoding=\"async\" data-chromatic=\"ignore\" alt=\"\" class=\"c-image\" loading=\"lazy\" src=\"https:\/\/www.europesays.com\/pt\/wp-content\/uploads\/2025\/11\/VR3LNEW5JFEP3EBFVFAGY44SGQ.png\"  width=\"839\" height=\"472\"\/>Sondas correm o risco de sofrer danos durante a miss\u00e3o, devido ao custo reduzido Divulga\u00e7\u00e3o\/NASA <\/p>\n<p class=\"jarvics:base-text-neutral-high-400 base-text-[calc(theme(fontSize.xs)_*_var(--font-size,_1))] base-font-normal base-font-primary base-text-neutral-low-500 base-text-left\">Sondas espaciais g\u00eameas est\u00e3o prestes a decolar em uma <b>jornada sem precedentes para Marte<\/b>, onde investigar\u00e3o por que o planeta vermelho <a href=\"https:\/\/noticias.r7.com\/internacional\/robo-da-nasa-encontra-minerais-que-podem-explicar-sumico-da-antiga-atmosfera-de-marte-21042025\/\" target=\"_self\" rel=\"nofollow noopener\" title=\"https:\/\/noticias.r7.com\/internacional\/robo-da-nasa-encontra-minerais-que-podem-explicar-sumico-da-antiga-atmosfera-de-marte-21042025\/\">come\u00e7ou a perder sua atmosfera bilh\u00f5es de anos atr\u00e1s<\/a>.<\/p>\n<p class=\"jarvics:base-text-neutral-high-400 base-text-[calc(theme(fontSize.xs)_*_var(--font-size,_1))] base-font-normal base-font-primary base-text-neutral-low-500 base-text-left\">Chamada EscaPADE, a miss\u00e3o buscar\u00e1 uma trajet\u00f3ria orbital que nunca foi tentada antes, de acordo com a empresa aeroespacial Advanced Space, que apoia o projeto. <\/p>\n<p class=\"jarvics:base-text-neutral-high-400 base-text-[calc(theme(fontSize.xs)_*_var(--font-size,_1))] base-font-normal base-font-primary base-text-neutral-low-500 base-text-left\">Se for bem-sucedida, poder\u00e1 ser um estudo de caso crucial que permitir\u00e1 uma flexibilidade extraordin\u00e1ria para futuras miss\u00f5es de ci\u00eancia planet\u00e1ria.<\/p>\n<p class=\"jarvics:base-text-neutral-high-400 base-text-[calc(theme(fontSize.xs)_*_var(--font-size,_1))] base-font-normal base-font-primary base-text-neutral-low-500 base-text-left\">A miss\u00e3o rob\u00f3tica planeja passar um ano ociosa em uma \u201cestrada orbital secund\u00e1ria\u201d antes de seguir para seu destino.<\/p>\n<p class=\"jarvics:base-text-neutral-high-400 base-text-[calc(theme(fontSize.xs)_*_var(--font-size,_1))] base-font-normal base-font-primary base-text-neutral-low-500 base-text-left\">O projeto faz parte do programa SIMPLEx da Nasa (Miss\u00f5es Pequenas e Inovadoras para Explora\u00e7\u00e3o Planet\u00e1ria), que visa estimular pesquisadores e empresas a encontrar maneiras de usar pequenas espa\u00e7onaves para <b>realizar investiga\u00e7\u00f5es cient\u00edficas por uma fra\u00e7\u00e3o do custo<\/b>.<\/p>\n<p class=\"jarvics:base-text-neutral-high-400 base-text-[calc(theme(fontSize.xs)_*_var(--font-size,_1))] base-font-normal base-font-primary base-text-neutral-low-500 base-text-left\">A EscaPADE, (Exploradores da Din\u00e2mica de Escape e Acelera\u00e7\u00e3o de Plasma) e liderada pela Universidade da Calif\u00f3rnia, Berkeley, est\u00e1 entre as mais ambiciosas.<\/p>\n<p class=\"jarvics:base-text-neutral-high-400 base-text-[calc(theme(fontSize.xs)_*_var(--font-size,_1))] base-font-normal base-font-primary base-text-neutral-low-500 base-text-left\">\u201cN\u00e3o usamos a palavra \u2018barato\u2019. Dizemos \u2018alto valor\u2019\u201d, brincou Jeff Parker, diretor de tecnologia da Advanced Space, sediada no Colorado, que participa do projeto juntamente com a Rocket Lab, sediada na Calif\u00f3rnia. \u201cEstamos fornecendo ci\u00eancia no n\u00edvel de miss\u00f5es que custam centenas de milh\u00f5es de d\u00f3lares, mas com um or\u00e7amento baixo.\u201d<\/p>\n<p class=\"jarvics:base-text-neutral-high-400 base-text-[calc(theme(fontSize.xs)_*_var(--font-size,_1))] base-font-normal base-font-primary base-text-neutral-low-500 base-text-left\">O custo da EscaPADE foi inferior a US$ 100 milh\u00f5es, em compara\u00e7\u00e3o com os custos de aproximadamente US$ 300 milh\u00f5es a US$ 600 milh\u00f5es de outros sat\u00e9lites da Nasa que orbitam Marte.<\/p>\n<p class=\"jarvics:base-text-neutral-high-400 base-text-[calc(theme(fontSize.xs)_*_var(--font-size,_1))] base-font-normal base-font-primary base-text-neutral-low-500 base-text-left\">As espa\u00e7onaves est\u00e3o programadas para decolar a bordo do foguete New Glenn da Blue Origin \u2014 marcando a primeira vez que o novo ve\u00edculo de lan\u00e7amento voa com <b>carga valiosa a bordo<\/b> \u2014 j\u00e1 no domingo, \u00e0s 14h45 (hor\u00e1rio da costa leste dos EUA), da Esta\u00e7\u00e3o da For\u00e7a Espacial de Cabo Canaveral, na Fl\u00f3rida.<\/p>\n<p class=\"jarvics:base-text-neutral-high-400 base-text-[calc(theme(fontSize.xs)_*_var(--font-size,_1))] base-font-normal base-font-primary base-text-neutral-low-500 base-text-left\">A tentativa de lan\u00e7amento pode ser afetada pela paralisa\u00e7\u00e3o do governo se for adiada para depois deste fim de semana. A Blue Origin disse em comunicado que tem \u201ctrabalhado em estreita colabora\u00e7\u00e3o com a FAA (Administra\u00e7\u00e3o Federal de Avia\u00e7\u00e3o) para garantir que o pr\u00f3ximo lan\u00e7amento da Miss\u00e3o ESCAPADE para Marte pelo New Glenn possa prosseguir\u201d.<\/p>\n<p>Fora da \u2018janela de transfer\u00eancia\u2019<\/p>\n<p class=\"jarvics:base-text-neutral-high-400 base-text-[calc(theme(fontSize.xs)_*_var(--font-size,_1))] base-font-normal base-font-primary base-text-neutral-low-500 base-text-left\">Normalmente, as espa\u00e7onaves destinadas a Marte esperam at\u00e9 que o planeta esteja em alinhamento ideal com a Terra durante um per\u00edodo chamado \u201cjanela de transfer\u00eancia\u201d. Tais oportunidades de lan\u00e7amento duram algumas semanas e ocorrem a cada 26 meses, permitindo que as espa\u00e7onaves sigam uma trajet\u00f3ria r\u00e1pida para o planeta vermelho.<\/p>\n<p class=\"jarvics:base-text-neutral-high-400 base-text-[calc(theme(fontSize.xs)_*_var(--font-size,_1))] base-font-normal base-font-primary base-text-neutral-low-500 base-text-left\">Quando foi originalmente concebida, esperava-se que a EscaPADE seguisse um caminho direto.<\/p>\n<p class=\"jarvics:base-text-neutral-high-400 base-text-[calc(theme(fontSize.xs)_*_var(--font-size,_1))] base-font-normal base-font-primary base-text-neutral-low-500 base-text-left\">Mas um atoleiro de atrasos no lan\u00e7amento, mudan\u00e7as nos planos da miss\u00e3o e outras peculiaridades de cronograma deixaram os orbitadores sem transporte quando a \u00faltima janela de transfer\u00eancia de Marte se fechou no final de 2024.<\/p>\n<p class=\"jarvics:base-text-neutral-high-400 base-text-[calc(theme(fontSize.xs)_*_var(--font-size,_1))] base-font-normal base-font-primary base-text-neutral-low-500 base-text-left\">Em vez de esperar pela pr\u00f3xima oportunidade ideal em 2026, os projetistas da miss\u00e3o optaram por ser criativos \u2014 elaborando uma abordagem de \u201clan\u00e7ar e esperar\u201d que permitiria \u00e0 EscaPADE decolar em qualquer dia de qualquer ano e ainda assim chegar a Marte com combust\u00edvel de sobra.<\/p>\n<p class=\"jarvics:base-text-neutral-high-400 base-text-[calc(theme(fontSize.xs)_*_var(--font-size,_1))] base-font-normal base-font-primary base-text-neutral-low-500 base-text-left\">\u201cA ideia \u00e9 lan\u00e7ar a qualquer momento, esperar at\u00e9 que os planetas estejam perfeitamente alinhados e ent\u00e3o partir em seu cruzeiro interplanet\u00e1rio para Marte\u201d, explicou Parker.<\/p>\n<p class=\"jarvics:base-text-neutral-high-400 base-text-[calc(theme(fontSize.xs)_*_var(--font-size,_1))] base-font-normal base-font-primary base-text-neutral-low-500 base-text-left\">Ap\u00f3s a decolagem, as espa\u00e7onaves g\u00eameas EscaPADE subir\u00e3o para o espa\u00e7o profundo. Mas, em vez de se virarem para Marte, os dois orbitadores mirar\u00e3o o Ponto de Lagrange 2, ou L2 \u2014 um ponto de equil\u00edbrio c\u00f3smico a cerca de 1,5 milh\u00e3o de quil\u00f4metros (930.000 milhas) da Terra.<\/p>\n<p class=\"jarvics:base-text-neutral-high-400 base-text-[calc(theme(fontSize.xs)_*_var(--font-size,_1))] base-font-normal base-font-primary base-text-neutral-low-500 base-text-left\">Os pontos de Lagrange s\u00e3o especiais porque atuam como <b>po\u00e7os gravitacionais<\/b> nos quais a atra\u00e7\u00e3o do Sol e da Terra est\u00e1 em perfeito equil\u00edbrio. As condi\u00e7\u00f5es podem permitir que as espa\u00e7onaves permane\u00e7am ali sem serem arrastadas.<\/p>\n<p class=\"jarvics:base-text-neutral-high-400 base-text-[calc(theme(fontSize.xs)_*_var(--font-size,_1))] base-font-normal base-font-primary base-text-neutral-low-500 base-text-left\">O ponto L2 tamb\u00e9m oferece \u201cum ambiente de radia\u00e7\u00e3o muito bom\u201d no que diz respeito ao espa\u00e7o sideral, observou Parker, onde a espa\u00e7onave \u201cpermanecer\u00e1 em uma \u00f3rbita muito alta, fora dos cintur\u00f5es de radia\u00e7\u00e3o\u201d.<\/p>\n<p class=\"jarvics:base-text-neutral-high-400 base-text-[calc(theme(fontSize.xs)_*_var(--font-size,_1))] base-font-normal base-font-primary base-text-neutral-low-500 base-text-left\">A espa\u00e7onave ent\u00e3o far\u00e1 um loop infinito em uma \u00f3rbita em forma de feij\u00e3o ao redor de L2 at\u00e9 que a janela de transfer\u00eancia de Marte do pr\u00f3ximo ano se abra. Os ve\u00edculos EscaPADE ent\u00e3o dariam uma breve volta ao redor da Terra em novembro de 2026, permitindo-lhes finalmente seguir em um caminho para Marte.<\/p>\n<p class=\"jarvics:base-text-neutral-high-400 base-text-[calc(theme(fontSize.xs)_*_var(--font-size,_1))] base-font-normal base-font-primary base-text-neutral-low-500 base-text-left\">N\u00e3o importa em que dia a EscaPADE decole, ambas as espa\u00e7onaves entrar\u00e3o na \u00f3rbita marciana em <b>setembro de 2027<\/b>.<\/p>\n<p>Um empreendimento arriscado<\/p>\n<p class=\"jarvics:base-text-neutral-high-400 base-text-[calc(theme(fontSize.xs)_*_var(--font-size,_1))] base-font-normal base-font-primary base-text-neutral-low-500 base-text-left\">O plano inovador, no entanto, tem suas desvantagens.<\/p>\n<p class=\"jarvics:base-text-neutral-high-400 base-text-[calc(theme(fontSize.xs)_*_var(--font-size,_1))] base-font-normal base-font-primary base-text-neutral-low-500 base-text-left\">\u201cOs componentes da espa\u00e7onave sofrem desgaste no espa\u00e7o\u201d, disse Parker. \u201cEnt\u00e3o, n\u00e3o importa o que aconte\u00e7a, isso adiciona um pouco de risco.\u201d<\/p>\n<p class=\"jarvics:base-text-neutral-high-400 base-text-[calc(theme(fontSize.xs)_*_var(--font-size,_1))] base-font-normal base-font-primary base-text-neutral-low-500 base-text-left\">Aceitar esse risco adicional \u00e9 necess\u00e1rio, disse Parker, para ajudar a <b>reduzir os custos<\/b>. E fazer isso significa que os operadores da miss\u00e3o devem reconhecer que o sucesso n\u00e3o \u00e9 garantido.<\/p>\n<p class=\"jarvics:base-text-neutral-high-400 base-text-[calc(theme(fontSize.xs)_*_var(--font-size,_1))] base-font-normal base-font-primary base-text-neutral-low-500 base-text-left\">Outras miss\u00f5es de baixo custo realizadas sob o programa SIMPLEx da Nasa falharam devido a uma s\u00e9rie de contratempos, incluindo a Lunar Trailblazer, que terminou devido a problemas de comunica\u00e7\u00e3o, e a LunaH-Map, que sofreu atrasos no lan\u00e7amento que deixaram a espa\u00e7onave em condi\u00e7\u00f5es abaixo das ideais.<\/p>\n<p class=\"jarvics:base-text-neutral-high-400 base-text-[calc(theme(fontSize.xs)_*_var(--font-size,_1))] base-font-normal base-font-primary base-text-neutral-low-500 base-text-left\">Se for bem-sucedida, a EscaPADE pode ser o primeiro ponto positivo na campanha da Nasa para conduzir ci\u00eancia planet\u00e1ria a baixo custo. E basta uma, argumentou Parker, para que o programa valha a pena.<\/p>\n<p class=\"jarvics:base-text-neutral-high-400 base-text-[calc(theme(fontSize.xs)_*_var(--font-size,_1))] base-font-normal base-font-primary base-text-neutral-low-500 base-text-left\">\u201cSe o programa SIMPLEx, que \u00e9 pioneiro nessas miss\u00f5es de alto valor, for bem-sucedido em uma miss\u00e3o em cada tr\u00eas, isso ainda ter\u00e1 um<b> valor muito maior<\/b> do que as miss\u00f5es de custo tradicional\u201d, disse Parker.<\/p>\n<p class=\"jarvics:base-text-neutral-high-400 base-text-[calc(theme(fontSize.xs)_*_var(--font-size,_1))] base-font-normal base-font-primary base-text-neutral-low-500 base-text-left\"><b>Fique por dentro das principais not\u00edcias do dia no Brasil e no mundo. <\/b><a href=\"https:\/\/whatsapp.com\/channel\/0029Va6eEELGZNCyryabmO1m\" rel=\"nofollow noopener\" target=\"_blank\"><b>Siga o canal do R7<\/b><\/a><b>, o portal de not\u00edcias da Record, no WhatsApp<\/b><\/p>\n","protected":false},"excerpt":{"rendered":"Sondas correm o risco de sofrer danos durante a miss\u00e3o, devido ao custo reduzido Divulga\u00e7\u00e3o\/NASA Sondas espaciais g\u00eameas&hellip;\n","protected":false},"author":2,"featured_media":145047,"comment_status":"","ping_status":"","sticky":false,"template":"","format":"standard","meta":{"footnotes":""},"categories":[84],"tags":[443,109,107,108,1976,1149,32,33,105,103,104,106,110],"class_list":{"0":"post-145046","1":"post","2":"type-post","3":"status-publish","4":"format-standard","5":"has-post-thumbnail","7":"category-ciencia-e-tecnologia","8":"tag-astronomia","9":"tag-ciencia","10":"tag-ciencia-e-tecnologia","11":"tag-cienciaetecnologia","12":"tag-espaco-sideral","13":"tag-nasa","14":"tag-portugal","15":"tag-pt","16":"tag-science","17":"tag-science-and-technology","18":"tag-scienceandtechnology","19":"tag-technology","20":"tag-tecnologia"},"share_on_mastodon":{"url":"https:\/\/pubeurope.com\/@pt\/115518430668235119","error":""},"_links":{"self":[{"href":"https:\/\/www.europesays.com\/pt\/wp-json\/wp\/v2\/posts\/145046","targetHints":{"allow":["GET"]}}],"collection":[{"href":"https:\/\/www.europesays.com\/pt\/wp-json\/wp\/v2\/posts"}],"about":[{"href":"https:\/\/www.europesays.com\/pt\/wp-json\/wp\/v2\/types\/post"}],"author":[{"embeddable":true,"href":"https:\/\/www.europesays.com\/pt\/wp-json\/wp\/v2\/users\/2"}],"replies":[{"embeddable":true,"href":"https:\/\/www.europesays.com\/pt\/wp-json\/wp\/v2\/comments?post=145046"}],"version-history":[{"count":0,"href":"https:\/\/www.europesays.com\/pt\/wp-json\/wp\/v2\/posts\/145046\/revisions"}],"wp:featuredmedia":[{"embeddable":true,"href":"https:\/\/www.europesays.com\/pt\/wp-json\/wp\/v2\/media\/145047"}],"wp:attachment":[{"href":"https:\/\/www.europesays.com\/pt\/wp-json\/wp\/v2\/media?parent=145046"}],"wp:term":[{"taxonomy":"category","embeddable":true,"href":"https:\/\/www.europesays.com\/pt\/wp-json\/wp\/v2\/categories?post=145046"},{"taxonomy":"post_tag","embeddable":true,"href":"https:\/\/www.europesays.com\/pt\/wp-json\/wp\/v2\/tags?post=145046"}],"curies":[{"name":"wp","href":"https:\/\/api.w.org\/{rel}","templated":true}]}}