{"id":145056,"date":"2025-11-09T07:27:10","date_gmt":"2025-11-09T07:27:10","guid":{"rendered":"https:\/\/www.europesays.com\/pt\/145056\/"},"modified":"2025-11-09T07:27:10","modified_gmt":"2025-11-09T07:27:10","slug":"principe-william-vai-se-tornar-cidadao-honorario-do-rio-de-janeir","status":"publish","type":"post","link":"https:\/\/www.europesays.com\/pt\/145056\/","title":{"rendered":"Pr\u00edncipe William vai se tornar cidad\u00e3o honor\u00e1rio do Rio de Janeir"},"content":{"rendered":"<p>Na manh\u00e3 deste s\u00e1bado (8\/11), o pr\u00edncipe William compartilhou um v\u00eddeo nas redes sociais destacando os momentos mais importantes de sua visita ao Rio de Janeiro.\u00a0<\/p>\n<p>Nas imagens, o herdeiro do trono brit\u00e2nico aparece em diferentes pontos da cidade \u2014 do P\u00e3o de A\u00e7\u00facar \u00e0 Ilha de Paquet\u00e1, passando por Copacabana e o Cristo Redentor \u2014 e encerra a mensagem com um simples e afetuoso \u201cObrigado, Brasil\u201d.\u00a0<\/p>\n<p>Ele vai ganhar mais um t\u00edtulo para sua cole\u00e7\u00e3o, agora da Cidade Maravilhosa.<\/p>\n<p>O futuro rei da Inglaterra vai se tornar cidad\u00e3o honor\u00e1rio do munic\u00edpio, por iniciativa da C\u00e2mara de Vereadores e do prefeito Eduardo Paes.\u00a0<\/p>\n<p>&#8220;O pr\u00edncipe William \u00e9 mais do que merecedor de se tornar um carioca honor\u00e1rio. A sua recente visita \u00e0 cidade foi marcante e j\u00e1 deixou saudade. O pr\u00edncipe se dedica de verdade a causas humanit\u00e1rias e ambientais, como vem mostrando nesse momento de realiza\u00e7\u00e3o da COP30, em Bel\u00e9m, e merece todo o reconhecimento. O prefeito disse que o pr\u00edncipe precisava virar carioca, e a gente comprou a ideia&#8221;, declarou Carlo Caiado (PSD), presidente da C\u00e2mara Municipal.\u00a0<\/p>\n<p>Al\u00e9m do presidente da C\u00e2mara, os vereadores da Mesa Diretora da Casa e das Comiss\u00f5es de Constitui\u00e7\u00e3o, Justi\u00e7a e Reda\u00e7\u00e3o, e de Educa\u00e7\u00e3o assinaram a proposta de conceder a honraria ao pr\u00edncipe de Gales.\u00a0<\/p>\n","protected":false},"excerpt":{"rendered":"Na manh\u00e3 deste s\u00e1bado (8\/11), o pr\u00edncipe William compartilhou um v\u00eddeo nas redes sociais destacando os momentos mais&hellip;\n","protected":false},"author":2,"featured_media":145057,"comment_status":"","ping_status":"","sticky":false,"template":"","format":"standard","meta":{"footnotes":""},"categories":[145],"tags":[211,210,114,115,32,8696,33,2326],"class_list":{"0":"post-145056","1":"post","2":"type-post","3":"status-publish","4":"format-standard","5":"has-post-thumbnail","7":"category-celebridades","8":"tag-celebridades","9":"tag-celebrities","10":"tag-entertainment","11":"tag-entretenimento","12":"tag-portugal","13":"tag-principe-william","14":"tag-pt","15":"tag-rio-de-janeiro"},"share_on_mastodon":{"url":"https:\/\/pubeurope.com\/@pt\/115518560198838686","error":""},"_links":{"self":[{"href":"https:\/\/www.europesays.com\/pt\/wp-json\/wp\/v2\/posts\/145056","targetHints":{"allow":["GET"]}}],"collection":[{"href":"https:\/\/www.europesays.com\/pt\/wp-json\/wp\/v2\/posts"}],"about":[{"href":"https:\/\/www.europesays.com\/pt\/wp-json\/wp\/v2\/types\/post"}],"author":[{"embeddable":true,"href":"https:\/\/www.europesays.com\/pt\/wp-json\/wp\/v2\/users\/2"}],"replies":[{"embeddable":true,"href":"https:\/\/www.europesays.com\/pt\/wp-json\/wp\/v2\/comments?post=145056"}],"version-history":[{"count":0,"href":"https:\/\/www.europesays.com\/pt\/wp-json\/wp\/v2\/posts\/145056\/revisions"}],"wp:featuredmedia":[{"embeddable":true,"href":"https:\/\/www.europesays.com\/pt\/wp-json\/wp\/v2\/media\/145057"}],"wp:attachment":[{"href":"https:\/\/www.europesays.com\/pt\/wp-json\/wp\/v2\/media?parent=145056"}],"wp:term":[{"taxonomy":"category","embeddable":true,"href":"https:\/\/www.europesays.com\/pt\/wp-json\/wp\/v2\/categories?post=145056"},{"taxonomy":"post_tag","embeddable":true,"href":"https:\/\/www.europesays.com\/pt\/wp-json\/wp\/v2\/tags?post=145056"}],"curies":[{"name":"wp","href":"https:\/\/api.w.org\/{rel}","templated":true}]}}