{"id":145082,"date":"2025-11-09T08:30:10","date_gmt":"2025-11-09T08:30:10","guid":{"rendered":"https:\/\/www.europesays.com\/pt\/145082\/"},"modified":"2025-11-09T08:30:10","modified_gmt":"2025-11-09T08:30:10","slug":"video-eis-o-canto-da-discordia-no-santa-clara-sporting","status":"publish","type":"post","link":"https:\/\/www.europesays.com\/pt\/145082\/","title":{"rendered":"V\u00cdDEO: eis o canto da disc\u00f3rdia no Santa Clara-Sporting"},"content":{"rendered":"<p>O<strong><a href=\"https:\/\/maisfutebol.iol.pt\/liga\/santa-clara\/santa-clara-sporting-1-2-cronica\" rel=\"nofollow noopener\" target=\"_blank\"> Santa Clara-Sporting<\/a><\/strong>, da 11.\u00aa jornada da Liga portuguesa, ficou marcado por um erro de arbitragem nos \u00faltimos instantes da partida. \u00c0 passagem dos 93 minutos, quando o duelo estava empatado a uma bola, foi concedido um canto ao Sporting. Por\u00e9m, foi Geovany Quenda o \u00faltimo a tocar no esf\u00e9rico.<\/p>\n<p>Esse facto passou despercebido \u00e0 equipa de arbitragem, que concedeu canto ao Sporting. No seguimento do lance, Morten Hjulmand fez o 2-1 de cabe\u00e7a, dando a vit\u00f3ria aos le\u00f5es e espoletando uma luta campal no relvado, com Adriano Firmino a ver o cart\u00e3o vermelho por protestos.\u00a0<\/p>\n<p>A vit\u00f3ria deu igualdade pontual entre Sporting e FC Porto no topo da tabela classificativa, com 28 pontos. O FC Porto joga com o Famalic\u00e3o neste domingo, \u00e0s 18 horas.<\/p>\n<p>Pouco ap\u00f3s o final do jogo, Benfica e FC Porto partilharam o lance nas redes sociais.<\/p>\n<p><strong>Veja o lance da disc\u00f3rdia:<\/strong><\/p>\n<blockquote class=\"twitter-tweet\" data-media-max-width=\"560\">\n<p lang=\"pt\">Chamem a pol\u00edcia, o Santa Clara acabou de ser roubado em canal aberto! <a href=\"https:\/\/t.co\/Oi4NKyG93i\" rel=\"nofollow\">pic.twitter.com\/Oi4NKyG93i<\/a><\/p>\n<p> \u2014 carapito(\u201c,) (@imcarapito)<br \/>\n  <a href=\"https:\/\/twitter.com\/imcarapito\/status\/1987286872251638267?ref_src=twsrc%5Etfw\" rel=\"nofollow noopener\" target=\"_blank\">November 8, 2025<\/a>\n <\/p><\/blockquote>\n<blockquote class=\"twitter-tweet\" data-media-max-width=\"560\">\n<p lang=\"pt\">Capit\u00e3o Hjulmand aos 94\u2019 para dar a vit\u00f3ria! \ud83e\udd81<a href=\"https:\/\/twitter.com\/hashtag\/sporttvportugal?src=hash&amp;ref_src=twsrc%5Etfw\" rel=\"nofollow noopener\" target=\"_blank\">#sporttvportugal<\/a> <a href=\"https:\/\/twitter.com\/hashtag\/LIGAnaSPORTTV?src=hash&amp;ref_src=twsrc%5Etfw\" rel=\"nofollow noopener\" target=\"_blank\">#LIGAnaSPORTTV<\/a> <a href=\"https:\/\/twitter.com\/hashtag\/LigaPortugalBetclic?src=hash&amp;ref_src=twsrc%5Etfw\" rel=\"nofollow noopener\" target=\"_blank\">#LigaPortugalBetclic<\/a> <a href=\"https:\/\/twitter.com\/hashtag\/CDSantaClara?src=hash&amp;ref_src=twsrc%5Etfw\" rel=\"nofollow noopener\" target=\"_blank\">#CDSantaClara<\/a> <a href=\"https:\/\/twitter.com\/hashtag\/SportingCP?src=hash&amp;ref_src=twsrc%5Etfw\" rel=\"nofollow noopener\" target=\"_blank\">#SportingCP<\/a> <a href=\"https:\/\/twitter.com\/hashtag\/betanolp?src=hash&amp;ref_src=twsrc%5Etfw\" rel=\"nofollow noopener\" target=\"_blank\">#betanolp<\/a> <a href=\"https:\/\/t.co\/nGlc44y54b\" rel=\"nofollow\">pic.twitter.com\/nGlc44y54b<\/a><\/p>\n<p> \u2014 sport tv (@sporttvportugal)<br \/>\n  <a href=\"https:\/\/twitter.com\/sporttvportugal\/status\/1987290267041276313?ref_src=twsrc%5Etfw\" rel=\"nofollow noopener\" target=\"_blank\">November 8, 2025<\/a>\n <\/p><\/blockquote>\n<p>                                <script async src=\"https:\/\/platform.twitter.com\/widgets.js\" charset=\"utf-8\"><\/script><\/p>\n","protected":false},"excerpt":{"rendered":"O Santa Clara-Sporting, da 11.\u00aa jornada da Liga portuguesa, ficou marcado por um erro de arbitragem nos \u00faltimos&hellip;\n","protected":false},"author":2,"featured_media":145083,"comment_status":"","ping_status":"","sticky":false,"template":"","format":"standard","meta":{"footnotes":""},"categories":[87],"tags":[135,36,46,32,33,47,423,31857,34,134],"class_list":{"0":"post-145082","1":"post","2":"type-post","3":"status-publish","4":"format-standard","5":"has-post-thumbnail","7":"category-desporto","8":"tag-desporto","9":"tag-liga","10":"tag-maisfutebol","11":"tag-portugal","12":"tag-pt","13":"tag-pura-paixao","14":"tag-santa-clara","15":"tag-santa-clara-sporting","16":"tag-sporting","17":"tag-sports"},"share_on_mastodon":{"url":"https:\/\/pubeurope.com\/@pt\/115518808033002232","error":""},"_links":{"self":[{"href":"https:\/\/www.europesays.com\/pt\/wp-json\/wp\/v2\/posts\/145082","targetHints":{"allow":["GET"]}}],"collection":[{"href":"https:\/\/www.europesays.com\/pt\/wp-json\/wp\/v2\/posts"}],"about":[{"href":"https:\/\/www.europesays.com\/pt\/wp-json\/wp\/v2\/types\/post"}],"author":[{"embeddable":true,"href":"https:\/\/www.europesays.com\/pt\/wp-json\/wp\/v2\/users\/2"}],"replies":[{"embeddable":true,"href":"https:\/\/www.europesays.com\/pt\/wp-json\/wp\/v2\/comments?post=145082"}],"version-history":[{"count":0,"href":"https:\/\/www.europesays.com\/pt\/wp-json\/wp\/v2\/posts\/145082\/revisions"}],"wp:featuredmedia":[{"embeddable":true,"href":"https:\/\/www.europesays.com\/pt\/wp-json\/wp\/v2\/media\/145083"}],"wp:attachment":[{"href":"https:\/\/www.europesays.com\/pt\/wp-json\/wp\/v2\/media?parent=145082"}],"wp:term":[{"taxonomy":"category","embeddable":true,"href":"https:\/\/www.europesays.com\/pt\/wp-json\/wp\/v2\/categories?post=145082"},{"taxonomy":"post_tag","embeddable":true,"href":"https:\/\/www.europesays.com\/pt\/wp-json\/wp\/v2\/tags?post=145082"}],"curies":[{"name":"wp","href":"https:\/\/api.w.org\/{rel}","templated":true}]}}