{"id":145297,"date":"2025-11-09T12:44:09","date_gmt":"2025-11-09T12:44:09","guid":{"rendered":"https:\/\/www.europesays.com\/pt\/145297\/"},"modified":"2025-11-09T12:44:09","modified_gmt":"2025-11-09T12:44:09","slug":"flop30-compare-a-quantidade-de-chefes-de-estado-na-cop30-e-cop29-cop30-amazonia","status":"publish","type":"post","link":"https:\/\/www.europesays.com\/pt\/145297\/","title":{"rendered":"FLOP30? Compare a quantidade de chefes de Estado na COP30 e COP29 | COP30 Amaz\u00f4nia"},"content":{"rendered":"\n<p class=\" content-text__container theme-color-primary-first-letter\" data-track-category=\"Link no Texto\" data-track-links=\"\"> Ainda antes da abertura oficial, a <strong>COP30<\/strong> teve in\u00edcio com a <strong>C\u00fapula dos Chefes de Estado<\/strong>, realizada na quinta-feira (6). O encontro reuniu l\u00edderes de diversos pa\u00edses para discutir quest\u00f5es ambientais, mas marcou uma presen\u00e7a reduzida de chefes de Estado em compara\u00e7\u00e3o a edi\u00e7\u00f5es anteriores. <\/p>\n<p class=\" content-text__container \" data-track-category=\"Link no Texto\" data-track-links=\"\"> Nas redes sociais, cr\u00edticos ao governo do presidente <strong>Luiz In\u00e1cio Lula da Silva<\/strong> t\u00eam chamado a COP30 de &#8220;<strong>FLOP30<\/strong>&#8220;, destacando a menor participa\u00e7\u00e3o de l\u00edderes nesta edi\u00e7\u00e3o, em <strong>Bel\u00e9m<\/strong>. Segundo a lista oficial divulgada pela assessoria de imprensa da COP30 ao <strong>Valor<\/strong>, participaram 28 chefes de Estado ou de governo, entre eles 15 presidentes, 11 primeiros-ministros e 2 l\u00edderes da realeza. <\/p>\n<p class=\" content-text__container \" data-track-category=\"Link no Texto\" data-track-links=\"\"> Esse n\u00famero representa quase metade dos chefes de Estado que compareceram na edi\u00e7\u00e3o anterior, a COP29, realizada em Baku, no Azerbaij\u00e3o, entre 11 e 22 de novembro de 2024. Na \u00e9poca, segundo a <a class=\"\" href=\"https:\/\/unfccc.int\/sites\/default\/files\/resource\/Final%20List%20of%20Speakers%20COP%2029%20%20-First%20part%20of%20the%20high-level%20segment.pdf\" target=\"_blank\" rel=\"nofollow noopener\">lista de oradores do alto n\u00edvel para Chefes de Estado e de Governo<\/a>, compareceram ao evento 59 chefes de Estado, incluindo 29 presidentes e 30 primeiros-ministros.  <\/p>\n<p class=\" content-text__container \" data-track-category=\"Link no Texto\" data-track-links=\"\"> Algumas aus\u00eancias j\u00e1 eram esperadas na COP30, com as dos presidentes dos <strong>Estados Unidos, Donald Trump<\/strong>, e da <strong>Argentina, Javier Milei<\/strong>. <\/p>\n<p class=\" content-text__container \" data-track-category=\"Link no Texto\" data-track-links=\"\"> Tamb\u00e9m h\u00e1 situa\u00e7\u00f5es em que o pa\u00eds enviou algum representante no lugar do chefe de Estados, como no caso da China, que enviou o vice-primeiro-ministro, Ding Xuexiang, no lugar do presidente<strong> Xi Jinping.<\/strong> <\/p>\n<p class=\" content-text__container \" data-track-category=\"Link no Texto\" data-track-links=\"\"> Ao todo, considerando outras autoridades e representantes de estados soberanos e organiza\u00e7\u00f5es internacionais, o evento em Bel\u00e9m recebeu 69 autoridades. <\/p>\n<p class=\" content-text__container \" data-track-category=\"Link no Texto\" data-track-links=\"\"> <strong>Compare as lista de chefes de Estado das duas COPs abaixo:<\/strong> <\/p>\n<p class=\"mc-column show-table__title\">Chefes de Estado na COP30<\/p>\n<tr>\n<td>Pa\u00eds<\/td>\n<td>Cargo<\/td>\n<td>Nome<\/td>\n<\/tr>\n<tr>\n<td>Alemanha<\/td>\n<td>Chanceler \/ Primeiro-Ministro<\/td>\n<td>Friedrich Merz<\/td>\n<\/tr>\n<tr>\n<td>Ant\u00edgua e Barbuda<\/td>\n<td>Primeiro-Ministro<\/td>\n<td>Gaston Alphonso Browne<\/td>\n<\/tr>\n<tr>\n<td>Barbados<\/td>\n<td>Primeiro-Ministro<\/td>\n<td>Mia Amor Mottley<\/td>\n<\/tr>\n<tr>\n<td>Chile<\/td>\n<td>Presidente<\/td>\n<td>Gabriel Boric Font<\/td>\n<\/tr>\n<tr>\n<td>Col\u00f4mbia<\/td>\n<td>Presidente<\/td>\n<td>Gustavo Petro<\/td>\n<\/tr>\n<tr>\n<td>Comores<\/td>\n<td>Presidente<\/td>\n<td>Azali Assoumani<\/td>\n<\/tr>\n<tr>\n<td>Congo Brazzaville<\/td>\n<td>Presidente<\/td>\n<td>Denis Sassou N\u2019Guesso<\/td>\n<\/tr>\n<tr>\n<td>Espanha<\/td>\n<td>Presidente do Governo<\/td>\n<td>Pedro S\u00e1nchez<\/td>\n<\/tr>\n<tr>\n<td>Essuat\u00edni<\/td>\n<td>Primeiro-Ministro<\/td>\n<td>Russell Mmiso Dlamini<\/td>\n<\/tr>\n<tr>\n<td>Finl\u00e2ndia<\/td>\n<td>Presidente<\/td>\n<td>Alexander Stubb<\/td>\n<\/tr>\n<tr>\n<td>Fran\u00e7a<\/td>\n<td>Presidente<\/td>\n<td>Emmanuel Macron<\/td>\n<\/tr>\n<tr>\n<td>Guiana<\/td>\n<td>Presidente<\/td>\n<td>Irfaan Ali<\/td>\n<\/tr>\n<tr>\n<td>Honduras<\/td>\n<td>Presidente<\/td>\n<td>Xiomara Castro<\/td>\n<\/tr>\n<tr>\n<td>Irlanda<\/td>\n<td>Primeiro-Ministro<\/td>\n<td>Miche\u00e1l Martin<\/td>\n<\/tr>\n<tr>\n<td>Let\u00f4nia<\/td>\n<td>Presidente<\/td>\n<td>Edgars Rink\u0113vi\u010ds<\/td>\n<\/tr>\n<tr>\n<td>Mo\u00e7ambique<\/td>\n<td>Presidente<\/td>\n<td>Daniel Francisco Chapo<\/td>\n<\/tr>\n<tr>\n<td>M\u00f4naco<\/td>\n<td>Pr\u00edncipe \/ Chefe de Estado<\/td>\n<td>Albert II<\/td>\n<\/tr>\n<tr>\n<td>Nam\u00edbia<\/td>\n<td>Presidente<\/td>\n<td>Netumbo Nandi-Ndaitwah<\/td>\n<\/tr>\n<tr>\n<td>Noruega<\/td>\n<td>Primeiro-Ministro<\/td>\n<td>Jonas Gahr St\u00f8re<\/td>\n<\/tr>\n<tr>\n<td>Pa\u00edses Baixos<\/td>\n<td>Primeiro-Ministro<\/td>\n<td>Dick Schoof<\/td>\n<\/tr>\n<tr>\n<td>Palau<\/td>\n<td>Presidente<\/td>\n<td>Surangel Whipps Jr.<\/td>\n<\/tr>\n<tr>\n<td>Papua-Nova Guin\u00e9<\/td>\n<td>Primeiro-Ministro<\/td>\n<td>James Marape<\/td>\n<\/tr>\n<tr>\n<td>Portugal<\/td>\n<td>Primeiro-Ministro<\/td>\n<td>Lu\u00eds Montenegro<\/td>\n<\/tr>\n<tr>\n<td>Reino Unido<\/td>\n<td>Primeiro-Ministro<\/td>\n<td>Keir Starmer<\/td>\n<\/tr>\n<tr>\n<td>Rep\u00fablica Democr\u00e1tica do Congo<\/td>\n<td>Presidente<\/td>\n<td>F\u00e9lix Tshisekedi Tshilombo<\/td>\n<\/tr>\n<tr>\n<td>S\u00edria<\/td>\n<td>Presidente<\/td>\n<td>Ahmad Al Sharaa<\/td>\n<\/tr>\n<tr>\n<td>Su\u00e9cia<\/td>\n<td>Rei e Rainha<\/td>\n<td>Carl XVI Gustaf e Silvia<\/td>\n<\/tr>\n<tr>\n<td>Suriname<\/td>\n<td>Presidente<\/td>\n<td>Jennifer Simons<\/td>\n<\/tr>\n<p class=\"mc-column show-table__title\">Chefes de Estado na COP29<\/p>\n<tr>\n<td>Pa\u00eds<\/td>\n<td>Cargo<\/td>\n<td>Nome<\/td>\n<\/tr>\n<tr>\n<td>Alb\u00e2nia<\/td>\n<td>Primeiro-Ministro<\/td>\n<td>Edi Rama<\/td>\n<\/tr>\n<tr>\n<td>Ant\u00edgua e Barbuda<\/td>\n<td>Primeiro-Ministro<\/td>\n<td>Gaston Alphonso Browne<\/td>\n<\/tr>\n<tr>\n<td>Bahamas<\/td>\n<td>Primeiro-Ministro<\/td>\n<td>Philip Edward Davis<\/td>\n<\/tr>\n<tr>\n<td>Bangladesh<\/td>\n<td>Conselheiro Chefe do Governo Interino<\/td>\n<td>Muhammad Yunus<\/td>\n<\/tr>\n<tr>\n<td>Barbados<\/td>\n<td>Primeira-Ministra<\/td>\n<td>Mia Amor Mottley<\/td>\n<\/tr>\n<tr>\n<td>B\u00e9lgica<\/td>\n<td>Primeiro-Ministro<\/td>\n<td>Alexander De Croo<\/td>\n<\/tr>\n<tr>\n<td>Bielorr\u00fassia<\/td>\n<td>Presidente<\/td>\n<td>Aleksandr Lukashenko<\/td>\n<\/tr>\n<tr>\n<td>B\u00f3snia e Herzegovina<\/td>\n<td>Presidente da Presid\u00eancia<\/td>\n<td>Denis Be\u0107irovi\u0107<\/td>\n<\/tr>\n<tr>\n<td>Bulg\u00e1ria<\/td>\n<td>Presidente<\/td>\n<td>Rumen Radev<\/td>\n<\/tr>\n<tr>\n<td>But\u00e3o<\/td>\n<td>Primeiro-Ministro<\/td>\n<td>Tshering Tobgay<\/td>\n<\/tr>\n<tr>\n<td>Cazaquist\u00e3o<\/td>\n<td>Presidente<\/td>\n<td>Kassym-Jomart Tokayev<\/td>\n<\/tr>\n<tr>\n<td>Ch\u00e9quia (Rep. Tcheca)<\/td>\n<td>Primeiro-Ministro<\/td>\n<td>Petr Fiala<\/td>\n<\/tr>\n<tr>\n<td>Chipre<\/td>\n<td>Presidente<\/td>\n<td>Nikos Christodoulides<\/td>\n<\/tr>\n<tr>\n<td>Congo<\/td>\n<td>Presidente<\/td>\n<td>Denis Sassou Nguesso<\/td>\n<\/tr>\n<tr>\n<td>Cro\u00e1cia<\/td>\n<td>Primeiro-Ministro<\/td>\n<td>Andrej Plenkovi\u0107<\/td>\n<\/tr>\n<tr>\n<td>Dinamarca<\/td>\n<td>Primeira-Ministra<\/td>\n<td>Mette Frederiksen<\/td>\n<\/tr>\n<tr>\n<td>Egito<\/td>\n<td>Primeiro-Ministro<\/td>\n<td>Mostafa Kamal Madbouly<\/td>\n<\/tr>\n<tr>\n<td>Eslov\u00e1quia<\/td>\n<td>Presidente<\/td>\n<td>Peter Pellegrini<\/td>\n<\/tr>\n<tr>\n<td>Espanha<\/td>\n<td>Presidente do Governo<\/td>\n<td>Pedro S\u00e1nchez P\u00e9rez-Castej\u00f3n<\/td>\n<\/tr>\n<tr>\n<td>Essuat\u00edni<\/td>\n<td>Primeiro-Ministro<\/td>\n<td>Russell Mmiso Dlamini<\/td>\n<\/tr>\n<tr>\n<td>Eti\u00f3pia<\/td>\n<td>Presidente<\/td>\n<td>Taye Atseke Selassie Amde<\/td>\n<\/tr>\n<tr>\n<td>Federa\u00e7\u00e3o Russa<\/td>\n<td>Primeiro-Ministro<\/td>\n<td>Mikhail Mishustin<\/td>\n<\/tr>\n<tr>\n<td>Finl\u00e2ndia<\/td>\n<td>Presidente<\/td>\n<td>Alexander Stubb<\/td>\n<\/tr>\n<tr>\n<td>Gana<\/td>\n<td>Presidente<\/td>\n<td>Nana Addo Dankwa Akufo-Addo<\/td>\n<\/tr>\n<tr>\n<td>Ge\u00f3rgia<\/td>\n<td>Primeiro-Ministro<\/td>\n<td>Irakli Kobakhidze<\/td>\n<\/tr>\n<tr>\n<td>Granada<\/td>\n<td>Primeiro-Ministro<\/td>\n<td>Dickon Mitchell<\/td>\n<\/tr>\n<tr>\n<td>Gr\u00e9cia<\/td>\n<td>Primeiro-Ministro<\/td>\n<td>Kyriakos Mitsotakis<\/td>\n<\/tr>\n<tr>\n<td>Guin\u00e9-Bissau<\/td>\n<td>Presidente<\/td>\n<td>Umaro Sissoco Embal\u00f3<\/td>\n<\/tr>\n<tr>\n<td>Hungria<\/td>\n<td>Primeiro-Ministro<\/td>\n<td>Viktor Orb\u00e1n<\/td>\n<\/tr>\n<tr>\n<td>Ilhas Cook<\/td>\n<td>Primeiro-Ministro<\/td>\n<td>Mark Stephen Brown<\/td>\n<\/tr>\n<tr>\n<td>Ilhas Marshall<\/td>\n<td>Presidente<\/td>\n<td>Hilda Heine<\/td>\n<\/tr>\n<tr>\n<td>Iraque<\/td>\n<td>Presidente<\/td>\n<td>Abdul Latif Jamal Rashid<\/td>\n<\/tr>\n<tr>\n<td>It\u00e1lia<\/td>\n<td>Primeira-Ministra<\/td>\n<td>Giorgia Meloni<\/td>\n<\/tr>\n<tr>\n<td>Liechtenstein<\/td>\n<td>Primeiro-Ministro<\/td>\n<td>Daniel Nikolaus Risch<\/td>\n<\/tr>\n<tr>\n<td>L\u00edbia<\/td>\n<td>Presidente<\/td>\n<td>Mohamed Younis A. Menfi<\/td>\n<\/tr>\n<tr>\n<td>Maced\u00f4nia do Norte<\/td>\n<td>Presidente<\/td>\n<td>Gordana Siljanovska-Davkova<\/td>\n<\/tr>\n<tr>\n<td>Maldivas<\/td>\n<td>Presidente<\/td>\n<td>Mohamed Muizzu<\/td>\n<\/tr>\n<tr>\n<td>Marrocos<\/td>\n<td>Primeiro-Ministro<\/td>\n<td>Monsieur Aziz Akhannouch<\/td>\n<\/tr>\n<tr>\n<td>Maurit\u00e2nia<\/td>\n<td>Presidente<\/td>\n<td>Mohamed Ould Cheikh El Ghazouani<\/td>\n<\/tr>\n<tr>\n<td>Montenegro<\/td>\n<td>Presidente<\/td>\n<td>Jakov Milatovi\u0107<\/td>\n<\/tr>\n<tr>\n<td>Mong\u00f3lia<\/td>\n<td>Presidente<\/td>\n<td>Khurelsukh Ukhnaa<\/td>\n<\/tr>\n<tr>\n<td>Nepal<\/td>\n<td>Presidente<\/td>\n<td>Ramchandra Paudel<\/td>\n<\/tr>\n<tr>\n<td>Niue<\/td>\n<td>Primeiro-Ministro<\/td>\n<td>Dalton Emani Makamau Tagelagi<\/td>\n<\/tr>\n<tr>\n<td>Paquist\u00e3o<\/td>\n<td>Primeiro-Ministro<\/td>\n<td>Mian Muhammad Shehbaz Sharif<\/td>\n<\/tr>\n<tr>\n<td>Pol\u00f4nia<\/td>\n<td>Presidente<\/td>\n<td>Andrzej Duda<\/td>\n<\/tr>\n<tr>\n<td>Quirguist\u00e3o<\/td>\n<td>Presidente<\/td>\n<td>Sadyr Zhaparov<\/td>\n<\/tr>\n<tr>\n<td>Reino Unido<\/td>\n<td>Primeiro-Ministro<\/td>\n<td>Sir Keir Starmer<\/td>\n<\/tr>\n<tr>\n<td>Rep\u00fablica da Mold\u00e1via<\/td>\n<td>Presidente<\/td>\n<td>Maia Sandu<\/td>\n<\/tr>\n<tr>\n<td>Rep\u00fablica Democr\u00e1tica do Congo<\/td>\n<td>Primeira-Ministra<\/td>\n<td>Judith Suminwa Tuluka<\/td>\n<\/tr>\n<tr>\n<td>S\u00e3o Tom\u00e9 e Pr\u00edncipe<\/td>\n<td>Primeiro-Ministro<\/td>\n<td>Patrice Emery Trovoada<\/td>\n<\/tr>\n<tr>\n<td>S\u00e9rvia<\/td>\n<td>Presidente<\/td>\n<td>Aleksandar Vu\u010di\u0107<\/td>\n<\/tr>\n<tr>\n<td>Sud\u00e3o<\/td>\n<td>Presidente<\/td>\n<td>Abdel-Fattah AlBurhan Abdelrahman Al-Burhan<\/td>\n<\/tr>\n<tr>\n<td>Suriname<\/td>\n<td>Presidente<\/td>\n<td>Chandrikapersad Santokhi<\/td>\n<\/tr>\n<tr>\n<td>Tadjiquist\u00e3o<\/td>\n<td>Presidente<\/td>\n<td>Emomali Rahmon<\/td>\n<\/tr>\n<tr>\n<td>Togo<\/td>\n<td>Presidente<\/td>\n<td>Faure Essozimna Gnassingb\u00e9<\/td>\n<\/tr>\n<tr>\n<td>Tonga<\/td>\n<td>Primeiro-Ministro<\/td>\n<td>Siaosi Ofa Ki Vahafolau Sovaleni<\/td>\n<\/tr>\n<tr>\n<td>Turquia<\/td>\n<td>Presidente<\/td>\n<td>Recep Tayyip Erdo\u011fan<\/td>\n<\/tr>\n<tr>\n<td>Tuvalu<\/td>\n<td>Primeiro-Ministro<\/td>\n<td>Feleti Penitala Teo<\/td>\n<\/tr>\n<tr>\n<td>Uzbequist\u00e3o<\/td>\n<td>Presidente<\/td>\n<td>Shavkat Mirziyoyev<\/td>\n<\/tr>\n<tr>\n<td>Zimb\u00e1bue<\/td>\n<td>Presidente<\/td>\n<td>Emmerson Dambudzo Mnangagwa<\/td>\n<\/tr>\n","protected":false},"excerpt":{"rendered":"Ainda antes da abertura oficial, a COP30 teve in\u00edcio com a C\u00fapula dos Chefes de Estado, realizada na&hellip;\n","protected":false},"author":2,"featured_media":145298,"comment_status":"","ping_status":"","sticky":false,"template":"","format":"standard","meta":{"footnotes":""},"categories":[142],"tags":[31885,31884,6391,92,114,115,235,32,33,151],"class_list":{"0":"post-145297","1":"post","2":"type-post","3":"status-publish","4":"format-standard","5":"has-post-thumbnail","7":"category-tv","8":"tag-baku-azerbaijao","9":"tag-cop29","10":"tag-cop30","11":"tag-donald-trump","12":"tag-entertainment","13":"tag-entretenimento","14":"tag-estados-unidos","15":"tag-portugal","16":"tag-pt","17":"tag-tv"},"share_on_mastodon":{"url":"https:\/\/pubeurope.com\/@pt\/115519806726810531","error":""},"_links":{"self":[{"href":"https:\/\/www.europesays.com\/pt\/wp-json\/wp\/v2\/posts\/145297","targetHints":{"allow":["GET"]}}],"collection":[{"href":"https:\/\/www.europesays.com\/pt\/wp-json\/wp\/v2\/posts"}],"about":[{"href":"https:\/\/www.europesays.com\/pt\/wp-json\/wp\/v2\/types\/post"}],"author":[{"embeddable":true,"href":"https:\/\/www.europesays.com\/pt\/wp-json\/wp\/v2\/users\/2"}],"replies":[{"embeddable":true,"href":"https:\/\/www.europesays.com\/pt\/wp-json\/wp\/v2\/comments?post=145297"}],"version-history":[{"count":0,"href":"https:\/\/www.europesays.com\/pt\/wp-json\/wp\/v2\/posts\/145297\/revisions"}],"wp:featuredmedia":[{"embeddable":true,"href":"https:\/\/www.europesays.com\/pt\/wp-json\/wp\/v2\/media\/145298"}],"wp:attachment":[{"href":"https:\/\/www.europesays.com\/pt\/wp-json\/wp\/v2\/media?parent=145297"}],"wp:term":[{"taxonomy":"category","embeddable":true,"href":"https:\/\/www.europesays.com\/pt\/wp-json\/wp\/v2\/categories?post=145297"},{"taxonomy":"post_tag","embeddable":true,"href":"https:\/\/www.europesays.com\/pt\/wp-json\/wp\/v2\/tags?post=145297"}],"curies":[{"name":"wp","href":"https:\/\/api.w.org\/{rel}","templated":true}]}}