{"id":145313,"date":"2025-11-09T13:08:07","date_gmt":"2025-11-09T13:08:07","guid":{"rendered":"https:\/\/www.europesays.com\/pt\/145313\/"},"modified":"2025-11-09T13:08:07","modified_gmt":"2025-11-09T13:08:07","slug":"manteigas-recusa-convite-de-rui-costa-tribuna-gosto-de-estar-na-porta-10-piso-0-maisfutebol","status":"publish","type":"post","link":"https:\/\/www.europesays.com\/pt\/145313\/","title":{"rendered":"Manteigas recusa convite de Rui Costa: \u00abTribuna? Gosto de estar na porta 10, piso 0\u00bb &#8211; Maisfutebol"},"content":{"rendered":"<ol>\n<li><a href=\"https:\/\/news.google.com\/rss\/articles\/CBMi1AFBVV95cUxOX1N3b1hzOUM0cWl1VGJYcHQtNEtxUUdIMmlUUjgyN0U3T0FyaXA4WENocUlCSWdiX0JEVUNIRERBbEZHbkxMakVVVUEzTWFQR0VkX1JFLUZwS1QwMjBOYjNkTGw2Y1dMUnNvNWwweTlkc01CYXNuYkM1dUF5TjlLUzliT1RBTFR3RXhwX1FOcjI3SEFNcVhOYkxFVUl5ZER2dlVaSDBfR29BVlZHWVUxWGlpVy1qTlpDRnUweUQtRkdpdnpFUVZPYVZSanF1Q0UtelFtRg?oc=5\" target=\"_blank\" rel=\"nofollow noopener\">Manteigas recusa convite de Rui Costa: \u00abTribuna? Gosto de estar na porta 10, piso 0\u00bb<\/a>&nbsp;&nbsp;Maisfutebol<\/li>\n<li><a href=\"https:\/\/news.google.com\/rss\/articles\/CBMisAFBVV95cUxOM3hBUE1UbjVkOXp0N2sxZG5leGRqX3d6eng5c0dGdU9FNVpXQmR2LS1CY21fajBNZHN6UDZnS1dqM2pPTk9MX0lKcFBxYnNmNDBPZzJyRmVJbVBRc3h0ZFJVZVBmLTZpSHREVlpiNUVpSUUyOXNmeDNYdllGX08teThERy1uZ0lnRjZBLXdUczYxOVQxWG50SzhfTXQwYWtDUzdodnBkcjhRanhGWVZ0Z9IBtgFBVV95cUxPcksxLU9BUk5zMEp5V2N1aFp6SW1sR2JsbngxX3VxVzNqSFhpa2RYelFYQ1k0WDVtZXViUE1rWnFuaFpub1Y5REN3WjlTYi1GdGR3SDl2UEZTTDdUYmwweVJZS2xDczR3UnNpRWc5YTJJSE9HVHk3M2pwNWJZTlpZYTBOTFZTVXh5MG5MOVJmTHZNZkNjYy0wOHhRQ3R5THktbGZyRzlHWjZZTExCekFtYzJ3V0g5Zw?oc=5\" target=\"_blank\" rel=\"nofollow noopener\">Manteigas: \u00abRecorde mundial? Eu quero \u00e9 ganhar ta\u00e7as e t\u00edtulos\u00bb<\/a>&nbsp;&nbsp;Maisfutebol<\/li>\n<li><a href=\"https:\/\/news.google.com\/rss\/articles\/CBMiwAFBVV95cUxNQVNQZ1F6bTZ0blNaS1RVSEl0X3RxeHVsY2l3c3dyUncyMkJRSWJ6UzNQTTlJUFBiMHZ3V2RuYkI4ME5IRTVheGdnVnJ6WmhDZFdmWEs2TmtXcFBmWFdISXY3ODg5YnRlS3c4T2puT191OVNtOHp0SnZqYWR3U3B2OHNtUXF5RDNPNVZ1N3RBOWdiYnZDTW1ySTc3WHRJUm50VkE2eVJKTDUwN3h1bzRFNkI3T1dfRUpoLXZ3bWxxdzc?oc=5\" target=\"_blank\" rel=\"nofollow noopener\">Manteigas e o convite de Rui Costa: \u00abGosto mais de estar na porta 10, piso 0\u00bb<\/a>&nbsp;&nbsp;A Bola<\/li>\n<li><a href=\"https:\/\/news.google.com\/rss\/articles\/CBMitgFBVV95cUxNcW9FTkp1MDJMWU9fOVJncmVEQ0FkM0NSVGtULTV5MFlyUldIQ05zby1zRGhVXzRrTTQ2OFV3MlY0dk1jYk56bU1SeDN0UTV4MFFLWEdPdF9hcWg1ZnBPeTFNZ2J5UHZqcGRULVVROHpjRmlLUlF4UHphWGJENXpEZFNQeUEyMlRDRVQwMFhwYi1mUVFZWjk2OUtfaEllLUVWa09mSzh3YmNIRGEwQXkzMFNRQWpUUQ?oc=5\" target=\"_blank\" rel=\"nofollow noopener\">Manteigas admite voto em Noronha Lopes por ser a mudan\u00e7a poss\u00edvel<\/a>&nbsp;&nbsp;Not\u00edcias ao Minuto<\/li>\n<li><a href=\"https:\/\/news.google.com\/rss\/articles\/CBMitgFBVV95cUxNQW91VmdOWTF6dzRYSW1JcVAydzd2MXZXTEdUUEFfZWJwakFhNzlNODZ3RGczeWVSR0hfR0hGOGRUdGdlUjR2aGpFM3o0SENGNDA0NUtBMVJHM0VHU2tHNHJ5a0ItYXdwTjJEQ3BWakpUcjdEYmViWWNnQnEzbE9ab045WEk0bXNCcXRRSEdXcElZRlBnVTNJc0pXMDNuYVRVQ0JDdVlhMVZyRXJWZ3dsd3E1QWt0UQ?oc=5\" target=\"_blank\" rel=\"nofollow noopener\">Manteigas &#8216;atira-se&#8217; a Villas-Boas: &#8220;N\u00e3o se tira a mentalidade Contumil&#8221;<\/a>&nbsp;&nbsp;SAPO<\/li>\n<\/ol>\n","protected":false},"excerpt":{"rendered":"Manteigas recusa convite de Rui Costa: \u00abTribuna? Gosto de estar na porta 10, piso 0\u00bb&nbsp;&nbsp;Maisfutebol Manteigas: \u00abRecorde mundial?&hellip;\n","protected":false},"author":2,"featured_media":145314,"comment_status":"","ping_status":"","sticky":false,"template":"","format":"standard","meta":{"footnotes":""},"categories":[87],"tags":[51,135,524,19680,46,32,33,47,6058,134],"class_list":{"0":"post-145313","1":"post","2":"type-post","3":"status-publish","4":"format-standard","5":"has-post-thumbnail","7":"category-desporto","8":"tag-benfica","9":"tag-desporto","10":"tag-futebol","11":"tag-joao-diogo-manteigas","12":"tag-maisfutebol","13":"tag-portugal","14":"tag-pt","15":"tag-pura-paixao","16":"tag-rui-costa","17":"tag-sports"},"share_on_mastodon":{"url":"https:\/\/pubeurope.com\/@pt\/115519901189192324","error":""},"_links":{"self":[{"href":"https:\/\/www.europesays.com\/pt\/wp-json\/wp\/v2\/posts\/145313","targetHints":{"allow":["GET"]}}],"collection":[{"href":"https:\/\/www.europesays.com\/pt\/wp-json\/wp\/v2\/posts"}],"about":[{"href":"https:\/\/www.europesays.com\/pt\/wp-json\/wp\/v2\/types\/post"}],"author":[{"embeddable":true,"href":"https:\/\/www.europesays.com\/pt\/wp-json\/wp\/v2\/users\/2"}],"replies":[{"embeddable":true,"href":"https:\/\/www.europesays.com\/pt\/wp-json\/wp\/v2\/comments?post=145313"}],"version-history":[{"count":0,"href":"https:\/\/www.europesays.com\/pt\/wp-json\/wp\/v2\/posts\/145313\/revisions"}],"wp:featuredmedia":[{"embeddable":true,"href":"https:\/\/www.europesays.com\/pt\/wp-json\/wp\/v2\/media\/145314"}],"wp:attachment":[{"href":"https:\/\/www.europesays.com\/pt\/wp-json\/wp\/v2\/media?parent=145313"}],"wp:term":[{"taxonomy":"category","embeddable":true,"href":"https:\/\/www.europesays.com\/pt\/wp-json\/wp\/v2\/categories?post=145313"},{"taxonomy":"post_tag","embeddable":true,"href":"https:\/\/www.europesays.com\/pt\/wp-json\/wp\/v2\/tags?post=145313"}],"curies":[{"name":"wp","href":"https:\/\/api.w.org\/{rel}","templated":true}]}}