{"id":145319,"date":"2025-11-09T13:12:32","date_gmt":"2025-11-09T13:12:32","guid":{"rendered":"https:\/\/www.europesays.com\/pt\/145319\/"},"modified":"2025-11-09T13:12:32","modified_gmt":"2025-11-09T13:12:32","slug":"iuc-em-fevereiro-serve-para-que-pessoas-nao-se-esquecam-de-pagar-2","status":"publish","type":"post","link":"https:\/\/www.europesays.com\/pt\/145319\/","title":{"rendered":"IUC em fevereiro? Serve para que pessoas &#8220;n\u00e3o se esque\u00e7am&#8221; de pagar"},"content":{"rendered":"<p>Durante uma audi\u00e7\u00e3o hoje no Parlamento no \u00e2mbito da aprecia\u00e7\u00e3o da proposta de lei do Or\u00e7amento do Estado para 2026 (OE2026), Joaquim Miranda Sarmento justificou a mudan\u00e7a proposta pelo executivo por ser uma medida de &#8220;simplifica\u00e7\u00e3o fiscal&#8221;.<\/p>\n<p>&#8220;Parece-nos que vai melhorar a forma de pagamento dos impostos, porque vai fazer com que as pessoas n\u00e3o se esque\u00e7am e [evitar que] paguem coimas&#8221;, justificou Miranda Sarmento.<\/p>\n<p>Atualmente, o IUC \u00e9 pago no m\u00eas da matr\u00edcula do ve\u00edculo.<\/p>\n<p>A mudan\u00e7a para uma data fixa \u00e9 uma das 30 medidas da &#8220;agenda para a simplifica\u00e7\u00e3o fiscal&#8221; que o primeiro Governo de Lu\u00eds Montenegro apresentou em janeiro de 2025.<\/p>\n<p>Na altura, Joaquim Miranda Sarmento j\u00e1 tinha justificado a altera\u00e7\u00e3o com o facto de &#8220;muitas pessoas&#8221; se esquecerem de &#8220;qual \u00e9 o m\u00eas em que compraram carro&#8221;, acabando por pagar fora de prazo e ter de pagar coimas.<\/p>\n<p>Hoje no Parlamento, lembrou que o Governo ir\u00e1 propor \u00e0 Assembleia da Rep\u00fablica que &#8220;o pagamento seja feito em fevereiro&#8221; se o montante n\u00e3o for superior a 100 euros, ou que o valor seja &#8220;fracionado entre fevereiro e outubro&#8221; caso o total a pagar ao Estado seja superior.<\/p>\n<p>&#8220;A assembleia decidir\u00e1 se quer, ou n\u00e3o, fazer essa altera\u00e7\u00e3o&#8221;, disse, numa alus\u00e3o ao facto de as regras de tributa\u00e7\u00e3o, como \u00e9 o caso, serem uma prerrogativa dos deputados.<\/p>\n<p>                                                    <img decoding=\"async\" src=\"https:\/\/www.europesays.com\/pt\/wp-content\/uploads\/2025\/11\/naom_690da5f03378c.jpg\" border=\"0\" alt=\"Explicador. Tudo o que vai mudar no IUC no pr\u00f3ximo ano em tr\u00eas pontos\"\/><\/p>\n<p>Se \u00e9 propriet\u00e1rio de um autom\u00f3vel e est\u00e1 habituado a pagar o Imposto \u00danico de Circula\u00e7\u00e3o no m\u00eas de anivers\u00e1rio do carro, saiba que a partir de 2026 o calend\u00e1rio para o pagamento deste imposto vai mudar<\/p>\n<p>                                                     Beatriz Vasconcelos | 07:59 &#8211; 07\/11\/2025 <\/p>\n<p>Em resposta a perguntas da bancada do Chega, Joaquim Miranda Sarmento rejeitou existir qualquer medida para aumentar o IUC para carros anteriores a 2007 e explicou que a \u00fanica mudan\u00e7a que o executivo pretende fazer passa por esta altera\u00e7\u00e3o relativamente ao momento em que os propriet\u00e1rios dos autom\u00f3veis pagam o tributo.<\/p>\n<p>Miranda Sarmento insistiu que n\u00e3o h\u00e1 no OE2026, nem em qualquer outra iniciativa, uma proposta para agravar o IUC.<\/p>\n<p>Leia Tamb\u00e9m: <a href=\"https:\/\/www.noticiasaominuto.com\/economia\/2884750\/fim-de-portagens-ministro-opoe-se-utilizador-pagador-deve-ser-seguido\" target=\"_blank\" rel=\"noopener noreferrer nofollow\">Fim de portagens? Ministro op\u00f5e-se: &#8220;Utilizador-pagador deve ser seguido&#8221;<\/a><\/p>\n","protected":false},"excerpt":{"rendered":"Durante uma audi\u00e7\u00e3o hoje no Parlamento no \u00e2mbito da aprecia\u00e7\u00e3o da proposta de lei do Or\u00e7amento do Estado&hellip;\n","protected":false},"author":2,"featured_media":145320,"comment_status":"","ping_status":"","sticky":false,"template":"","format":"standard","meta":{"footnotes":""},"categories":[83],"tags":[88,89,90,32,33],"class_list":{"0":"post-145319","1":"post","2":"type-post","3":"status-publish","4":"format-standard","5":"has-post-thumbnail","7":"category-empresas","8":"tag-business","9":"tag-economy","10":"tag-empresas","11":"tag-portugal","12":"tag-pt"},"share_on_mastodon":{"url":"https:\/\/pubeurope.com\/@pt\/115519917004330993","error":""},"_links":{"self":[{"href":"https:\/\/www.europesays.com\/pt\/wp-json\/wp\/v2\/posts\/145319","targetHints":{"allow":["GET"]}}],"collection":[{"href":"https:\/\/www.europesays.com\/pt\/wp-json\/wp\/v2\/posts"}],"about":[{"href":"https:\/\/www.europesays.com\/pt\/wp-json\/wp\/v2\/types\/post"}],"author":[{"embeddable":true,"href":"https:\/\/www.europesays.com\/pt\/wp-json\/wp\/v2\/users\/2"}],"replies":[{"embeddable":true,"href":"https:\/\/www.europesays.com\/pt\/wp-json\/wp\/v2\/comments?post=145319"}],"version-history":[{"count":0,"href":"https:\/\/www.europesays.com\/pt\/wp-json\/wp\/v2\/posts\/145319\/revisions"}],"wp:featuredmedia":[{"embeddable":true,"href":"https:\/\/www.europesays.com\/pt\/wp-json\/wp\/v2\/media\/145320"}],"wp:attachment":[{"href":"https:\/\/www.europesays.com\/pt\/wp-json\/wp\/v2\/media?parent=145319"}],"wp:term":[{"taxonomy":"category","embeddable":true,"href":"https:\/\/www.europesays.com\/pt\/wp-json\/wp\/v2\/categories?post=145319"},{"taxonomy":"post_tag","embeddable":true,"href":"https:\/\/www.europesays.com\/pt\/wp-json\/wp\/v2\/tags?post=145319"}],"curies":[{"name":"wp","href":"https:\/\/api.w.org\/{rel}","templated":true}]}}