{"id":145385,"date":"2025-11-09T14:12:25","date_gmt":"2025-11-09T14:12:25","guid":{"rendered":"https:\/\/www.europesays.com\/pt\/145385\/"},"modified":"2025-11-09T14:12:25","modified_gmt":"2025-11-09T14:12:25","slug":"pais-que-venderam-a-filha-de-14-anos-por-5-000-euros-e-whisky-detidos-em-navarra","status":"publish","type":"post","link":"https:\/\/www.europesays.com\/pt\/145385\/","title":{"rendered":"Pais que venderam a filha de 14 anos por 5.000 euros e whisky detidos em Navarra"},"content":{"rendered":"<p>\n                    Publicado a                 08\/11\/2025 &#8211; 12:20 GMT+1<br \/>\n                \u2022\u00daltimas not\u00edcias<br \/>\n                                     12:20\n                                        <\/p>\n<p>Tudo come\u00e7ou quando <strong>o Tribunal de Menores de Navarra notificou a rapariga de 14 anos<\/strong> por roubo e outros crimes, mas ela nunca apareceu. A Guardia Civil iniciou uma busca na sua cidade natal, na regi\u00e3o de Ribera, em Navarra, com cerca de 8.000 habitantes. Quando se deslocaram \u00e0 casa da fam\u00edlia, <strong>os pais afirmaram que ela tinha ido para Fran\u00e7a ou para a B\u00e9lgica<\/strong>, prometendo que a iriam contactar.<\/p>\n<p>A Pol\u00edcia Judici\u00e1ria espanhola n\u00e3o ficou satisfeita com esta vers\u00e3o dos factos e <strong>ativou um alerta em todo o espa\u00e7o Schengen<\/strong>. Meses mais tarde, em outubro, o alerta foi bem-sucedido: um cidad\u00e3o observou a menor a pedir esmola em frente a um supermercado em Les Borges Blanques, Lleida.<\/p>\n<p>O homem, surpreendido, deu-lhe um pacote de bolachas e viu como <strong>a rapariga tentava troc\u00e1-lo por dinheiro no interior do estabelecimento<\/strong>. Alertou imediatamente os Mossos d&#8217;Esquadra, que coordenaram-se com a Guarda Civil de Navarra e transferiram a menor para um centro de prote\u00e7\u00e3o.<\/p>\n<p>A venda: 5.000 euros, whisky e uma vida destro\u00e7ada<\/p>\n<p>A investiga\u00e7\u00e3o da Equipa de Mulheres-Menores (EMUME) da Guardia Civil, iniciada ap\u00f3s uma queixa dos Servi\u00e7os Sociais, revelou uma realidade arrepiante. <strong>Os pais da v\u00edtima, ambos de 35 anos e pertencentes \u00e0 comunidade cigana, venderam a filha, em janeiro,<\/strong> a um casal de L\u00e9rida para que esta casasse com o filho de 20 anos.<\/p>\n<p><strong>O pre\u00e7o acordado foi de 5.000 euros, incluindo cinco garrafas de whisky e alguns g\u00e9neros aliment\u00edcios b\u00e1sicos<\/strong>. Uma vez na Catalunha, a menor viveu no quarto do alegado marido e <strong>foi obrigada a mendigar para pagar a d\u00edvida<\/strong> contra\u00edda para a sua compra.<\/p>\n<p>A rapariga, que nunca tinha frequentado a escola, bem como os seus dois irm\u00e3os mais novos, de nove e dez anos, resistiram quando os agentes tentaram resgat\u00e1-la, o que demonstra o n\u00edvel de controlo a que estava sujeita.<\/p>\n<p>Cinco detidos por tr\u00e1fico de seres humanos<\/p>\n<p>A opera\u00e7\u00e3o culminou em <strong>cinco deten\u00e7\u00f5es<\/strong>. Em Navarra, os pais da menor foram detidos e colocados \u00e0 disposi\u00e7\u00e3o do Tribunal de Tudela. Em Lleida, os Mossos d&#8217;Esquadra <strong>detiveram tr\u00eas pessoas:<\/strong> dois homens de 40 e 20 anos (pai e filho) e uma mulher de 42 anos, todos implicados na compra e transfer\u00eancia da rapariga.<\/p>\n<p><strong>Os cinco detidos s\u00e3o acusados de crimes<\/strong> de tr\u00e1fico de seres humanos <strong>para fins de casamento for\u00e7ado e de explora\u00e7\u00e3o de menores<\/strong>. A menor encontra-se atualmente num centro de prote\u00e7\u00e3o especializado, onde recebe assist\u00eancia psicol\u00f3gica e social, enquanto os seus dois irm\u00e3os mais novos, tamb\u00e9m fora da escola, continuam a residir em Ribera de Navarra sob a supervis\u00e3o das autoridades.<\/p>\n","protected":false},"excerpt":{"rendered":"Publicado a 08\/11\/2025 &#8211; 12:20 GMT+1 \u2022\u00daltimas not\u00edcias 12:20 Tudo come\u00e7ou quando o Tribunal de Menores de Navarra&hellip;\n","protected":false},"author":2,"featured_media":145386,"comment_status":"","ping_status":"","sticky":false,"template":"","format":"standard","meta":{"footnotes":""},"categories":[50],"tags":[27,28,9198,640,15,16,14,25,26,21,22,62,12,13,19,20,1086,23,24,17,18,29,30,31,63,64,65],"class_list":{"0":"post-145385","1":"post","2":"type-post","3":"status-publish","4":"format-standard","5":"has-post-thumbnail","7":"category-mundo","8":"tag-breaking-news","9":"tag-breakingnews","10":"tag-desaparecidos","11":"tag-espanha","12":"tag-featured-news","13":"tag-featurednews","14":"tag-headlines","15":"tag-latest-news","16":"tag-latestnews","17":"tag-main-news","18":"tag-mainnews","19":"tag-mundo","20":"tag-news","21":"tag-noticias","22":"tag-noticias-principais","23":"tag-noticiasprincipais","24":"tag-policia","25":"tag-principais-noticias","26":"tag-principaisnoticias","27":"tag-top-stories","28":"tag-topstories","29":"tag-ultimas","30":"tag-ultimas-noticias","31":"tag-ultimasnoticias","32":"tag-world","33":"tag-world-news","34":"tag-worldnews"},"share_on_mastodon":{"url":"https:\/\/pubeurope.com\/@pt\/115520152836708157","error":""},"_links":{"self":[{"href":"https:\/\/www.europesays.com\/pt\/wp-json\/wp\/v2\/posts\/145385","targetHints":{"allow":["GET"]}}],"collection":[{"href":"https:\/\/www.europesays.com\/pt\/wp-json\/wp\/v2\/posts"}],"about":[{"href":"https:\/\/www.europesays.com\/pt\/wp-json\/wp\/v2\/types\/post"}],"author":[{"embeddable":true,"href":"https:\/\/www.europesays.com\/pt\/wp-json\/wp\/v2\/users\/2"}],"replies":[{"embeddable":true,"href":"https:\/\/www.europesays.com\/pt\/wp-json\/wp\/v2\/comments?post=145385"}],"version-history":[{"count":0,"href":"https:\/\/www.europesays.com\/pt\/wp-json\/wp\/v2\/posts\/145385\/revisions"}],"wp:featuredmedia":[{"embeddable":true,"href":"https:\/\/www.europesays.com\/pt\/wp-json\/wp\/v2\/media\/145386"}],"wp:attachment":[{"href":"https:\/\/www.europesays.com\/pt\/wp-json\/wp\/v2\/media?parent=145385"}],"wp:term":[{"taxonomy":"category","embeddable":true,"href":"https:\/\/www.europesays.com\/pt\/wp-json\/wp\/v2\/categories?post=145385"},{"taxonomy":"post_tag","embeddable":true,"href":"https:\/\/www.europesays.com\/pt\/wp-json\/wp\/v2\/tags?post=145385"}],"curies":[{"name":"wp","href":"https:\/\/api.w.org\/{rel}","templated":true}]}}