{"id":145389,"date":"2025-11-09T14:15:18","date_gmt":"2025-11-09T14:15:18","guid":{"rendered":"https:\/\/www.europesays.com\/pt\/145389\/"},"modified":"2025-11-09T14:15:18","modified_gmt":"2025-11-09T14:15:18","slug":"filho-de-nathalia-valente-e-yuri-meirelles-esbanja-fofura-em-comemoracao-do-mesversario","status":"publish","type":"post","link":"https:\/\/www.europesays.com\/pt\/145389\/","title":{"rendered":"Filho de Nathalia Valente e Yuri Meirelles esbanja fofura em comemora\u00e7\u00e3o do mesvers\u00e1rio"},"content":{"rendered":"<p><a href=\"https:\/\/caras.com.br\/tags\/nathalia-valente\" target=\"_blank\" rel=\"noopener nofollow\"><strong>Nathalia Valente<\/strong><\/a> encheu as redes sociais de fofura ao compartilhar fotos in\u00e9ditas do filho, <strong>Thales<\/strong>. O menino, fruto de seu relacionamento com <a href=\"https:\/\/caras.com.br\/tags\/yuri-meirelles\" target=\"_blank\" rel=\"noopener nofollow\"><strong>Yuri Meirelles<\/strong><\/a>, completou mais um m\u00eas de vida neste s\u00e1bado, 8.<\/p>\n<p>Para o segundo m\u00eas do herdeiro, os papais realizaram uma festa intimista com o tema \u2018Patinho\u2019. Al\u00e9m do bolo personalizado, o pequeno surgiu esbanjando estilo ao surgir usando um macac\u00e3o com v\u00e1rios patinhos estampados.<\/p>\n<p>O casal, que se conheceu durante o reality show A Fazenda 15, da Record TV, posaram deitados com Thales, al\u00e9m disso, Nathalia postou v\u00e1rios cliques encantadores apenas do herdeiro. Ao postar as imagens no feed, a mam\u00e3e coruja falou sobre a fase que est\u00e3o vivendo.\u00a0<\/p>\n<p>\u201c2 meses do nosso mini homenzinho. Foram 2 meses de muito aprendizado e amor, o papai e a mam\u00e3e est\u00e3o cada vez mais unidos para aprender e te amar com cada pedacinho nosso. (saudades de dormir)\u201d, escreveu ela. Yuri tamb\u00e9m deixou um recado nos coment\u00e1rios.\u00a0\u201cAmores da minha vida!! Que Deus aben\u00e7oe cada vez mais a nossa fam\u00edlia, meu amor\u201d, falou o papai.<\/p>\n<p><strong>Confira:<\/strong><\/p>\n<blockquote class=\"instagram-media\" style=\"background: #FFF; border: 0; border-radius: 3px; box-shadow: 0 0 1px 0 rgba(0,0,0,0.5),0 1px 10px 0 rgba(0,0,0,0.15); margin: 1px; max-width: 540px; min-width: 326px; padding: 0; width: calc(100% - 2px);\" data-instgrm-permalink=\"https:\/\/www.instagram.com\/p\/DQzcsyvDmTV\/?utm_source=ig_embed&amp;utm_campaign=loading\" data-instgrm-version=\"14\"><\/blockquote>\n<p>Em agosto, antes do nascimento do primeiro filho,\u00a0Nathalia Valente e Yuri Meirelles se casaram no civil. A influenciadora digital mostrou os registros da cerim\u00f4nia e celebrou:\u00a0\u201cOficialmente casados, nossa fam\u00edlia Valente Meirelles\u201d, escreveu ela na legenda.<\/p>\n<p>Yuri tamb\u00e9m postou um v\u00eddeo e se declarou. \u201cAgora ela fica tranquila, n\u00e9 poss\u00edvel. Estamos casados no civil, gra\u00e7as a Deus! Nossa fam\u00edlia Valente Meirelles nasceu oficialmente hoje no dia 23\/08\/2025. Que nossa uni\u00e3o transborde respeito, amor, felicidade, fidelidade e tudo que \u00e9 de bom nessa vida. Que o nosso amor seja eterno @nathaliavalente eu te amo. Logo, logo o nosso primog\u00eanito Thales Valente Meirelles vai nascer e que ele venha com muita sa\u00fade, pois todo o amor do mundo ele com certeza vai receber\u201d, disse ele.\u00a0<strong><a href=\"https:\/\/caras.com.br\/atualidades\/espera-do-primeiro-filho-nathalia-valente-oficializa-uniao-com-yuri-meirelles.phtml\" target=\"_blank\" rel=\"noopener nofollow\">Veja!<\/a><\/strong><\/p>\n<p><strong>Leia tamb\u00e9m:<\/strong> <a href=\"https:\/\/caras.com.br\/bebe\/gravida-nathalia-valente-encanta-ao-mostrar-os-detalhes-do-quarto-de-seu-filho.phtml\" target=\"_blank\" rel=\"noopener nofollow\">Gr\u00e1vida, Nathalia Valente encanta ao mostrar os detalhes do quarto de seu filho<\/a><\/p>\n<p>        <a href=\"https:\/\/caras.com.br\/autor\/daniela-santos\" rel=\"nofollow noopener\" target=\"_blank\">&#13;<br \/>\n          <img loading=\"lazy\" decoding=\"async\" alt=\"Daniela Santos\" src=\"https:\/\/www.europesays.com\/pt\/wp-content\/uploads\/2025\/09\/1758949148_187_daniela-santos_sqmd.jpg\" class=\"avatar avatar-115 photo rounded-circle\" height=\"115\" width=\"115\"\/>        <\/a><\/p>\n<p><b>Daniela Santos<\/b> \u00e9 rep\u00f3rter do site CARAS. Formada em jornalismo pela FIAM FAAM, atua na \u00e1rea de celebridades e TV desde 2018<\/p>\n<p>\t                                            <script async src=\"\/\/www.instagram.com\/embed.js\"><\/script><\/p>\n","protected":false},"excerpt":{"rendered":"Nathalia Valente encheu as redes sociais de fofura ao compartilhar fotos in\u00e9ditas do filho, Thales. O menino, fruto&hellip;\n","protected":false},"author":2,"featured_media":145390,"comment_status":"","ping_status":"","sticky":false,"template":"","format":"standard","meta":{"footnotes":""},"categories":[145],"tags":[211,210,9022,114,115,31893,7145,22312,32,33,22314,22315],"class_list":{"0":"post-145389","1":"post","2":"type-post","3":"status-publish","4":"format-standard","5":"has-post-thumbnail","7":"category-celebridades","8":"tag-celebridades","9":"tag-celebrities","10":"tag-comemoracao","11":"tag-entertainment","12":"tag-entretenimento","13":"tag-festa-intimista","14":"tag-mesversario","15":"tag-nathalia-valente","16":"tag-portugal","17":"tag-pt","18":"tag-thales","19":"tag-yuri-meirelles"},"share_on_mastodon":{"url":"https:\/\/pubeurope.com\/@pt\/115520164690688204","error":""},"_links":{"self":[{"href":"https:\/\/www.europesays.com\/pt\/wp-json\/wp\/v2\/posts\/145389","targetHints":{"allow":["GET"]}}],"collection":[{"href":"https:\/\/www.europesays.com\/pt\/wp-json\/wp\/v2\/posts"}],"about":[{"href":"https:\/\/www.europesays.com\/pt\/wp-json\/wp\/v2\/types\/post"}],"author":[{"embeddable":true,"href":"https:\/\/www.europesays.com\/pt\/wp-json\/wp\/v2\/users\/2"}],"replies":[{"embeddable":true,"href":"https:\/\/www.europesays.com\/pt\/wp-json\/wp\/v2\/comments?post=145389"}],"version-history":[{"count":0,"href":"https:\/\/www.europesays.com\/pt\/wp-json\/wp\/v2\/posts\/145389\/revisions"}],"wp:featuredmedia":[{"embeddable":true,"href":"https:\/\/www.europesays.com\/pt\/wp-json\/wp\/v2\/media\/145390"}],"wp:attachment":[{"href":"https:\/\/www.europesays.com\/pt\/wp-json\/wp\/v2\/media?parent=145389"}],"wp:term":[{"taxonomy":"category","embeddable":true,"href":"https:\/\/www.europesays.com\/pt\/wp-json\/wp\/v2\/categories?post=145389"},{"taxonomy":"post_tag","embeddable":true,"href":"https:\/\/www.europesays.com\/pt\/wp-json\/wp\/v2\/tags?post=145389"}],"curies":[{"name":"wp","href":"https:\/\/api.w.org\/{rel}","templated":true}]}}