{"id":145401,"date":"2025-11-09T14:26:08","date_gmt":"2025-11-09T14:26:08","guid":{"rendered":"https:\/\/www.europesays.com\/pt\/145401\/"},"modified":"2025-11-09T14:26:08","modified_gmt":"2025-11-09T14:26:08","slug":"gouveia-e-melo-diz-que-tentativa-de-marcelo-para-o-travar-levou-o-a-candidatar-se-presidenciais-2026","status":"publish","type":"post","link":"https:\/\/www.europesays.com\/pt\/145401\/","title":{"rendered":"Gouveia e Melo diz que tentativa de Marcelo para o travar levou-o a candidatar-se | Presidenciais 2026"},"content":{"rendered":"<p>Henrique <a href=\"https:\/\/www.publico.pt\/gouveia-melo\" rel=\"nofollow noopener\" target=\"_blank\">Gouveia e Melo<\/a> revela que s\u00f3 decidiu avan\u00e7ar para Bel\u00e9m quando leu uma not\u00edcia no Expresso de que Marcelo Rebelo de Sousa pretendia travar a sua candidatura presidencial atrav\u00e9s da sua recondu\u00e7\u00e3o como chefe da Armada.<\/p>\n<p>&#8220;Foi esse artigo que me fez definir o rumo. Porque quando o li, fiquei mesmo danado&#8221;, afirma o ex-chefe do Estado-Maior da Armada, no livro &#8220;Gouveia e Melo &#8211; As Raz\u00f5es&#8221;, &#8211; uma longa entrevista conduzida pela jornalista e directora-adjunta do Di\u00e1rio de Not\u00edcias, Valentina Marcelino -, que ser\u00e1 posto \u00e0 venda na pr\u00f3xima quinta-feira e lan\u00e7ado no dia 24, com a chancela da Porto Editora.<\/p>\n<p>O artigo do Expresso, da autoria do jornalista V\u00edtor Matos, divulgado em Outubro de 2024, indicava que Marcelo pretendia reconduzir Gouveia e Melo como chefe do Estado-Maior da Armada para evitar a sua candidatura presidencial, mas este s\u00f3 aceitava se houvesse um investimento significativo na for\u00e7a naval, chegando-se mesmo a referir a compra de mais submarinos.<\/p>\n<p>Gouveia e Melo, que j\u00e1 se havia referido a uma tentativa para travar a sua candidatura a Bel\u00e9m atrav\u00e9s da sua promo\u00e7\u00e3o a chefe m\u00e1ximo das For\u00e7as Armadas, sem indicar nomes nem datas, aponta desta vez o dedo ao Presidente da Rep\u00fablica e ao Governo.<\/p>\n<p>&#8220;De facto o Governo &#8211; e tamb\u00e9m o senhor Presidente da Rep\u00fablica &#8211; n\u00e3o pareciam interessados em nada da defesa, para al\u00e9m de fazerem umas correc\u00e7\u00f5es nos ordenados dos militares. Assim, deduzi que o que pretendiam era que eu ficasse amarrado \u00e0 Marinha com o eventual &#8216;pr\u00e9mio&#8217; de, no fim, poder ser CEMGFA e atingir o topo da carreira militar. Pensaram, especulo eu, que ficaria muito contente por me darem a oportunidade&#8221;, desabafa.<\/p>\n<p>O almirante que chefiou a Marinha e o processo de vacina\u00e7\u00e3o contra a Covid-19 deixa a ideia de que a estrat\u00e9gia do que pretendiam travar a sua candidatura saiu completamente furada: &#8220;Essas pessoas verdadeiramente n\u00e3o me conheciam&#8230; essa \u00e9 a \u00fanica coisa que eu nunca faria: ser pr\u00edncipe s\u00f3 para cortar fitas&#8221;.<\/p>\n<p>&#8220;Ora, queriam dar-me import\u00e2ncia sem me darem poder para fazer nada. Muito obrigado. Foi a\u00ed que decidi: vou entrar no campo das verdadeiras decis\u00f5es, a pol\u00edtica&#8221;, assegura.<\/p>\n<p>Henrique Gouveia e Melo n\u00e3o poupa cr\u00edticas ao poder pol\u00edtico, como a exist\u00eancia de &#8220;um certo autismo aos ventos de mudan\u00e7a e um alheamento perigoso do que se aproximava&#8221;, dando o exemplo da cena internacional e da poss\u00edvel reelei\u00e7\u00e3o de Donald Trump como Presidente dos Estados Unidos.<\/p>\n<p>&#8220;Pensei, &#8216;se os senhores n\u00e3o est\u00e3o sequer preocupados, ficar n\u00e3o faz sentido, o meu contributo s\u00f3 poder\u00e1 ser \u00fatil c\u00e1 fora, precisamente no meio pol\u00edtico'&#8221;, assume.<\/p>\n<p>No livro, de 236 p\u00e1ginas, Gouveia e Melo acusa Marcelo Rebelo de Sousa de ter feito uma &#8220;coisa muito incomodativa&#8221; quando se colocou a quest\u00e3o da sucess\u00e3o do almirante Mendes Calado como chefe da Marinha, em 2021, e ter\u00e1 dito que &#8220;n\u00e3o era necess\u00e1rio que o almirante Gouveia e Melo empurrasse o almirante Mendes Calado&#8221;.<\/p>\n<p>&#8220;Essa frase foi verdadeiramente assassina&#8221;, sustenta o agora candidato a Bel\u00e9m, afirmando que n\u00e3o empurrou ningu\u00e9m e que Marcelo o veio a reconhecer posteriormente. S\u00f3 que, como essas declara\u00e7\u00f5es e tamb\u00e9m pelo facto de Mendes Calado estar &#8220;zangado com o Governo&#8221; de ent\u00e3o, tudo &#8220;se conjugou para criar um ambiente dif\u00edcil, de cortar \u00e1 faca&#8221;.<\/p>\n<p>Sobre as presidenciais de 18 de Janeiro, Henrique Gouveia e Melo afirma que o seu &#8220;principal advers\u00e1rio&#8221; n\u00e3o est\u00e1 nas elei\u00e7\u00f5es, mas no &#8220;preconceito travestido de democracia&#8221;.<\/p>\n<p>Quanto \u00e0 cr\u00edtica de Lu\u00eds Marques Mendes, de que a elei\u00e7\u00e3o de Gouveia e Melo poderia ser &#8220;um risco enorme, at\u00e9 um perigo para a democracia&#8221;, o almirante responde apenas: &#8220;Senti que o candidato Lu\u00eds Marques Mendes tinha ensandecido por momentos&#8230;&#8221;.<\/p>\n","protected":false},"excerpt":{"rendered":"Henrique Gouveia e Melo revela que s\u00f3 decidiu avan\u00e7ar para Bel\u00e9m quando leu uma not\u00edcia no Expresso de&hellip;\n","protected":false},"author":2,"featured_media":145402,"comment_status":"","ping_status":"","sticky":false,"template":"","format":"standard","meta":{"footnotes":""},"categories":[50],"tags":[27,28,15,16,6293,9498,14,25,26,21,22,588,62,12,13,19,20,52,1076,23,24,17,18,29,30,31,63,64,65],"class_list":{"0":"post-145401","1":"post","2":"type-post","3":"status-publish","4":"format-standard","5":"has-post-thumbnail","7":"category-mundo","8":"tag-breaking-news","9":"tag-breakingnews","10":"tag-featured-news","11":"tag-featurednews","12":"tag-forcas-armadas","13":"tag-gouveia-e-melo","14":"tag-headlines","15":"tag-latest-news","16":"tag-latestnews","17":"tag-main-news","18":"tag-mainnews","19":"tag-marcelo-rebelo-de-sousa","20":"tag-mundo","21":"tag-news","22":"tag-noticias","23":"tag-noticias-principais","24":"tag-noticiasprincipais","25":"tag-politica","26":"tag-presidenciais-2026","27":"tag-principais-noticias","28":"tag-principaisnoticias","29":"tag-top-stories","30":"tag-topstories","31":"tag-ultimas","32":"tag-ultimas-noticias","33":"tag-ultimasnoticias","34":"tag-world","35":"tag-world-news","36":"tag-worldnews"},"share_on_mastodon":{"url":"","error":"Validation failed: Text character limit of 500 exceeded"},"_links":{"self":[{"href":"https:\/\/www.europesays.com\/pt\/wp-json\/wp\/v2\/posts\/145401","targetHints":{"allow":["GET"]}}],"collection":[{"href":"https:\/\/www.europesays.com\/pt\/wp-json\/wp\/v2\/posts"}],"about":[{"href":"https:\/\/www.europesays.com\/pt\/wp-json\/wp\/v2\/types\/post"}],"author":[{"embeddable":true,"href":"https:\/\/www.europesays.com\/pt\/wp-json\/wp\/v2\/users\/2"}],"replies":[{"embeddable":true,"href":"https:\/\/www.europesays.com\/pt\/wp-json\/wp\/v2\/comments?post=145401"}],"version-history":[{"count":0,"href":"https:\/\/www.europesays.com\/pt\/wp-json\/wp\/v2\/posts\/145401\/revisions"}],"wp:featuredmedia":[{"embeddable":true,"href":"https:\/\/www.europesays.com\/pt\/wp-json\/wp\/v2\/media\/145402"}],"wp:attachment":[{"href":"https:\/\/www.europesays.com\/pt\/wp-json\/wp\/v2\/media?parent=145401"}],"wp:term":[{"taxonomy":"category","embeddable":true,"href":"https:\/\/www.europesays.com\/pt\/wp-json\/wp\/v2\/categories?post=145401"},{"taxonomy":"post_tag","embeddable":true,"href":"https:\/\/www.europesays.com\/pt\/wp-json\/wp\/v2\/tags?post=145401"}],"curies":[{"name":"wp","href":"https:\/\/api.w.org\/{rel}","templated":true}]}}