{"id":145416,"date":"2025-11-09T14:41:09","date_gmt":"2025-11-09T14:41:09","guid":{"rendered":"https:\/\/www.europesays.com\/pt\/145416\/"},"modified":"2025-11-09T14:41:09","modified_gmt":"2025-11-09T14:41:09","slug":"kate-e-george-lideram-eventos-do-dia-da-memoria-observador","status":"publish","type":"post","link":"https:\/\/www.europesays.com\/pt\/145416\/","title":{"rendered":"Kate e George lideram eventos do Dia da Mem\u00f3ria \u2013 Observador"},"content":{"rendered":"<p>Os sorrisos fizeram por distrair aten\u00e7\u00f5es do esc\u00e2ndalo do momento (cujas origens se perdem j\u00e1 no tempo). Sem surpresa, <a href=\"https:\/\/observador.pt\/2025\/10\/31\/o-caso-de-1917-a-perda-de-titulos-e-a-linha-de-sucessao-5-respostas-sobre-o-que-muda-para-andre-mountbatten-windsor\/\" rel=\"nofollow noopener\" target=\"_blank\">Andr\u00e9 manteve-se \u00e0 dist\u00e2ncia dos acontecimento<\/a>s no Royal Albert Hall, em Londres. Foi ali, este s\u00e1bado, que os principais membros ativos da fam\u00edlia real brit\u00e2nica comemoraram mais um Remembrance Day. Com <a href=\"https:\/\/observador.pt\/2025\/11\/05\/volei-em-copacabana-visita-ao-cristo-redentor-e-boteco-carioca-a-visita-do-principe-william-ao-rio-de-janeiro\/\" rel=\"nofollow noopener\" target=\"_blank\">o pr\u00edncipe William ausente<\/a>, depois de uma semana de viagem ao Brasil\u00a0para marcar o quinto anivers\u00e1rio de seu pr\u00e9mio ambiental, o\u00a0Earthshot, e participar na cimeira do COP30,\u00a0coube a <strong>George<\/strong>, de 12 anos, ocupar o lugar em destaque ao lado da m\u00e3e, a <strong>princesa de Gales<\/strong>.<\/p>\n<p>O Dia da Mem\u00f3ria \u00e9\u00a0uma data de homenagem a todos os que morreram a lutar pelo pa\u00eds.\u00a0Coincide oficialmente com o dia 11 mas na sua celebra\u00e7\u00e3o moderna assinala-se no segundo fim de semana de novembro, no Reino Unido e em todo o territ\u00f3rio da Commonwealth.<\/p>\n<p>Em 2025, a simb\u00f3lica <strong>papoila<\/strong> encarnada que ornamenta a lapela de Kate Middleton, presente na coroa de flores habitualmente depositada no Cenot\u00e1fio, foi feita em seda por Izzy Ager da Lock &amp; Co., que segundo o The Sun se \u00a0licenciou recentemente do\u00a0The Royal School of Needlework, uma institui\u00e7\u00e3o que ensina a arte do bordado \u00e0 m\u00e3o desde 1872, fixada no\u00a0Hampton Court Palace desde 1987.<\/p>\n<p>        <img src=\"https:\/\/www.europesays.com\/pt\/wp-content\/uploads\/2025\/11\/gettyimages-2245166684-scaled.jpg\" alt=\"GettyImages-2245166684\" loading=\"lazy\" decoding=\"async\" class=\"\" onload=\"this.parentElement.classList.remove('spinner')\" onerror=\"this.parentElement.classList.remove('spinner')\" width=\"1440\" height=\"960\"\/>    <\/p>\n<p class=\"image-credits\">POOL\/AFP via Getty Images<\/p>\n<p class=\"wp-caption-text\">\u00a9 Getty Images<\/p>\n<p>Neste momento de homenagem aos militares da Legi\u00e3o Brit\u00e2nica, (num ano em que passam tamb\u00e9m oito d\u00e9cadas sobre o fim da II Grande Guerra)\u00a0a princesa de Gales e o filho mais velho juntaram-se ainda no camarote real ao Rei Carlos III, \u00e0 rainha Camilla, bem como ao pr\u00edncipe Eduardo e \u00e0 sua mulher, Sophie, duquesa de Edinburgo. Pelo conhecida sala de espet\u00e1culos em South Kensington passaram ainda os duques de Glouscester, Richard e\u00a0Birgitte, e ainda o primeiro-ministro\u00a0Keir Starmer e sua mulher, Victoria. Uma fanfarra de trompetistas recebeu o cortejo de membros s\u00e9niores da realeza quando chegaram ao Royal Albert Hall.<\/p>\n<p>No guarda-roupa, fiel ao tradicional tom escuro, aqui com uma vistosa gola branca,\u00a0Middleton regressou a uma marca regular: <strong>Alessandra Rich<\/strong>, numa vers\u00e3o midi, acetinada e com direito a peplum, com a silhueta acentuada pelo caracter\u00edstica cintura marcada. A etiqueta foi a eleita j\u00e1 este ano para o evento na Abadia de Westminster, que assinalou o anivers\u00e1rio da vit\u00f3ria aliada sobre a tropas nazis (<a href=\"https:\/\/observador.pt\/2025\/05\/08\/de-vestido-branco-e-chapeu-kate-midleton-e-camila-combinam-visuais-no-dia-da-vitoria\/\" rel=\"nofollow noopener\" target=\"_blank\">ent\u00e3o em modo polka dot<\/a>) e <a href=\"https:\/\/www.vogue.com\/article\/kate-middleton-back-to-school-dressing-alessandra-rich\" rel=\"nofollow noopener\" target=\"_blank\">em setembro (em xadrez)<\/a>, para assinalar o arranque do ano escolar. O modelo n\u00e3o deixou de suscitar compara\u00e7\u00f5es <a href=\"https:\/\/www.glamour.com\/story\/kate-middleton-channels-princess-diana-as-prince-george-makes-his-festival-of-remembrance-debut\" rel=\"nofollow noopener\" target=\"_blank\">com Diana, a princesa que em in\u00fameras ocasi\u00f5es brilhou com a riqueza das golas e colarinhos<\/a>, desde logo nessa visita \u00e0 25\u00aa edi\u00e7\u00e3o do London Film Festival, mas em <a href=\"https:\/\/uk.pinterest.com\/pin\/346847608823124206\/\" rel=\"nofollow noopener\" target=\"_blank\">muitos outros momentos<\/a>. Esteve elegant\u00edssima, como sempre, Catherine, incluindo pela gola pilgrim\u00a0\u2014 <a href=\"https:\/\/pt.pinterest.com\/saramalate\/batas-para-empregadas-dom\u00e9sticas\/\" rel=\"nofollow noopener\" target=\"_blank\">mas se tamb\u00e9m lhe veio \u00e0 cabe\u00e7a imagens como estas, n\u00e3o est\u00e1 sozinho<\/a>.<\/p>\n<p>De resto, em 2020, nesta mesma \u00e9poca, a ent\u00e3o duquesa de Cambridge\u00a0<a href=\"https:\/\/www.independent.co.uk\/life-style\/fashion\/kate-middleton-peter-pan-collar-blouse-ghost-buy-b1720892.html\" rel=\"nofollow noopener\" target=\"_blank\">tamb\u00e9m se destacou pelo detalhe da gola<\/a>, agora uma varia\u00e7\u00e3o Peter Pan, mais coquette, sa\u00edda do gui\u00e3o mais feminino dos anos 60.<\/p>\n<p>Nos acess\u00f3rios destaque ainda para os pumps de veludo Gianvitto Rossi, a\u00a0clutch\u00a0Mulberry, a cruz de diamantes ao peito, e a pregadeira em prata que presta homenagem \u00e0 identidade escocesa e ao navio HMS Glasglow, uma cria\u00e7\u00e3o por medida concebida pela James Porter &amp; Son. J\u00e1 os brincos, s\u00e3o uma joia que pertenceu \u00e0 rainha Isabel II, as conhecidas p\u00e9rolas Bahrain. Quanto a <strong>Camilla<\/strong>, confiou num look <strong>Anne Valentine<\/strong>, predilecta da consorte, que conjugou com joias Van Cleef.<\/p>\n<p>Segundo na linha de sucess\u00e3o ao trono, George tem vindo a acompanhar os pais de forma discreta em alguns compromissos p\u00fablicos, sendo esta uma estreia no festival Remembrance \u2014 e como \u00e9 seu apan\u00e1gio reciclando o cl\u00e1ssico\u00a0look de fato e gravata. Em maio \u00faltimo, juntou-se a um conjunto de veteranos no pal\u00e1cio de Buckingham, um ch\u00e1 que evocou o 80\u00ba anivers\u00e1rio do VE Day.<\/p>\n<p>        <img src=\"https:\/\/www.europesays.com\/pt\/wp-content\/uploads\/2025\/11\/gettyimages-2245809104.jpg\" alt=\"GettyImages-2245809104\" loading=\"lazy\" decoding=\"async\" class=\"\" onload=\"this.parentElement.classList.remove('spinner')\" onerror=\"this.parentElement.classList.remove('spinner')\" width=\"1440\" height=\"1072\"\/>    <\/p>\n<p class=\"image-credits\">Samir Hussein\/WireImage<\/p>\n<p class=\"wp-caption-text\">\u00a9 Getty Images<\/p>\n<p>J\u00e1 este domingo, e dando seguimento ao programa comemorativo, a partir de uma das varandas a rainha e a princesa de Gales dividiram aten\u00e7\u00f5es. Para este momento, Kate\u00a0surgiu com um casaco negro estruturado e chap\u00e9u assim\u00e9trico. A rematar a gola subida, o pormenor da renda, <a href=\"https:\/\/observador.pt\/programas\/do-avesso\/\" rel=\"nofollow noopener\" target=\"_blank\">num registo que segue a tend\u00eancia de incorporar refer\u00eancias hist\u00f3ricas no guarda-roupa atual.<\/a>Middleton recupera o<strong> jabot,<\/strong> na sua express\u00e3o francesa, um detalhe com folho, tipicamente feito de renda ou outro tecido, que acompanha uma blusa ou vestido, junto ao pesco\u00e7o. Originalmente associado ao vestu\u00e1rio masculina, tornou-se um acess\u00f3rio popular para as mulheres no final do s\u00e9culo 19, muitas vezes usado como um s\u00edmbolo de mod\u00e9stia.<\/p>\n<blockquote class=\"wp-embedded-content\" data-secret=\"FexqC2tuSN\">\n<p><a href=\"https:\/\/observador.pt\/programas\/do-avesso\/tem-medo-de-princesas-as-mascaras-entraram-no-guarda-roupa\/\" rel=\"nofollow noopener\" target=\"_blank\">Tem medo de princesas? As m\u00e1scaras entraram no guarda-roupa<\/a><\/p>\n<\/blockquote>\n<p>Carlos III liderou a na\u00e7\u00e3o nos dois minutos de sil\u00eancio previstos a partir das 11h00 no Cenot\u00e1fio.\u00a0O monarca juntou-se\u00a0a outros membros da realeza e l\u00edderes pol\u00edticos, incluindo o primeiro-ministro, na cerim\u00f3nia no centro de Londres.\u00a0Os servi\u00e7os tamb\u00e9m ter\u00e3o lugar em comunidades de todo o Reino Unido, incluindo em Edimburgo, Belfast e Cardiff. Cerca de 10.000 veteranos das for\u00e7as armadas participaram na marcha da Legi\u00e3o Real Brit\u00e2nica ao longo de Whitehall, ao lado de cerca de 20 veteranos da Segunda Guerra Mundial. Milhares de populares reuniram-se em redor dos\u00a0redor dos port\u00f5es de Downing Street. <strong>Veja as imagens na fotogaleria em cima.<\/strong><\/p>\n","protected":false},"excerpt":{"rendered":"Os sorrisos fizeram por distrair aten\u00e7\u00f5es do esc\u00e2ndalo do momento (cujas origens se perdem j\u00e1 no tempo). Sem&hellip;\n","protected":false},"author":2,"featured_media":145417,"comment_status":"","ping_status":"","sticky":false,"template":"","format":"standard","meta":{"footnotes":""},"categories":[85],"tags":[6516,211,114,115,10240,186,32,33],"class_list":{"0":"post-145416","1":"post","2":"type-post","3":"status-publish","4":"format-standard","5":"has-post-thumbnail","7":"category-entretenimento","8":"tag-casas-reais","9":"tag-celebridades","10":"tag-entertainment","11":"tag-entretenimento","12":"tag-famu00edlia-real-britu00e2nica","13":"tag-lifestyle","14":"tag-portugal","15":"tag-pt"},"share_on_mastodon":{"url":"https:\/\/pubeurope.com\/@pt\/115520267088127041","error":""},"_links":{"self":[{"href":"https:\/\/www.europesays.com\/pt\/wp-json\/wp\/v2\/posts\/145416","targetHints":{"allow":["GET"]}}],"collection":[{"href":"https:\/\/www.europesays.com\/pt\/wp-json\/wp\/v2\/posts"}],"about":[{"href":"https:\/\/www.europesays.com\/pt\/wp-json\/wp\/v2\/types\/post"}],"author":[{"embeddable":true,"href":"https:\/\/www.europesays.com\/pt\/wp-json\/wp\/v2\/users\/2"}],"replies":[{"embeddable":true,"href":"https:\/\/www.europesays.com\/pt\/wp-json\/wp\/v2\/comments?post=145416"}],"version-history":[{"count":0,"href":"https:\/\/www.europesays.com\/pt\/wp-json\/wp\/v2\/posts\/145416\/revisions"}],"wp:featuredmedia":[{"embeddable":true,"href":"https:\/\/www.europesays.com\/pt\/wp-json\/wp\/v2\/media\/145417"}],"wp:attachment":[{"href":"https:\/\/www.europesays.com\/pt\/wp-json\/wp\/v2\/media?parent=145416"}],"wp:term":[{"taxonomy":"category","embeddable":true,"href":"https:\/\/www.europesays.com\/pt\/wp-json\/wp\/v2\/categories?post=145416"},{"taxonomy":"post_tag","embeddable":true,"href":"https:\/\/www.europesays.com\/pt\/wp-json\/wp\/v2\/tags?post=145416"}],"curies":[{"name":"wp","href":"https:\/\/api.w.org\/{rel}","templated":true}]}}