{"id":145418,"date":"2025-11-09T14:42:16","date_gmt":"2025-11-09T14:42:16","guid":{"rendered":"https:\/\/www.europesays.com\/pt\/145418\/"},"modified":"2025-11-09T14:42:16","modified_gmt":"2025-11-09T14:42:16","slug":"blue-origin-de-jeff-bezos-esta-pronto-para-lancar-a-primeira-missao-pela-nasa","status":"publish","type":"post","link":"https:\/\/www.europesays.com\/pt\/145418\/","title":{"rendered":"Blue Origin de Jeff Bezos est\u00e1 pronto para lan\u00e7ar a primeira miss\u00e3o pela NASA"},"content":{"rendered":"<p>(Bloomberg) \u2014 A empresa espacial <a href=\"https:\/\/www.infomoney.com.br\/tudo-sobre\/blue-origin\/\" rel=\"nofollow noopener\" target=\"_blank\">Blue Origin<\/a>, apoiada por Jeff Bezos, est\u00e1 programada para lan\u00e7ar seu foguete New Glenn a partir de Cape Canaveral, na Fl\u00f3rida, neste domingo (9). Esse lan\u00e7amento \u00e9 um teste crucial na miss\u00e3o da startup de desafiar a SpaceX.<\/p>\n<p>Com cerca de 97,5 metros de altura, o foguete vai enviar duas espa\u00e7onaves fabricadas pela Rocket Lab rumo a Marte para estudar como os ventos solares interagem com a atmosfera do planeta. A miss\u00e3o, chamada Escapade (sigla para \u201cEscape and Plasma Acceleration and Dynamics Explorers\u201d \u2014 ou Exploradores de Escape, Acelera\u00e7\u00e3o de Plasma e Din\u00e2mica, em portugu\u00eas), \u00e9 o primeiro voo do New Glenn para a NASA.<\/p>\n<p>Parte fundamental dos <a href=\"https:\/\/www.infomoney.com.br\/mercados\/novo-foguete-da-blue-origin-alcanca-com-sucesso-a-orbita-terrestre\/\" rel=\"nofollow noopener\" target=\"_blank\">ambiciosos planos da Blue Origin para explora\u00e7\u00e3o espacial<\/a>, o New Glenn est\u00e1 atrasado em rela\u00e7\u00e3o ao cronograma e enfrentou um per\u00edodo de espera maior do que o esperado, cerca de nove meses desde seu primeiro voo.<\/p>\n<p>\t\t\t\t\t\t<img decoding=\"async\" class=\"w-full h-full object-cover\" src=\"https:\/\/www.europesays.com\/pt\/wp-content\/uploads\/2025\/11\/1762699336_723_900-x-300-com-texto-na-imagem-GB-zat-experience.png\" alt=\"\"\/><\/p>\n<p class=\"font-normal text-base text-wl-neutral-600 max-w-md mx-auto\">\n\t\t\t\t\t\t\tLeve seu neg\u00f3cio para o pr\u00f3ximo n\u00edvel com os principais empreendedores do pa\u00eds!\t\t\t\t\t\t<\/p>\n<p>O CEO da Blue Origin, Dave Limp, afirmou em janeiro que a empresa planejava realizar o segundo voo no final da primavera e um total de seis a oito lan\u00e7amentos em 2025.<\/p>\n<p>Um lan\u00e7amento bem-sucedido agora pode colocar a Blue Origin de volta nos trilhos para desafiar o <a href=\"https:\/\/www.infomoney.com.br\/mercados\/valorizacao-da-spacex-deve-atingir-cerca-de-us-400-bilhoes-apos-venda-de-acoes\/\" rel=\"nofollow noopener\" target=\"_blank\">dom\u00ednio da SpaceX na ind\u00fastria de lan\u00e7amentos<\/a>. O foguete Falcon 9, da SpaceX, \u00e9 o ve\u00edculo de lan\u00e7amento mais utilizado no mundo.<\/p>\n<p>Ap\u00f3s o lan\u00e7amento, a Blue Origin tentar\u00e1 pousar o propulsor do foguete em uma barca\u00e7a no Oceano Atl\u00e2ntico. O New Glenn, assim como a s\u00e9rie Falcon da SpaceX, foi projetado para ser parcialmente reutiliz\u00e1vel, permitindo que os propulsores sejam reaproveitados em m\u00faltiplos lan\u00e7amentos.<\/p>\n<p>O New Glenn fez seu voo de estreia em janeiro, quando o foguete alcan\u00e7ou a \u00f3rbita, mas n\u00e3o conseguiu pousar o propulsor conforme planejado.<\/p>\n<p>Enquanto a Blue Origin envia turistas at\u00e9 a borda do espa\u00e7o e de volta em foguetes menores, o New Glenn dar\u00e1 \u00e0 empresa a capacidade de levar espa\u00e7onaves e sat\u00e9lites para a \u00f3rbita e al\u00e9m. Isso torna o New Glenn fundamental para a empresa cumprir seu backlog de contratos com clientes, que soma US$ 10 bilh\u00f5es.<\/p>\n<p>A empresa tem um contrato com a NASA para lan\u00e7ar astronautas \u00e0 Lua na miss\u00e3o Artemis V da ag\u00eancia.<\/p>\n<p class=\"py-2\">Continua depois da publicidade<\/p>\n<p>O New Glenn faz parte de uma nova gera\u00e7\u00e3o de foguetes, que inclui o Vulcan, da United Launch Alliance, e o Ariane 6, da Ag\u00eancia Espacial Europeia. Esses foguetes surgem como potenciais concorrentes na ind\u00fastria de lan\u00e7amentos, mas t\u00eam enfrentado dificuldades para aumentar a frequ\u00eancia de voos para a \u00f3rbita.<\/p>\n<p>\u00a9 2025 Bloomberg L.P.<\/p>\n","protected":false},"excerpt":{"rendered":"(Bloomberg) \u2014 A empresa espacial Blue Origin, apoiada por Jeff Bezos, est\u00e1 programada para lan\u00e7ar seu foguete New&hellip;\n","protected":false},"author":2,"featured_media":145419,"comment_status":"","ping_status":"","sticky":false,"template":"","format":"standard","meta":{"footnotes":""},"categories":[84],"tags":[31894,109,107,108,9960,32,33,105,103,104,585,106,110],"class_list":{"0":"post-145418","1":"post","2":"type-post","3":"status-publish","4":"format-standard","5":"has-post-thumbnail","7":"category-ciencia-e-tecnologia","8":"tag-blue-origin","9":"tag-ciencia","10":"tag-ciencia-e-tecnologia","11":"tag-cienciaetecnologia","12":"tag-jeff-bezos","13":"tag-portugal","14":"tag-pt","15":"tag-science","16":"tag-science-and-technology","17":"tag-scienceandtechnology","18":"tag-spacex","19":"tag-technology","20":"tag-tecnologia"},"share_on_mastodon":{"url":"https:\/\/pubeurope.com\/@pt\/115520270808612608","error":""},"_links":{"self":[{"href":"https:\/\/www.europesays.com\/pt\/wp-json\/wp\/v2\/posts\/145418","targetHints":{"allow":["GET"]}}],"collection":[{"href":"https:\/\/www.europesays.com\/pt\/wp-json\/wp\/v2\/posts"}],"about":[{"href":"https:\/\/www.europesays.com\/pt\/wp-json\/wp\/v2\/types\/post"}],"author":[{"embeddable":true,"href":"https:\/\/www.europesays.com\/pt\/wp-json\/wp\/v2\/users\/2"}],"replies":[{"embeddable":true,"href":"https:\/\/www.europesays.com\/pt\/wp-json\/wp\/v2\/comments?post=145418"}],"version-history":[{"count":0,"href":"https:\/\/www.europesays.com\/pt\/wp-json\/wp\/v2\/posts\/145418\/revisions"}],"wp:featuredmedia":[{"embeddable":true,"href":"https:\/\/www.europesays.com\/pt\/wp-json\/wp\/v2\/media\/145419"}],"wp:attachment":[{"href":"https:\/\/www.europesays.com\/pt\/wp-json\/wp\/v2\/media?parent=145418"}],"wp:term":[{"taxonomy":"category","embeddable":true,"href":"https:\/\/www.europesays.com\/pt\/wp-json\/wp\/v2\/categories?post=145418"},{"taxonomy":"post_tag","embeddable":true,"href":"https:\/\/www.europesays.com\/pt\/wp-json\/wp\/v2\/tags?post=145418"}],"curies":[{"name":"wp","href":"https:\/\/api.w.org\/{rel}","templated":true}]}}