{"id":145420,"date":"2025-11-09T14:44:12","date_gmt":"2025-11-09T14:44:12","guid":{"rendered":"https:\/\/www.europesays.com\/pt\/145420\/"},"modified":"2025-11-09T14:44:12","modified_gmt":"2025-11-09T14:44:12","slug":"montenegro-na-colombia-para-a-cimeira-ue-celac","status":"publish","type":"post","link":"https:\/\/www.europesays.com\/pt\/145420\/","title":{"rendered":"Montenegro na Col\u00f4mbia para a cimeira UE-CELAC"},"content":{"rendered":"<p>                O primeiro-ministro portugu\u00eas est\u00e1 na Col\u00f4mbia.\u00a0Lu\u00eds Montenegro participa na quarta cimeira entre a Uni\u00e3o Europeia e a Comunidade de Estados Latino-Americanos e Caribenhos.<\/p>\n<p>&#13;<br \/>\n\u00c9 um encontro para refor\u00e7ar a coopera\u00e7\u00e3o entre os dois blocos presidido pelo presidente da Col\u00f4mbia, Gustavo Petro, e por Ant\u00f3nio Costa, o presidente do Conselho Europeu.&#13;\n<\/p>\n<p>A cimeira decorre em Santa Marta, situada na costa caribenha da Col\u00f4mbia &#8211; a mais de 700 km da capital Bogot\u00e1 -, e que celebra 500 anos da sua funda\u00e7\u00e3o.<\/p>\n<p>A presidente da Comiss\u00e3o Europeia n\u00e3o marcar\u00e1 presen\u00e7a. Em substitui\u00e7\u00e3o de Ursula von der Leyen estar\u00e1 a alta representante da UE para os Neg\u00f3cios Estrangeiros e Pol\u00edtica de Seguran\u00e7a, Kaja Kallas.<br \/>&#13;\n<\/p>\n<p>A cimeira decorre num contexto de tens\u00f5es diplom\u00e1ticas crescentes entre Bogot\u00e1, Venezuela e Washington.<\/p>\n<p>O Estados Unidos afundaram  nos \u00faltimos meses v\u00e1rias embarca\u00e7\u00f5es de transporte de droga, causando mais de 60 mortes no Caribe e Pac\u00edfico.<br \/>&#13;\n<\/p>\n<p>&#13;<br \/>\n<b>&#13;<br \/>\nMil milh\u00f5es e 21% do PIB&#13;<br \/>\n<\/b>&#13;\n<\/p>\n<p>Com mais de mil milh\u00f5es de pessoas, os 33 pa\u00edses da CELAC e os 27 Estados-membros da UE representam, em conjunto, 14% da popula\u00e7\u00e3o mundial, 21% do PIB mundial e um ter\u00e7o dos membros da ONU.<\/p>\n<p>Fonte do Governo portugu\u00eas considera que o encontro &#8220;ser\u00e1 essencial no refor\u00e7o das rela\u00e7\u00f5es da Uni\u00e3o Europeia com a Am\u00e9rica Latina e as Cara\u00edbas, quer no plano pol\u00edtico, quer na dimens\u00e3o econ\u00f3mica&#8221;.<\/p>\n<p>&#8220;Portugal olha para a parceria UE-CELAC como uma alian\u00e7a estrat\u00e9gica de enorme potencial econ\u00f3mico e comercial, mas tamb\u00e9m de valores partilhados: da democracia, dos direitos humanos, da justi\u00e7a social, da sustentabilidade ambiental e da abertura ao mundo&#8221;, refere a mesma fonte.<\/p>\n<p>No plano econ\u00f3mico, o primeiro-ministro portugu\u00eas tem defendido uma r\u00e1pida implementa\u00e7\u00e3o do acordo entre a Uni\u00e3o Europeia e o Mercosul (Mercado Comum do Sul), numa altura em que h\u00e1 not\u00edcias de que a sua aprova\u00e7\u00e3o pelo Conselho Europeu poder\u00e1 estar para breve.&#13;<\/p>\n","protected":false},"excerpt":{"rendered":"O primeiro-ministro portugu\u00eas est\u00e1 na Col\u00f4mbia.\u00a0Lu\u00eds Montenegro participa na quarta cimeira entre a Uni\u00e3o Europeia e a Comunidade&hellip;\n","protected":false},"author":2,"featured_media":145421,"comment_status":"","ping_status":"","sticky":false,"template":"","format":"standard","meta":{"footnotes":""},"categories":[50],"tags":[27,28,15,16,14,25,26,21,22,62,12,13,19,20,23,24,420,421,17,18,29,30,31,63,64,65],"class_list":{"0":"post-145420","1":"post","2":"type-post","3":"status-publish","4":"format-standard","5":"has-post-thumbnail","7":"category-mundo","8":"tag-breaking-news","9":"tag-breakingnews","10":"tag-featured-news","11":"tag-featurednews","12":"tag-headlines","13":"tag-latest-news","14":"tag-latestnews","15":"tag-main-news","16":"tag-mainnews","17":"tag-mundo","18":"tag-news","19":"tag-noticias","20":"tag-noticias-principais","21":"tag-noticiasprincipais","22":"tag-principais-noticias","23":"tag-principaisnoticias","24":"tag-rtp","25":"tag-rtp-noticias","26":"tag-top-stories","27":"tag-topstories","28":"tag-ultimas","29":"tag-ultimas-noticias","30":"tag-ultimasnoticias","31":"tag-world","32":"tag-world-news","33":"tag-worldnews"},"share_on_mastodon":{"url":"https:\/\/pubeurope.com\/@pt\/115520278608286794","error":""},"_links":{"self":[{"href":"https:\/\/www.europesays.com\/pt\/wp-json\/wp\/v2\/posts\/145420","targetHints":{"allow":["GET"]}}],"collection":[{"href":"https:\/\/www.europesays.com\/pt\/wp-json\/wp\/v2\/posts"}],"about":[{"href":"https:\/\/www.europesays.com\/pt\/wp-json\/wp\/v2\/types\/post"}],"author":[{"embeddable":true,"href":"https:\/\/www.europesays.com\/pt\/wp-json\/wp\/v2\/users\/2"}],"replies":[{"embeddable":true,"href":"https:\/\/www.europesays.com\/pt\/wp-json\/wp\/v2\/comments?post=145420"}],"version-history":[{"count":0,"href":"https:\/\/www.europesays.com\/pt\/wp-json\/wp\/v2\/posts\/145420\/revisions"}],"wp:featuredmedia":[{"embeddable":true,"href":"https:\/\/www.europesays.com\/pt\/wp-json\/wp\/v2\/media\/145421"}],"wp:attachment":[{"href":"https:\/\/www.europesays.com\/pt\/wp-json\/wp\/v2\/media?parent=145420"}],"wp:term":[{"taxonomy":"category","embeddable":true,"href":"https:\/\/www.europesays.com\/pt\/wp-json\/wp\/v2\/categories?post=145420"},{"taxonomy":"post_tag","embeddable":true,"href":"https:\/\/www.europesays.com\/pt\/wp-json\/wp\/v2\/tags?post=145420"}],"curies":[{"name":"wp","href":"https:\/\/api.w.org\/{rel}","templated":true}]}}