{"id":145430,"date":"2025-11-09T14:56:12","date_gmt":"2025-11-09T14:56:12","guid":{"rendered":"https:\/\/www.europesays.com\/pt\/145430\/"},"modified":"2025-11-09T14:56:12","modified_gmt":"2025-11-09T14:56:12","slug":"profissionais-se-preparam-para-chikungunya","status":"publish","type":"post","link":"https:\/\/www.europesays.com\/pt\/145430\/","title":{"rendered":"Profissionais se preparam para Chikungunya"},"content":{"rendered":"<p>Preven\u00e7\u00e3o e controle das arboviroses ser\u00e3o discutidos em projeto feito em parceria com a Fiocruz<\/p>\n<p><a href=\"https:\/\/cdn6.campograndenews.com.br\/uploads\/noticias\/2025\/11\/09\/2f7553012026b2add6ff70d8345dad853a5af530.jpeg\" data-fslightbox=\"gallery\" data-title=\"Com 16 mortes em MS, Capital capacita profissionais para enfrentar chikungunya\" rel=\"nofollow noopener\" target=\"_blank\"><img decoding=\"async\" src=\"https:\/\/www.europesays.com\/pt\/wp-content\/uploads\/2025\/11\/ksktif96ns5f.jpeg\" class=\"img-fluid\" alt=\"Com 16 mortes em MS, Capital capacita profissionais para enfrentar chikungunya\" title=\"Com 16 mortes em MS, Capital capacita profissionais para enfrentar chikungunya\" width=\"2048\" height=\"1365\"   loading=\"lazy\"\/><\/a>Agente de sa\u00fade identifica foco de mosquito do Aedes aegypti (Foto\/Divulga\u00e7\u00e3o)<\/p>\n<p>A Sesau (Secretaria Municipal de <a href=\"https:\/\/www.campograndenews.com.br\/saude\" target=\"_blank\" rel=\"nofollow noopener\">Sa\u00fade<\/a>) promove, na pr\u00f3xima ter\u00e7a-feira (11), capacita\u00e7\u00e3o para profissionais da rede p\u00fablica e privada sobre o manejo cl\u00ednico das arboviroses, com foco especial na Chikungunya. O encontro busca atualizar e alinhar protocolos diante do avan\u00e7o dos casos suspeitos registrados na Capital.<\/p>\n<p>A Secretaria Municipal de Sa\u00fade de Campo Grande realizar\u00e1 capacita\u00e7\u00e3o sobre manejo cl\u00ednico de arboviroses na pr\u00f3xima ter\u00e7a-feira (11), com foco em Chikungunya. O evento reunir\u00e1 profissionais da rede p\u00fablica e privada, incluindo o especialista Rivaldo Ven\u00e2ncio, da Fiocruz.Campo Grande registrou 4.394 notifica\u00e7\u00f5es de dengue em 2025 e mant\u00e9m m\u00e9dia de 34,9 casos prov\u00e1veis de Chikungunya por 100 mil habitantes. O encontro abordar\u00e1 temas como preven\u00e7\u00e3o, controle e notifica\u00e7\u00e3o de casos suspeitos, em parceria com SES, Fiocruz e Minist\u00e9rio da Sa\u00fade.<\/p>\n<p>De acordo com dados da Sesau, at\u00e9 1\u00ba de novembro, Campo Grande registrou 4.394 notifica\u00e7\u00f5es de dengue em 2025, n\u00famero considerado baixo pelo Minist\u00e9rio da <a href=\"https:\/\/www.campograndenews.com.br\/saude\" target=\"_blank\" rel=\"nofollow noopener\">Sa\u00fade<\/a>, o que coloca a cidade na 74\u00aa posi\u00e7\u00e3o entre os 79 munic\u00edpios sul-mato-grossenses.<\/p>\n<p>O cen\u00e1rio da Chikungunya tamb\u00e9m inspira cautela, embora ainda esteja sob controle: a m\u00e9dia foi de 34,9 casos prov\u00e1veis por 100 mil habitantes neste ano, bem abaixo de cidades do Estado que ultrapassaram 6 mil casos por 100 mil habitantes. Pelo boletim da SES (Secretaria Estadual da <a href=\"https:\/\/www.campograndenews.com.br\/saude\" target=\"_blank\" rel=\"nofollow noopener\">Sa\u00fade<\/a>), s\u00e3o 309 casos prov\u00e1veis em Campo Grande. Em todo o Estado, s\u00e3o 7.525 confirmados e 16 mortes.<\/p>\n<p>A capacita\u00e7\u00e3o reunir\u00e1 pesquisadores e especialistas reconhecidos nacionalmente, entre eles, o m\u00e9dico Rivaldo Ven\u00e2ncio, da Fiocruz (Funda\u00e7\u00e3o Oswaldo Cruz), refer\u00eancia nos estudos sobre os efeitos prolongados da Chikungunya e o impacto das arboviroses no pa\u00eds.<\/p>\n<p>A a\u00e7\u00e3o \u00e9 resultado da parceria entre o munic\u00edpio, a SES, a Fiocruz e o Minist\u00e9rio da <a href=\"https:\/\/www.campograndenews.com.br\/saude\" target=\"_blank\" rel=\"nofollow noopener\">Sa\u00fade<\/a>. Al\u00e9m do manejo cl\u00ednico, o evento abordar\u00e1 temas como o panorama das arboviroses em Campo Grande, o conceito de sa\u00fade \u00fanica, as diretrizes de preven\u00e7\u00e3o e controle e o papel das farm\u00e1cias e drogarias na notifica\u00e7\u00e3o de casos suspeitos.<\/p>\n<p>Receba as principais not\u00edcias do Estado pelo Whats. <a href=\"https:\/\/whatsapp.com\/channel\/0029Va6UwSHHltY8c4OtUb0j\" rel=\"noopener noreferrer nofollow\" target=\"_blank\">Clique aqui para acessar o <strong>canal do<\/strong> <strong>Campo Grande News<\/strong><\/a> e siga nossas <a href=\"https:\/\/www.tiktok.com\/@campograndenews?_t=8jKPysGs6SL&amp;_r=1\" rel=\"noopener noreferrer nofollow\" target=\"_blank\"><strong>redes sociais<\/strong><\/a>.<\/p>\n<p><script async src=\"\/\/www.tiktok.com\/embed.js\"><\/script><\/p>\n","protected":false},"excerpt":{"rendered":"Preven\u00e7\u00e3o e controle das arboviroses ser\u00e3o discutidos em projeto feito em parceria com a Fiocruz Agente de sa\u00fade&hellip;\n","protected":false},"author":2,"featured_media":145431,"comment_status":"","ping_status":"","sticky":false,"template":"","format":"standard","meta":{"footnotes":""},"categories":[86],"tags":[31901,1889,31896,5725,31900,31899,116,31898,32,31895,31897,18607,5253,33,9788,4066,117,3957,3956],"class_list":{"0":"post-145430","1":"post","2":"type-post","3":"status-publish","4":"format-standard","5":"has-post-thumbnail","7":"category-saude","8":"tag-alinhar-protocolos","9":"tag-arboviroses","10":"tag-capacitao","11":"tag-chikungunya","12":"tag-encontro-busca-atualizar","13":"tag-foco-especial","14":"tag-health","15":"tag-manejo-clnico","16":"tag-portugal","17":"tag-prxima-tera-feira","18":"tag-privada","19":"tag-profissionais","20":"tag-promove","21":"tag-pt","22":"tag-rede-pblica","23":"tag-sade","24":"tag-saude","25":"tag-secretaria-municipal","26":"tag-sesau"},"share_on_mastodon":{"url":"https:\/\/pubeurope.com\/@pt\/115520325892856480","error":""},"_links":{"self":[{"href":"https:\/\/www.europesays.com\/pt\/wp-json\/wp\/v2\/posts\/145430","targetHints":{"allow":["GET"]}}],"collection":[{"href":"https:\/\/www.europesays.com\/pt\/wp-json\/wp\/v2\/posts"}],"about":[{"href":"https:\/\/www.europesays.com\/pt\/wp-json\/wp\/v2\/types\/post"}],"author":[{"embeddable":true,"href":"https:\/\/www.europesays.com\/pt\/wp-json\/wp\/v2\/users\/2"}],"replies":[{"embeddable":true,"href":"https:\/\/www.europesays.com\/pt\/wp-json\/wp\/v2\/comments?post=145430"}],"version-history":[{"count":0,"href":"https:\/\/www.europesays.com\/pt\/wp-json\/wp\/v2\/posts\/145430\/revisions"}],"wp:featuredmedia":[{"embeddable":true,"href":"https:\/\/www.europesays.com\/pt\/wp-json\/wp\/v2\/media\/145431"}],"wp:attachment":[{"href":"https:\/\/www.europesays.com\/pt\/wp-json\/wp\/v2\/media?parent=145430"}],"wp:term":[{"taxonomy":"category","embeddable":true,"href":"https:\/\/www.europesays.com\/pt\/wp-json\/wp\/v2\/categories?post=145430"},{"taxonomy":"post_tag","embeddable":true,"href":"https:\/\/www.europesays.com\/pt\/wp-json\/wp\/v2\/tags?post=145430"}],"curies":[{"name":"wp","href":"https:\/\/api.w.org\/{rel}","templated":true}]}}