{"id":145434,"date":"2025-11-09T14:58:11","date_gmt":"2025-11-09T14:58:11","guid":{"rendered":"https:\/\/www.europesays.com\/pt\/145434\/"},"modified":"2025-11-09T14:58:11","modified_gmt":"2025-11-09T14:58:11","slug":"universo-esta-desacelerando-novo-artigo-diz-que-estavamos-errados-sobre-uma-observacao-importante","status":"publish","type":"post","link":"https:\/\/www.europesays.com\/pt\/145434\/","title":{"rendered":"Universo est\u00e1 desacelerando? Novo artigo diz que est\u00e1vamos errados sobre uma observa\u00e7\u00e3o importante"},"content":{"rendered":"<p> <img decoding=\"async\" fetchpriority=\"high\" src=\"https:\/\/www.europesays.com\/pt\/wp-content\/uploads\/2025\/11\/universo-esta-desacelerando-novo-artigo-diz-que-estavamos-errados-sobre-uma-observacao-importante-17.png\"  width=\"768\" height=\"432\" alt=\"Universo pode estar desacelerando e a evid\u00eancia pode estar escondida em um erro de an\u00e1lise de observa\u00e7\u00f5es de supernovas do tipo Ia. Cr\u00e9dito: NASA\/JWST\" title=\"Universo pode estar desacelerando e a evid\u00eancia pode estar escondida em um erro de an\u00e1lise de observa\u00e7\u00f5es de supernovas do tipo Ia. Cr\u00e9dito: NASA\/JWST\" data-image=\"ynw315megv0s\"\/>Universo pode estar desacelerando e a evid\u00eancia pode estar escondida em um erro de an\u00e1lise de observa\u00e7\u00f5es de supernovas do tipo Ia. Cr\u00e9dito: NASA\/JWST   <img decoding=\"async\" fetchpriority=\"high\" src=\"https:\/\/www.europesays.com\/pt\/wp-content\/uploads\/2025\/07\/roberta-duarte.jpg\" alt=\"Roberta Duarte\" width=\"40\" height=\"40\"\/>    <a class=\"nombre text-hv\" href=\"https:\/\/www.tempo.com\/autor\/roberta-duarte\/\" title=\"Roberta Duarte\" rel=\"nofollow noopener\" target=\"_blank\">Roberta Duarte<\/a>       09\/11\/2025 11:10   7 min   <\/p>\n<p>Desde a d\u00e9cada de 90, n\u00f3s sabemos que o Universo est\u00e1 se expandindo de forma acelerada. <strong>Essa acelera\u00e7\u00e3o \u00e9 atribu\u00edda \u00e0 energia escura, uma componente que representa um pouco mais de cerca de 70% do Universo. <\/strong>As observa\u00e7\u00f5es feitas pelo telesc\u00f3pio espacial Hubble confirmaram as observa\u00e7\u00f5es do astr\u00f4nomo Edwin Hubble que dizia que o Universo estava se expandindo. Al\u00e9m disso, as observa\u00e7\u00f5es do telesc\u00f3pio mostraram que a expans\u00e3o \u00e9 acelerada. <\/p>\n<p>As primeiras observa\u00e7\u00f5es usaram supernovas do tipo Ia que possuem um brilho exato e constante. <strong>Como esse brilho \u00e9 conhecido, essas supernovas funcionam como \u201cvelas padr\u00e3o\u201d, permitindo medir com precis\u00e3o as dist\u00e2ncias e, consequentemente, a taxa de expans\u00e3o do Universo e o c\u00e1lculo da constante de Hubble.<\/strong> A descoberta que as supernovas do tipo Ia funcionam como ferramentas de medi\u00e7\u00e3o rendeu at\u00e9 mesmo o Pr\u00eamio Nobel de F\u00edsica de 2011. <\/p>\n<p><a class=\"imagen \" href=\"https:\/\/www.tempo.com\/noticias\/ciencia\/qual-e-a-constante-de-hubble-e-qual-a-sua-relacao-com-o-universo-astronomia.html\" title=\"Qual \u00e9 a constante de Hubble e qual a sua rela\u00e7\u00e3o com o universo?\" rel=\"nofollow noopener\" target=\"_blank\"><img loading=\"lazy\" decoding=\"async\" fetchpriority=\"low\" class=\"lazy img-body non-editable\" src=\"https:\/\/www.europesays.com\/pt\/wp-content\/uploads\/2025\/11\/que-es-la-constante-de-hubble-y-cual-es-su-relacion-con-el-universo-1694647085343_320.jpeg\"  width=\"320\" height=\"225\" alt=\"Qual \u00e9 a constante de Hubble e qual a sua rela\u00e7\u00e3o com o universo?\"\/><\/a><\/p>\n<p>Recentemente, um artigo publicado na Monthly Notices of the Royal Astronomical Society trouxe uma nova discuss\u00e3o sobre a taxa de expans\u00e3o do Universo. <strong>Segundo eles, as observa\u00e7\u00f5es de supernovas podem ter sido interpretadas de maneira errada, causando um erro no c\u00e1lculo da constante de Hubble.<\/strong> Os autores argumentam que o Universo pode estar passando por uma fase de desacelera\u00e7\u00e3o. Essa hip\u00f3tese concorda com alguns estudos que indicam que a taxa de expans\u00e3o pode variar com o tempo.<\/p>\n<p>Supernova do Tipo Ia<\/p>\n<p>As supernovas do tipo Ia s\u00e3o explos\u00f5es estelares que ocorrem em sistemas bin\u00e1rios, quando uma an\u00e3 branca acumula mat\u00e9ria de sua companheira at\u00e9 atingir um limite cr\u00edtico de massa. <strong>Esse limite \u00e9 conhecido como limite de Chandrasekhar que diz que quando uma an\u00e3 branca atinge mais do que 1,4 vezes a massa do Sol, ela fica inst\u00e1vel entrando em supernova.<\/strong> Essa explos\u00e3o libera uma quantidade de energia quase id\u00eantica em todos os eventos desse tipo. <\/p>\n<p><strong>Por causa dessa uniformidade, as supernovas do tipo Ia s\u00e3o escolhidas como ferramentas para a Astronomia observacional para medir a dist\u00e2ncia de gal\u00e1xias.<\/strong><\/p>\n<p>Ao comparar o brilho observado com o brilho real conhecido, \u00e9 poss\u00edvel determinar a dist\u00e2ncia e combinar essas medidas com o redshift das gal\u00e1xias, d\u00e1 para encontrar a taxa de expans\u00e3o do Universo. <strong>Redshift significa o quanto a luz daquela gal\u00e1xia foi desviada para o vermelho devido \u00e0 expans\u00e3o do Universo.<\/strong> Essas foram as primeiras evid\u00eancias de que o Universo est\u00e1 se expandindo aceleradamente. <\/p>\n<p>Tens\u00e3o de Hubble<\/p>\n<p>A tens\u00e3o de Hubble \u00e9 um dos maiores mist\u00e9rios da Cosmologia porque se refere \u00e0 discrep\u00e2ncia entre os valores medidos da constante de Hubble. A constante de Hubble est\u00e1 relacionada com a taxa de expans\u00e3o do Universo, ent\u00e3o saber a constante de Hubble \u00e9 um ponto importante na Cosmologia. <strong>Usando observa\u00e7\u00f5es do fundo c\u00f3smico de micro-ondas, o sat\u00e9lite Planck do ESA estimou a constante em cerca de 67,4 km\/s\/Mpc. <\/strong>J\u00e1 medi\u00e7\u00f5es diretas no Universo local resultam em um valor maior, pr\u00f3ximo de 73 km\/s\/Mpc. <\/p>\n<p>Essa diferen\u00e7a, superior ao erro estat\u00edstico das medi\u00e7\u00f5es, indica que algo pode estar faltando no modelo. <strong>A discrep\u00e2ncia sugere duas possibilidades: ou h\u00e1 erros sistem\u00e1ticos ainda n\u00e3o identificados nos m\u00e9todos de medi\u00e7\u00e3o, ou o modelo cosmol\u00f3gico padr\u00e3o precisa ser revisado.<\/strong> Diversas hip\u00f3teses v\u00eam sendo propostas para resolver a tens\u00e3o de Hubble, incluindo que estamos em uma posi\u00e7\u00e3o no Universo que interfere nas observa\u00e7\u00f5es. E outra seria que a taxa de expans\u00e3o pode estar variando. <\/p>\n<p>Universo est\u00e1 desacelerando<\/p>\n<p>Novo artigo publicado na Monthly Notices of the Royal Astronomical Society argumenta que o Universo pode ter entrado em uma fase de expans\u00e3o desacelerada. <strong>Segundo as observa\u00e7\u00f5es que foram analisadas pelo grupo de pesquisadores, n\u00e3o encontraram evid\u00eancias de uma acelera\u00e7\u00e3o atual. <\/strong>E al\u00e9m disso, os achados do grupo concordam com a hip\u00f3tese que a taxa de expans\u00e3o varia em fun\u00e7\u00e3o do tempo. <\/p>\n<p><img loading=\"lazy\" decoding=\"async\" fetchpriority=\"low\" class=\"lazy \" src=\"https:\/\/www.europesays.com\/pt\/wp-content\/uploads\/2025\/11\/1762700291_874_universo-esta-desacelerando-novo-artigo-diz-que-estavamos-errados-sobre-uma-observacao-importante-17.png\"  width=\"768\" height=\"432\" alt=\"Com nova rean\u00e1lise dos dados observados de supernova tipo Ia, time de pesquisadores encontrou que a constante de Hubble calculada por este m\u00e9todo se aproxima da constante encontrada pelo DESI. Cr\u00e9dito: Son et al. 2025\" title=\"Com nova rean\u00e1lise dos dados observados de supernova tipo Ia, time de pesquisadores encontrou que a constante de Hubble calculada por este m\u00e9todo se aproxima da constante encontrada pelo DESI. Cr\u00e9dito: Son et al. 2025\" data-image=\"b59fsd31t232\"\/>Com nova rean\u00e1lise dos dados observados de supernova tipo Ia, time de pesquisadores encontrou que a constante de Hubble calculada por este m\u00e9todo se aproxima da constante encontrada pelo DESI. Cr\u00e9dito: Son et al. 2025<\/p>\n<p>Segundo a discuss\u00e3o deste artigo, as primeiras evid\u00eancias de expans\u00e3o acelerada foram por causa das supernovas do tipo Ia. <strong>No entanto, a equipe argumenta que essas supernovas s\u00e3o afetadas pela idade das estrelas progenitoras.<\/strong> Supernovas de popula\u00e7\u00f5es estelares jovens parecem mais fracas, enquanto as de popula\u00e7\u00f5es mais antigas parecem mais brilhantes. Com base em uma amostra de 300 exemplos, o artigo argumenta que as supernovas n\u00e3o s\u00e3o fontes t\u00e3o confi\u00e1veis como se achava antes. <\/p>\n<p>Uma taxa de expans\u00e3o vari\u00e1vel<\/p>\n<p>Em vez de se alinhar ao modelo cosmol\u00f3gico padr\u00e3o \u039bCDM, os novos resultados mostraram melhor concord\u00e2ncia com o modelo proposto pelo projeto Dark Energy Spectroscopic Instrument (DESI) e em dados do fundo c\u00f3smico de micro-ondas. Esses resultados indicam que a energia escura enfraquece e evolui com o tempo. <strong>Com isso, um resultado que eles encontraram foi que o Universo pode n\u00e3o estar mais acelerando, mas sim j\u00e1 ter entrado em uma fase de expans\u00e3o desacelerada.<\/strong><\/p>\n<p>Para confirmar as conclus\u00f5es, o grupo est\u00e1 conduzindo novos testes usando apenas supernovas de gal\u00e1xias jovens em toda a faixa de redshift.<strong> E al\u00e9m disso, os pesquisadores esperam que com as observa\u00e7\u00f5es do Observat\u00f3rio Vera C.<\/strong> Rubin ser\u00e1 poss\u00edvel aprofundar esses estudos. Isso porque o observat\u00f3rio dever\u00e1 descobrir mais de 20 mil novas gal\u00e1xias com supernovas do tipo Ia.<\/p>\n<p>Refer\u00eancia da not\u00edcia<\/p>\n<p>Son et al. 2025 <strong><a href=\"https:\/\/arxiv.org\/pdf\/2510.13121\" target=\"_blank\" rel=\"nofollow noopener\">Strong Progenitor Age-bias in Supernova Cosmology. II. Alignment with DESI BAO and Signs of a Non-Accelerating Universe<\/a><\/strong> Monthly Notices of the Royal Astronomical Society<\/p>\n","protected":false},"excerpt":{"rendered":"Universo pode estar desacelerando e a evid\u00eancia pode estar escondida em um erro de an\u00e1lise de observa\u00e7\u00f5es de&hellip;\n","protected":false},"author":2,"featured_media":145435,"comment_status":"","ping_status":"","sticky":false,"template":"","format":"standard","meta":{"footnotes":""},"categories":[84],"tags":[443,109,107,108,31902,126,31903,121,10625,32,33,105,103,104,106,110],"class_list":{"0":"post-145434","1":"post","2":"type-post","3":"status-publish","4":"format-standard","5":"has-post-thumbnail","7":"category-ciencia-e-tecnologia","8":"tag-astronomia","9":"tag-ciencia","10":"tag-ciencia-e-tecnologia","11":"tag-cienciaetecnologia","12":"tag-constante-de-hubble","13":"tag-energia-escura","14":"tag-expansao-do-universo","15":"tag-fisica","16":"tag-hubble","17":"tag-portugal","18":"tag-pt","19":"tag-science","20":"tag-science-and-technology","21":"tag-scienceandtechnology","22":"tag-technology","23":"tag-tecnologia"},"share_on_mastodon":{"url":"https:\/\/pubeurope.com\/@pt\/115520333698812421","error":""},"_links":{"self":[{"href":"https:\/\/www.europesays.com\/pt\/wp-json\/wp\/v2\/posts\/145434","targetHints":{"allow":["GET"]}}],"collection":[{"href":"https:\/\/www.europesays.com\/pt\/wp-json\/wp\/v2\/posts"}],"about":[{"href":"https:\/\/www.europesays.com\/pt\/wp-json\/wp\/v2\/types\/post"}],"author":[{"embeddable":true,"href":"https:\/\/www.europesays.com\/pt\/wp-json\/wp\/v2\/users\/2"}],"replies":[{"embeddable":true,"href":"https:\/\/www.europesays.com\/pt\/wp-json\/wp\/v2\/comments?post=145434"}],"version-history":[{"count":0,"href":"https:\/\/www.europesays.com\/pt\/wp-json\/wp\/v2\/posts\/145434\/revisions"}],"wp:featuredmedia":[{"embeddable":true,"href":"https:\/\/www.europesays.com\/pt\/wp-json\/wp\/v2\/media\/145435"}],"wp:attachment":[{"href":"https:\/\/www.europesays.com\/pt\/wp-json\/wp\/v2\/media?parent=145434"}],"wp:term":[{"taxonomy":"category","embeddable":true,"href":"https:\/\/www.europesays.com\/pt\/wp-json\/wp\/v2\/categories?post=145434"},{"taxonomy":"post_tag","embeddable":true,"href":"https:\/\/www.europesays.com\/pt\/wp-json\/wp\/v2\/tags?post=145434"}],"curies":[{"name":"wp","href":"https:\/\/api.w.org\/{rel}","templated":true}]}}