{"id":145440,"date":"2025-11-09T15:09:14","date_gmt":"2025-11-09T15:09:14","guid":{"rendered":"https:\/\/www.europesays.com\/pt\/145440\/"},"modified":"2025-11-09T15:09:14","modified_gmt":"2025-11-09T15:09:14","slug":"ex-de-dado-dolabella-se-pronuncia-apos-expor-agressao-confira","status":"publish","type":"post","link":"https:\/\/www.europesays.com\/pt\/145440\/","title":{"rendered":"Ex de Dado Dolabella se pronuncia ap\u00f3s expor agress\u00e3o; Confira!"},"content":{"rendered":"<p>Marcela Tomaszewski, ex-namorada de Dado Dolabella, compartilhou um v\u00eddeo do ator falando sobre uma agress\u00e3o que sofreu. Na tarde de hoje, ela gravou Stories a respeito do tema.<\/p>\n<p>&#8220;Sobre eu querer fama em cima disso, pode ter certeza que eu n\u00e3o quis isso. Se eu quisesse, eu estaria lan\u00e7ando a minha marca, estaria com os meus trabalhos. E a minha vida parou.&#8221;<\/p>\n<p>&#8220;Na verdade, a minha vida parou desde o in\u00edcio dessa rela\u00e7\u00e3o. Antes mesmo de virar uma rela\u00e7\u00e3o, quando foi divulgado que est\u00e1vamos tendo um affair. Eu nunca fiquei confort\u00e1vel com isso. Nunca quis fama em cima de ningu\u00e9m. Ainda mais em cima de uma pessoa que n\u00e3o \u00e9 t\u00e3o querida pelo Brasil, que em algum momento eu achei que eu poderia mostrar esse lado lindo que eu via dele&#8221;, falou.<\/p>\n<p>Ela negou que tenha interesse em participar de algum reality show. &#8220;N\u00e3o se preocupem, BBB, Fazenda, voc\u00eas n\u00e3o v\u00e3o me ver.&#8221;<\/p>\n<p>Marcela finalizou. &#8220;J\u00e1 n\u00e3o sei mais o que voc\u00eas querem. \u00c9 para denunciar? N\u00e3o \u00e9 para denunciar? \u00c9 para falar ao vivo? Voc\u00eas n\u00e3o ficam felizes com nada. E n\u00e3o t\u00eam que ficar felizes com nada, quem sabe da minha vida sou eu. Minha vida foi exposta por uma pessoa que est\u00e1 na m\u00eddia. E agora acabou. Quem quiser ficar aqui, fique.&#8221;<\/p>\n<p>\u00a0<\/p>\n","protected":false},"excerpt":{"rendered":"Marcela Tomaszewski, ex-namorada de Dado Dolabella, compartilhou um v\u00eddeo do ator falando sobre uma agress\u00e3o que sofreu. Na&hellip;\n","protected":false},"author":2,"featured_media":145441,"comment_status":"","ping_status":"","sticky":false,"template":"","format":"standard","meta":{"footnotes":""},"categories":[145],"tags":[211,210,12683,114,115,29457,32,33],"class_list":{"0":"post-145440","1":"post","2":"type-post","3":"status-publish","4":"format-standard","5":"has-post-thumbnail","7":"category-celebridades","8":"tag-celebridades","9":"tag-celebrities","10":"tag-dado-dolabella","11":"tag-entertainment","12":"tag-entretenimento","13":"tag-marcela-tomaszewski","14":"tag-portugal","15":"tag-pt"},"share_on_mastodon":{"url":"https:\/\/pubeurope.com\/@pt\/115520377008472854","error":""},"_links":{"self":[{"href":"https:\/\/www.europesays.com\/pt\/wp-json\/wp\/v2\/posts\/145440","targetHints":{"allow":["GET"]}}],"collection":[{"href":"https:\/\/www.europesays.com\/pt\/wp-json\/wp\/v2\/posts"}],"about":[{"href":"https:\/\/www.europesays.com\/pt\/wp-json\/wp\/v2\/types\/post"}],"author":[{"embeddable":true,"href":"https:\/\/www.europesays.com\/pt\/wp-json\/wp\/v2\/users\/2"}],"replies":[{"embeddable":true,"href":"https:\/\/www.europesays.com\/pt\/wp-json\/wp\/v2\/comments?post=145440"}],"version-history":[{"count":0,"href":"https:\/\/www.europesays.com\/pt\/wp-json\/wp\/v2\/posts\/145440\/revisions"}],"wp:featuredmedia":[{"embeddable":true,"href":"https:\/\/www.europesays.com\/pt\/wp-json\/wp\/v2\/media\/145441"}],"wp:attachment":[{"href":"https:\/\/www.europesays.com\/pt\/wp-json\/wp\/v2\/media?parent=145440"}],"wp:term":[{"taxonomy":"category","embeddable":true,"href":"https:\/\/www.europesays.com\/pt\/wp-json\/wp\/v2\/categories?post=145440"},{"taxonomy":"post_tag","embeddable":true,"href":"https:\/\/www.europesays.com\/pt\/wp-json\/wp\/v2\/tags?post=145440"}],"curies":[{"name":"wp","href":"https:\/\/api.w.org\/{rel}","templated":true}]}}