{"id":145460,"date":"2025-11-09T15:31:17","date_gmt":"2025-11-09T15:31:17","guid":{"rendered":"https:\/\/www.europesays.com\/pt\/145460\/"},"modified":"2025-11-09T15:31:17","modified_gmt":"2025-11-09T15:31:17","slug":"morte-ao-spotify-boicote-massivo-de-utilizadores-e-artistas-portugueses-nao-sao-excecao","status":"publish","type":"post","link":"https:\/\/www.europesays.com\/pt\/145460\/","title":{"rendered":"&#8220;Morte ao Spotify&#8221;. Boicote massivo de utilizadores e artistas (portugueses n\u00e3o s\u00e3o exce\u00e7\u00e3o)"},"content":{"rendered":"<p class=\"wp-caption-text top\"><a href=\"https:\/\/pixabay.com\/photos\/android-mobile-smartphone-2618093\/\" rel=\"nofollow external noopener noreferrer\" data-wpel-link=\"external\" target=\"_blank\" class=\"ext-link\">(CC0\/PD) StockSnap \/ Pixabay<\/a><\/p>\n<p><img decoding=\"async\" loading=\"lazy\" class=\"wp-image-321890 size-kopa-image-size-3\" src=\"https:\/\/www.europesays.com\/pt\/wp-content\/uploads\/2025\/11\/f38525aa104d3a8c4d4a58e919bf1aa7-783x450.jpg\" alt=\"\" width=\"700\" height=\"402\"  \/><\/p>\n<p><strong>Lucros s\u00e3o fant\u00e1sticos, mas d\u00favidas acerca da \u00e9tica da empresa de streaming sueca levam cada vez mais a abandonar o servi\u00e7o.\u00a0<\/strong><\/p>\n<p>Esta semana, mais um esc\u00e2ndalo abalou o Spotify. O gigante da m\u00fasica sueco foi acusado, num processo judicial iniciado pelo rapper RBX, de ignorar redes de \u201cbots\u201d (contas falsas) que<strong> geram audi\u00e7\u00f5es artificiais para inflacionar os n\u00fameros de artistas muito ouvidos como Drake,<\/strong> em preju\u00edzo de m\u00fasicos menos conhecidos, apontava o <a href=\"https:\/\/www.lemonde.fr\/pixels\/article\/2025\/11\/05\/spotify-accuse-dans-une-plainte-de-fraude-aux-ecoutes_6652282_4408996.html\" data-wpel-link=\"external\" target=\"_blank\" rel=\"nofollow external noopener noreferrer\" class=\"ext-link\">Le Monde<\/a>.<\/p>\n<p>Mas este n\u00e3o \u00e9 o \u00fanico motivo que est\u00e1 a levar muitos utilizadores a abandonarem a aplica\u00e7\u00e3o de reprodu\u00e7\u00e3o de m\u00fasica nos \u00faltimos meses.<\/p>\n<p>A empresa, com quase 700 milh\u00f5es de utilizadores de todo o mundo tem<strong> grandes lucros<\/strong>, independentemente do boicote de que tem sido alvo por algumas bandas e antigos utilizadores. Fechou o terceiro trimestre com uma subida na fatura\u00e7\u00e3o de 7% para 4,27 mil milh\u00f5es de euros, segundo o <a href=\"https:\/\/www.jornaldenegocios.pt\/empresas\/tecnologias\/detalhe\/spotify-fatura-4-27-mil-milhoes-de-euros-e-mostra-se-otimista-para-o-resto-do-ano\" data-wpel-link=\"external\" target=\"_blank\" rel=\"nofollow external noopener noreferrer\" class=\"ext-link\">Jornal de Neg\u00f3cios<\/a>, resultado da <strong>subida de pre\u00e7o das subscri\u00e7\u00f5es e do despedimento de trabalhadores.<\/strong><\/p>\n<p>Mas porque se manifestam os artistas? Tem tudo a ver com o CEO da empresa, Daniel Ek, que manter\u00e1 uma liga\u00e7\u00e3o com a <strong>Helsing, uma empresa de intelig\u00eancia artificial orientada para a defesa<\/strong>, cuja miss\u00e3o \u00e9 \u201calcan\u00e7ar a lideran\u00e7a tecnol\u00f3gica para que as sociedades democr\u00e1ticas sejam livres para tomar decis\u00f5es soberanas e controlar os seus padr\u00f5es \u00e9ticos\u201d, cita a <a href=\"https:\/\/www.npr.org\/2025\/09\/09\/nx-s1-5522297\/musicians-leaving-spotify-protest-hotline-tnt-king-gizzard-and-the-lizard-wizard\" data-wpel-link=\"external\" target=\"_blank\" rel=\"nofollow external noopener noreferrer\" class=\"ext-link\">NPR<\/a>.<\/p>\n<p>J\u00e1 h\u00e1 v\u00e1rios anos que a falta de \u00e9tica profissional \u00e9 uma preocupa\u00e7\u00e3o para os artistas com m\u00fasicas na plataforma. O l\u00edder dos Radiohead, <strong>Thom York,<\/strong> j\u00e1 retirara um \u00e1lbum da plataforma em 2013 devido aos baixos pagamentos pelos direitos de autor do servi\u00e7o de streaming.<\/p>\n<p>Agora, segue-lhe os passos a banda de rock<strong> King Gizzard &amp; the Lizard Wizard<\/strong> e at\u00e9 mesmo alguns artistas portugueses j\u00e1 manifestaram o seu descontentamento face \u00e0 aplica\u00e7\u00e3o.<strong> Salvador Sobral,<\/strong> por exemplo, publicou numa hist\u00f3ria do Instagram uma imagem na qual se via o Spotify desinstalado do seu telem\u00f3vel. Diz estar a ganhar \u201ccoragem\u201d para retirar as suas m\u00fasicas da plataforma.<\/p>\n<p>Utilizadores procuram alternativas<\/p>\n<p>Tiago Conde tem 30 anos e h\u00e1 j\u00e1 algum tempo deixou de usar o Spotify porque n\u00e3o quis compactuar com \u201co pagamento miser\u00e1vel aos artistas\u201d. Aponta tamb\u00e9m \u201cas decis\u00f5es de investimento da empresa de armamento Helsing por parte do CEO do Spotify que no contexto atual e <strong>indo contra os meus valores morais<\/strong> contribu\u00edram ultimamente para a minha decis\u00e3o de deixar o Spotify\u201d.<\/p>\n<p>Afirma tamb\u00e9m que \u201cas pessoas est\u00e3o muito preocupadas por causa das playlists mas existem ferramentas que permitem fazer essa transfer\u00eancia de playlists do Spotify para Tidal, Apple Music\u2026\u201d.<\/p>\n<p>J\u00e1 Vasco Godinho, 31 anos, tomou a mesma decis\u00e3o. \u201c\u00c9 <strong>absolutamente rid\u00edculo ter uma plataforma de m\u00fasica em que os artistas s\u00e3o miseravelmente pagos para depois estar em investir em armamento militar<\/strong> quando esse dinheiro poderia ir para a ind\u00fastria musical\u201d.<\/p>\n<p>Ambos os jovens apostaram no <strong>Tidal<\/strong>, uma aplica\u00e7\u00e3o dispon\u00edvel na App Store que oferece pacotes de 7.49 \u20ac\/m\u00eas e\u00a03.74 \u20ac\/m\u00eas para estudantes. Tiago considera que \u201cn\u00e3o \u00e9 perfeita\u201d, mas a aplica\u00e7\u00e3o serve de alternativa \u201cmelhor que o Spotify\u201d.<\/p>\n<p style=\"padding-left: 25px; margin-bottom: 10; font-family: Roboto, Arial, Helvetica, sans-serif; font-size: 15px\">&#13;<br \/>\n        Carolina Bastos Pereira, ZAP \/\/ <a href=\"\" data-wpel-link=\"internal\"\/>&#13;\n    <\/p>\n<p>    <a href=\"https:\/\/zap.aeiou.pt\/subscrever-newsletter\" data-wpel-link=\"internal\" rel=\"nofollow noopener\" target=\"_blank\">&#13;<br \/>\n        <img loading=\"lazy\" decoding=\"async\" class=\"aligncenter size-full wp-image-575475\" src=\"https:\/\/www.europesays.com\/pt\/wp-content\/uploads\/2025\/11\/2d51fe4a0ba54894421ead1809309ed9-1-450x140.jpg\" alt=\"Subscreva a Newsletter ZAP\" width=\"450\" height=\"140\"\/>&#13;<br \/>\n    <\/a><\/p>\n<p>                <a href=\"https:\/\/whatsapp.com\/channel\/0029VaIC4EE2f3EJZPPSbR34\" data-wpel-link=\"external\" target=\"_blank\" rel=\"nofollow external noopener noreferrer\" class=\"ext-link\">&#13;<br \/>\n                    <img loading=\"lazy\" decoding=\"async\" class=\"aligncenter size-full wp-image-575475\" src=\"https:\/\/www.europesays.com\/pt\/wp-content\/uploads\/2025\/11\/c68c559d956d4ca20f435ed74a6e71e6.png\" alt=\"Siga-nos no WhatsApp\" width=\"175\" height=\"64\"\/>&#13;<br \/>\n                <\/a><\/p>\n<p>                <a href=\"https:\/\/news.google.com\/publications\/CAAiEHRwZondIV71PDjWNoqMduEqFAgKIhB0cGaJ3SFe9Tw41jaKjHbh?hl=en-US&amp;gl=US&amp;ceid=US%3Aen\" data-wpel-link=\"external\" target=\"_blank\" rel=\"nofollow external noopener noreferrer\" class=\"ext-link\">&#13;<br \/>\n                    <img loading=\"lazy\" decoding=\"async\" class=\"aligncenter size-full wp-image-575475\" src=\"https:\/\/www.europesays.com\/pt\/wp-content\/uploads\/2025\/11\/5123dd8b087b644fdb8f8603acd1bad4.png\" alt=\"Siga-nos no Google News\" width=\"176\" height=\"64\"\/>&#13;<br \/>\n                <\/a><\/p>\n","protected":false},"excerpt":{"rendered":"(CC0\/PD) StockSnap \/ Pixabay Lucros s\u00e3o fant\u00e1sticos, mas d\u00favidas acerca da \u00e9tica da empresa de streaming sueca levam&hellip;\n","protected":false},"author":2,"featured_media":145461,"comment_status":"","ping_status":"","sticky":false,"template":"","format":"standard","meta":{"footnotes":""},"categories":[85],"tags":[269,315,114,115,150,2771,32,33,4565],"class_list":{"0":"post-145460","1":"post","2":"type-post","3":"status-publish","4":"format-standard","5":"has-post-thumbnail","7":"category-entretenimento","8":"tag-capa","9":"tag-cultura","10":"tag-entertainment","11":"tag-entretenimento","12":"tag-musica","13":"tag-polemica","14":"tag-portugal","15":"tag-pt","16":"tag-spotify"},"share_on_mastodon":{"url":"https:\/\/pubeurope.com\/@pt\/115520464233339260","error":""},"_links":{"self":[{"href":"https:\/\/www.europesays.com\/pt\/wp-json\/wp\/v2\/posts\/145460","targetHints":{"allow":["GET"]}}],"collection":[{"href":"https:\/\/www.europesays.com\/pt\/wp-json\/wp\/v2\/posts"}],"about":[{"href":"https:\/\/www.europesays.com\/pt\/wp-json\/wp\/v2\/types\/post"}],"author":[{"embeddable":true,"href":"https:\/\/www.europesays.com\/pt\/wp-json\/wp\/v2\/users\/2"}],"replies":[{"embeddable":true,"href":"https:\/\/www.europesays.com\/pt\/wp-json\/wp\/v2\/comments?post=145460"}],"version-history":[{"count":0,"href":"https:\/\/www.europesays.com\/pt\/wp-json\/wp\/v2\/posts\/145460\/revisions"}],"wp:featuredmedia":[{"embeddable":true,"href":"https:\/\/www.europesays.com\/pt\/wp-json\/wp\/v2\/media\/145461"}],"wp:attachment":[{"href":"https:\/\/www.europesays.com\/pt\/wp-json\/wp\/v2\/media?parent=145460"}],"wp:term":[{"taxonomy":"category","embeddable":true,"href":"https:\/\/www.europesays.com\/pt\/wp-json\/wp\/v2\/categories?post=145460"},{"taxonomy":"post_tag","embeddable":true,"href":"https:\/\/www.europesays.com\/pt\/wp-json\/wp\/v2\/tags?post=145460"}],"curies":[{"name":"wp","href":"https:\/\/api.w.org\/{rel}","templated":true}]}}