{"id":145499,"date":"2025-11-09T16:03:55","date_gmt":"2025-11-09T16:03:55","guid":{"rendered":"https:\/\/www.europesays.com\/pt\/145499\/"},"modified":"2025-11-09T16:03:55","modified_gmt":"2025-11-09T16:03:55","slug":"o-que-fazer-neste-fim-de-semana-andar-a-volta-da-castanha-do-chocolate-e-do-barroco-lazer","status":"publish","type":"post","link":"https:\/\/www.europesays.com\/pt\/145499\/","title":{"rendered":"O que fazer neste fim-de-semana? Andar \u00e0 volta da castanha, do chocolate e do barroco | Lazer"},"content":{"rendered":"<p>41.\u00aa Festa do Castanheiro e Feira da Castanha<\/p>\n<p dir=\"ltr\"><strong>MARV\u00c3O Vila. Dias 8\/11 e 9\/11. S\u00e1bado e domingo, das 10h \u00e0s 18h30. Entrada livre<\/strong><\/p>\n<p dir=\"ltr\">Quatro toneladas de castanha e mil litros de vinho dos produtores locais fazem as honras da degusta\u00e7\u00e3o nos magustos tradicionais do certame. Em cartaz est\u00e3o tamb\u00e9m outros sabores da terra, artesanato (cestaria e bordados com casca de castanha s\u00e3o dois dos exemplos na montra), anima\u00e7\u00e3o musical e uma Quinzena Gastron\u00f3mica da Castanha a temperar as ementas de 15 restaurantes do concelho, at\u00e9 23 de Novembro.<\/p>\n<p>XX Rural Castanea &#8211; Festa da Castanha<\/p>\n<p dir=\"ltr\"><strong>BRAGAN\u00c7A Parque Municipal de Exposi\u00e7\u00f5es e Feiras de Vinhais. De 7\/11 a 9\/11.<\/strong><\/p>\n<p dir=\"ltr\">O \u201cmaior assador de castanhas do mundo\u201d \u00e9 o grande trunfo do certame que, a par do magusto permanente com a castanha da terra, apresenta outros produtos de Outono (mel, nozes, azeite, vinho\u2026), chegas de touros, jornadas, do\u00e7aria, concursos, caminhadas e m\u00fasica.<\/p>\n<p>        &#13;<\/p>\n<p>&#13;<br \/>\n                &#13;\n            <\/p>\n<p>&#13;<\/p>\n<p>Feira de Chocolate de Gr\u00e2ndola<\/p>\n<p dir=\"ltr\"><strong>GR\u00c2NDOLA Parque de Feiras e Exposi\u00e7\u00f5es. De 7\/11 a 9\/11. Sexta, das 14h \u00e0s 24h; s\u00e1bado, das 12h \u00e0s 24h; domingo, das 12h \u00e0s 20h. 1\u20ac a 1,50\u20ac\/dia, 3\u20ac\/passe (gr\u00e1tis at\u00e9 9 anos)<\/strong><\/p>\n<p dir=\"ltr\">Mais de uma centena de expositores d\u00e3o a conhecer os seus trunfos em forma de doce. Tamb\u00e9m por l\u00e1 passam demonstra\u00e7\u00f5es de mestres chocolatiers, degusta\u00e7\u00f5es, espect\u00e1culos musicais, teatro de rua, circo, tasquinhas, vinhos, uma Casinha do Chocolate e anima\u00e7\u00e3o para os mais novos. Isto sem esquecer a escultura ao vivo de uma r\u00e9plica em chocolate de um edif\u00edcio emblem\u00e1tico local, o Dep\u00f3sito de \u00c1gua, pelas m\u00e3os de Marlene Alexandre e sua equipa.<\/p>\n<p>Festa da Vinha e do Vinho<\/p>\n<p dir=\"ltr\"><strong>ARRUDA DOS VINHOS Pavilh\u00e3o Multiusos. De 6\/11 a 9\/11. Quinta, das 18h \u00e0s 24h; sexta, das 18h \u00e0s 2h; s\u00e1bado, das 12h \u00e0s 2h; domingo, das 12h \u00e0s 22h. Entrada livre<\/strong><\/p>\n<p dir=\"ltr\">Arruda dos Vinhos volta a chamar a si os louros da tradi\u00e7\u00e3o vitivin\u00edcola, brindar aos n\u00e9ctares da regi\u00e3o e dar conta de outros trunfos da terra, como o artesanato ou os sabores \u2013 que tanto podem ser apreciados nos restaurantes presentes no recinto, como nos 11 que participam na mostra gastron\u00f3mica que decorre no concelho at\u00e9 ao final do m\u00eas. Ao cartaz desta 28.\u00aa edi\u00e7\u00e3o juntam-se provas, espect\u00e1culos, folclore, conversas e showcooking.<\/p>\n<p>Zeca Pagodinho<\/p>\n<p dir=\"ltr\"><strong>PORTO Super Bock Arena &#8211; Pavilh\u00e3o Rosa Mota. Dia 8\/11, \u00e0s 21h30. M\/6. 40\u20ac a 90\u20ac<\/strong><\/p>\n<p dir=\"ltr\">O m\u00fasico brasileiro Zeca Pagodinho est\u00e1 entre as grandes estrelas do samba, mas poucas foram as suas apari\u00e7\u00f5es em Portugal. O seu regresso \u00e9, portanto, muito aguardado \u2013 ainda mais tendo em conta que vem percorrer os grandes momentos da carreira, ao embalo da celebra\u00e7\u00e3o das suas quatro d\u00e9cadas.<\/p>\n<p>        &#13;<\/p>\n<p>&#13;<br \/>\n                &#13;\n            <\/p>\n<p>&#13;<\/p>\n<p>\u00c0 Volta do Barroco<\/p>\n<p dir=\"ltr\"><strong>PORTO Casa da M\u00fasica. De 8\/11 a 16\/11. M\/6. 14\u20ac a 38\u20ac<\/strong><\/p>\n<p dir=\"ltr\">Sob a direc\u00e7\u00e3o de Andreas Spering, o Coro e a Orquestra Sinf\u00f3nica do Porto Casa da M\u00fasica interpretam o Requiem de Mozart. \u00c9 o in\u00edcio da 21.\u00aa edi\u00e7\u00e3o do ciclo \u00c0 Volta do Barroco. Amanh\u00e3, o Remix Ensemble e a Orquestra Barroca partilham o palco em M\u00fasica Concertante, com pe\u00e7as de Rebecca Saunders, Magnus Lindberg, Jo\u00e3o Carlos Pinto, Joseph Haydn e Wolfgang Amadeus Mozart, regressando na ter\u00e7a-feira com O Fasc\u00ednio do Barroco. A fechar a ronda vem o Coro Casa da M\u00fasica e o recital Caminhos para Roma.<\/p>\n<p>Um Olhar Contempor\u00e2neo sobre a Arquitectura<\/p>\n<p dir=\"ltr\"><strong>PORTO Antiga Casa da C\u00e2mara. Dia 8\/11, \u00e0s 11h30. Entrada livre, sujeita a inscri\u00e7\u00e3o pr\u00e9via<\/strong><\/p>\n<p dir=\"ltr\">\u00daltima visita guiada \u00e0 exposi\u00e7\u00e3o do Pr\u00e9mio Lu\u00eds Ferreira Alves &#8211; Concurso Internacional de Fotografia, patente at\u00e9 dia 30 de Novembro. Coordenada pelo investigador Pedro Le\u00e3o Neto, conta com as arquitectas convidadas Maria Neto e Ana Miriam Rebelo.<\/p>\n<p>A Senhora Klein<\/p>\n<p dir=\"ltr\"><strong>LISBOA Teatro Meridional. De 2\/10 a 9\/11. Quarta a s\u00e1bado, \u00e0s 21h; domingo, \u00e0s 16h. M\/14. 13\u20ac<\/strong><\/p>\n<p dir=\"ltr\">Londres, 1934. Num conflito entre psicanalistas, as din\u00e2micas de poder no seio de uma fam\u00edlia levam a uma falta de coer\u00eancia entre \u201ca mat\u00e9ria discursiva e a sua viv\u00eancia pr\u00e1tica no quotidiano da vida e no intrincado das rela\u00e7\u00f5es humanas\u201d, descreve a sinopse. Uma hist\u00f3ria ficcionada centrada na psicanalista austr\u00edaca Melanie Klein (1882-1960). O texto \u00e9 de Nicholas Wright; da encena\u00e7\u00e3o desta vers\u00e3o, traduzida por Maria Jo\u00e3o da Rocha Afonso, trata Nat\u00e1lia Luiza. Ana Catarina Afonso, Raquel de Oliveira e N\u00eddia Roque comp\u00f5em o elenco desta que \u00e9 a 76.\u00aa produ\u00e7\u00e3o do Teatro Meridional.<\/p>\n<p>        &#13;<\/p>\n<p>&#13;<br \/>\n                &#13;\n            <\/p>\n<p>&#13;<\/p>\n","protected":false},"excerpt":{"rendered":"41.\u00aa Festa do Castanheiro e Feira da Castanha MARV\u00c3O Vila. Dias 8\/11 e 9\/11. S\u00e1bado e domingo, das&hellip;\n","protected":false},"author":2,"featured_media":145500,"comment_status":"","ping_status":"","sticky":false,"template":"","format":"standard","meta":{"footnotes":""},"categories":[10],"tags":[1632,27,28,16220,21981,15,16,287,754,14,25,26,294,21,22,150,12,13,19,20,1633,32,23,24,33,291,2387,17,18,29,30,31],"class_list":{"0":"post-145499","1":"post","2":"type-post","3":"status-publish","4":"format-standard","5":"has-post-thumbnail","7":"category-portugal","8":"tag-agenda","9":"tag-breaking-news","10":"tag-breakingnews","11":"tag-castanhas","12":"tag-chocolate","13":"tag-featured-news","14":"tag-featurednews","15":"tag-fugas","16":"tag-gastronomia","17":"tag-headlines","18":"tag-latest-news","19":"tag-latestnews","20":"tag-lazer","21":"tag-main-news","22":"tag-mainnews","23":"tag-musica","24":"tag-news","25":"tag-noticias","26":"tag-noticias-principais","27":"tag-noticiasprincipais","28":"tag-o-que-fazer","29":"tag-portugal","30":"tag-principais-noticias","31":"tag-principaisnoticias","32":"tag-pt","33":"tag-relaxar","34":"tag-teatro","35":"tag-top-stories","36":"tag-topstories","37":"tag-ultimas","38":"tag-ultimas-noticias","39":"tag-ultimasnoticias"},"share_on_mastodon":{"url":"https:\/\/pubeurope.com\/@pt\/115520593263042922","error":""},"_links":{"self":[{"href":"https:\/\/www.europesays.com\/pt\/wp-json\/wp\/v2\/posts\/145499","targetHints":{"allow":["GET"]}}],"collection":[{"href":"https:\/\/www.europesays.com\/pt\/wp-json\/wp\/v2\/posts"}],"about":[{"href":"https:\/\/www.europesays.com\/pt\/wp-json\/wp\/v2\/types\/post"}],"author":[{"embeddable":true,"href":"https:\/\/www.europesays.com\/pt\/wp-json\/wp\/v2\/users\/2"}],"replies":[{"embeddable":true,"href":"https:\/\/www.europesays.com\/pt\/wp-json\/wp\/v2\/comments?post=145499"}],"version-history":[{"count":0,"href":"https:\/\/www.europesays.com\/pt\/wp-json\/wp\/v2\/posts\/145499\/revisions"}],"wp:featuredmedia":[{"embeddable":true,"href":"https:\/\/www.europesays.com\/pt\/wp-json\/wp\/v2\/media\/145500"}],"wp:attachment":[{"href":"https:\/\/www.europesays.com\/pt\/wp-json\/wp\/v2\/media?parent=145499"}],"wp:term":[{"taxonomy":"category","embeddable":true,"href":"https:\/\/www.europesays.com\/pt\/wp-json\/wp\/v2\/categories?post=145499"},{"taxonomy":"post_tag","embeddable":true,"href":"https:\/\/www.europesays.com\/pt\/wp-json\/wp\/v2\/tags?post=145499"}],"curies":[{"name":"wp","href":"https:\/\/api.w.org\/{rel}","templated":true}]}}