{"id":14551,"date":"2025-08-03T18:35:11","date_gmt":"2025-08-03T18:35:11","guid":{"rendered":"https:\/\/www.europesays.com\/pt\/14551\/"},"modified":"2025-08-03T18:35:11","modified_gmt":"2025-08-03T18:35:11","slug":"vale-tudo-tais-araujo-ajuda-globo-a-faturar-com-novela-03-08-2025-outro-canal","status":"publish","type":"post","link":"https:\/\/www.europesays.com\/pt\/14551\/","title":{"rendered":"Vale Tudo: Ta\u00eds Araujo ajuda Globo a faturar com novela &#8211; 03\/08\/2025 &#8211; Outro Canal"},"content":{"rendered":"<p>\n<strong class=\"c-signature__location\">Aracaju <\/strong>\n<\/p>\n<p>Int\u00e9rprete da cozinheira (e agora empres\u00e1ria) Raquel no remake de <a href=\"https:\/\/www1.folha.uol.com.br\/folha-topicos\/vale-tudo-novela\/\" rel=\"nofollow noopener\" target=\"\">&#8220;Vale Tudo&#8221;<\/a>, <a href=\"https:\/\/www1.folha.uol.com.br\/folha-topicos\/tais-araujo\/\" rel=\"nofollow noopener\" target=\"_blank\">Ta\u00eds Araujo<\/a> tem chamado a aten\u00e7\u00e3o nos bastidores da <a href=\"https:\/\/www1.folha.uol.com.br\/folha-topicos\/globo\/\" rel=\"nofollow noopener\" target=\"_blank\">Globo<\/a> por um motivo que vai al\u00e9m da atua\u00e7\u00e3o. A atriz vem mostrando ser querida pelo mercado publicit\u00e1rio.<\/p>\n<p>Ao todo, cerca de dez marcas investem apenas na Raquel de &#8220;Vale Tudo&#8221;. Algumas delas t\u00eam contrato com Ta\u00eds para que ela seja o rosto de campanhas. E s\u00e3o contratos longos, sempre acima de um ano de dura\u00e7\u00e3o.<\/p>\n<p>Uma delas \u00e9 a operadora de celular Vivo, que tem a atriz como seu principal nome em comerciais atualmente e fechou tamb\u00e9m um pacote de a\u00e7\u00f5es na novela. Novos contratos tamb\u00e9m est\u00e3o chegando.<\/p>\n<p>\u00c9 o caso da marca Comfort, amaciante da Unilever, que fechou um v\u00ednculo recentemente com a int\u00e9rprete da batalhadora Raquel, e tamb\u00e9m com a Globo. Uma a\u00e7\u00e3o vai ao ar no remake nas pr\u00f3ximas semanas.<\/p>\n<p><a href=\"https:\/\/f5.folha.uol.com.br\/colunistas\/outro-canal\/2025\/07\/vale-tudo-bate-recorde-e-vira-novela-das-nove-de-maior-faturamento-da-historia-da-globo.shtml\" rel=\"nofollow noopener\" target=\"\">&#8220;Vale Tudo&#8221; j\u00e1 entrou na hist\u00f3ria da Globo como a novela de maior faturamento na hist\u00f3ria da emissora, <\/a>com 16 marcas anunciantes e mais de 80 a\u00e7\u00f5es de conte\u00fado.<\/p>\n<p>No mercado, estima-se que a Globo j\u00e1 tenha arrecadado mais de R$ 200 milh\u00f5es em publicidade com &#8220;Vale Tudo&#8221;. A transforma\u00e7\u00e3o do visual de Raquel em &#8220;Vale Tudo&#8221; foi feita pela L&#8217;Oreal, que tem Tais como parceira de neg\u00f3cios.<\/p>\n<p>Ta\u00eds Araujo tem participa\u00e7\u00e3o primordial, na vis\u00e3o da Globo, nessa situa\u00e7\u00e3o. A novela fica no ar at\u00e9 outubro, quando dar\u00e1 lugar para &#8220;Tr\u00eas Gra\u00e7as&#8221;, trama que marca a volta de Aguinaldo Silva \u00e0 emissora ap\u00f3s cinco anos.<\/p>\n<p>  <a href=\"https:\/\/f5.folha.uol.com.br\/colunistas\/outro-canal\/\" rel=\"nofollow noopener\" target=\"_blank\"><br \/>\n    <img decoding=\"async\" src=\"https:\/\/www.europesays.com\/pt\/wp-content\/uploads\/2025\/07\/172599691166e09f6f54fe2_1725996911_1x1_xs.jpg\" alt=\"Foto de Outro Canal\" class=\"img-responsive c-lazyload\"\/><\/p>\n<p>  <\/a><\/p>\n<p class=\"author__description\">\n    Cobre diariamente os bastidores das novelas, do telejornalismo e da m\u00eddia esportiva. Tem como titular o jornalista Gabriel Vaquer\n  <\/p>\n","protected":false},"excerpt":{"rendered":"Aracaju Int\u00e9rprete da cozinheira (e agora empres\u00e1ria) Raquel no remake de &#8220;Vale Tudo&#8221;, Ta\u00eds Araujo tem chamado a&hellip;\n","protected":false},"author":2,"featured_media":14552,"comment_status":"","ping_status":"","sticky":false,"template":"","format":"standard","meta":{"footnotes":""},"categories":[142],"tags":[219,211,223,114,115,224,225,226,753,221,220,222,2931,32,33,5837,218,228,151,2930,227],"class_list":{"0":"post-14551","1":"post","2":"type-post","3":"status-publish","4":"format-standard","5":"has-post-thumbnail","7":"category-tv","8":"tag-bichos","9":"tag-celebridades","10":"tag-colunistas","11":"tag-entertainment","12":"tag-entretenimento","13":"tag-estranho","14":"tag-eu-amo","15":"tag-fofices","16":"tag-globo","17":"tag-horoscopo","18":"tag-humanos","19":"tag-humor","20":"tag-novela","21":"tag-portugal","22":"tag-pt","23":"tag-tas-araujo","24":"tag-televisao","25":"tag-tudo","26":"tag-tv","27":"tag-vale-tudo-novela","28":"tag-videos"},"share_on_mastodon":{"url":"","error":""},"_links":{"self":[{"href":"https:\/\/www.europesays.com\/pt\/wp-json\/wp\/v2\/posts\/14551","targetHints":{"allow":["GET"]}}],"collection":[{"href":"https:\/\/www.europesays.com\/pt\/wp-json\/wp\/v2\/posts"}],"about":[{"href":"https:\/\/www.europesays.com\/pt\/wp-json\/wp\/v2\/types\/post"}],"author":[{"embeddable":true,"href":"https:\/\/www.europesays.com\/pt\/wp-json\/wp\/v2\/users\/2"}],"replies":[{"embeddable":true,"href":"https:\/\/www.europesays.com\/pt\/wp-json\/wp\/v2\/comments?post=14551"}],"version-history":[{"count":0,"href":"https:\/\/www.europesays.com\/pt\/wp-json\/wp\/v2\/posts\/14551\/revisions"}],"wp:featuredmedia":[{"embeddable":true,"href":"https:\/\/www.europesays.com\/pt\/wp-json\/wp\/v2\/media\/14552"}],"wp:attachment":[{"href":"https:\/\/www.europesays.com\/pt\/wp-json\/wp\/v2\/media?parent=14551"}],"wp:term":[{"taxonomy":"category","embeddable":true,"href":"https:\/\/www.europesays.com\/pt\/wp-json\/wp\/v2\/categories?post=14551"},{"taxonomy":"post_tag","embeddable":true,"href":"https:\/\/www.europesays.com\/pt\/wp-json\/wp\/v2\/tags?post=14551"}],"curies":[{"name":"wp","href":"https:\/\/api.w.org\/{rel}","templated":true}]}}