{"id":145513,"date":"2025-11-09T16:15:16","date_gmt":"2025-11-09T16:15:16","guid":{"rendered":"https:\/\/www.europesays.com\/pt\/145513\/"},"modified":"2025-11-09T16:15:16","modified_gmt":"2025-11-09T16:15:16","slug":"o-estranho-comportamento-da-wizz-air","status":"publish","type":"post","link":"https:\/\/www.europesays.com\/pt\/145513\/","title":{"rendered":"O estranho comportamento da Wizz Air"},"content":{"rendered":"<p data-remotead-prev-elm=\"true\" data-remotead-elm-id=\"inread\">&#8220;Embora a carteira de encomendas restante da Wizz Air, que conta com 273 aeronaves no total, permane\u00e7a inalterada, este acordo revisto ajusta o calend\u00e1rio de entrega para se alinhar com uma trajet\u00f3ria de crescimento de capacidades mais sustent\u00e1vel e rent\u00e1vel&#8221;, indicou a empresa em comunicado.<\/p>\n<p>Nos \u00faltimos meses, a Wizz Air comunicou a sua retirada de alguns mercados. E em setembro, revelou a sua retirada progressiva total da \u00c1ustria.<\/p>\n<p>Alguns meses antes, em julho, disse que sairia dos Emirados \u00c1rabes Unidos por falta de rentabilidade, invocando nomeadamente a instabilidade no M\u00e9dio Oriente.<\/p>\n<p data-remotead-prev-elm=\"true\" data-remotead-elm-id=\"centro1\">A Wizz Air possui atualmente uma frota de 249 aeronaves Airbus, A320 e A321, de acordo com os n\u00fameros divulgados pela empresa.<\/p>\n<p>Fundada em 2003, \u00e9 a s\u00e9tima companhia a\u00e9rea europeia em n\u00famero de voos di\u00e1rios, atr\u00e1s da Air France, mas \u00e0 frente da British Airways, de acordo com n\u00fameros da ag\u00eancia de monitoriza\u00e7\u00e3o do tr\u00e1fego a\u00e9reo Eurocontrol, datados do in\u00edcio de junho.<\/p>\n","protected":false},"excerpt":{"rendered":"&#8220;Embora a carteira de encomendas restante da Wizz Air, que conta com 273 aeronaves no total, permane\u00e7a inalterada,&hellip;\n","protected":false},"author":2,"featured_media":145514,"comment_status":"","ping_status":"","sticky":false,"template":"","format":"standard","meta":{"footnotes":""},"categories":[83],"tags":[88,89,90,32,33],"class_list":{"0":"post-145513","1":"post","2":"type-post","3":"status-publish","4":"format-standard","5":"has-post-thumbnail","7":"category-empresas","8":"tag-business","9":"tag-economy","10":"tag-empresas","11":"tag-portugal","12":"tag-pt"},"share_on_mastodon":{"url":"https:\/\/pubeurope.com\/@pt\/115520636456662328","error":""},"_links":{"self":[{"href":"https:\/\/www.europesays.com\/pt\/wp-json\/wp\/v2\/posts\/145513","targetHints":{"allow":["GET"]}}],"collection":[{"href":"https:\/\/www.europesays.com\/pt\/wp-json\/wp\/v2\/posts"}],"about":[{"href":"https:\/\/www.europesays.com\/pt\/wp-json\/wp\/v2\/types\/post"}],"author":[{"embeddable":true,"href":"https:\/\/www.europesays.com\/pt\/wp-json\/wp\/v2\/users\/2"}],"replies":[{"embeddable":true,"href":"https:\/\/www.europesays.com\/pt\/wp-json\/wp\/v2\/comments?post=145513"}],"version-history":[{"count":0,"href":"https:\/\/www.europesays.com\/pt\/wp-json\/wp\/v2\/posts\/145513\/revisions"}],"wp:featuredmedia":[{"embeddable":true,"href":"https:\/\/www.europesays.com\/pt\/wp-json\/wp\/v2\/media\/145514"}],"wp:attachment":[{"href":"https:\/\/www.europesays.com\/pt\/wp-json\/wp\/v2\/media?parent=145513"}],"wp:term":[{"taxonomy":"category","embeddable":true,"href":"https:\/\/www.europesays.com\/pt\/wp-json\/wp\/v2\/categories?post=145513"},{"taxonomy":"post_tag","embeddable":true,"href":"https:\/\/www.europesays.com\/pt\/wp-json\/wp\/v2\/tags?post=145513"}],"curies":[{"name":"wp","href":"https:\/\/api.w.org\/{rel}","templated":true}]}}