{"id":145515,"date":"2025-11-09T16:16:25","date_gmt":"2025-11-09T16:16:25","guid":{"rendered":"https:\/\/www.europesays.com\/pt\/145515\/"},"modified":"2025-11-09T16:16:25","modified_gmt":"2025-11-09T16:16:25","slug":"novo-presidente-do-parlamento-checo-tira-bandeira-ucraniana-observador","status":"publish","type":"post","link":"https:\/\/www.europesays.com\/pt\/145515\/","title":{"rendered":"Novo presidente do parlamento checo tira bandeira ucraniana \u2013 Observador"},"content":{"rendered":"<p>Acompanhe o nosso liveblog sobre a <a href=\"https:\/\/observador.pt\/liveblogs\/trump-diz-que-eua-fizeram-muitos-progressos-para-acabar-a-guerra-na-ucrania\/\" rel=\"nofollow noopener\" target=\"_blank\">guerra da Ucr\u00e2nia<\/a><\/p>\n<p>O rec\u00e9m-eleito presidente do parlamento da Rep\u00fablica Checa, Tomio Okamura (extrema-direita), gerou pol\u00e9mica ao retirar a bandeira ucraniana da fachada do edif\u00edcio, que era at\u00e9 agora um s\u00edmbolo da solidariedade com o pa\u00eds invadido pela R\u00fassia.<\/p>\n<p>Okamura, uma figura controversa que lidera o partido de extrema-direita Liberdade e Democracia Direta, mostrou em v\u00e1rias ocasi\u00f5es uma posi\u00e7\u00e3o cr\u00edtica em rela\u00e7\u00e3o \u00e0 Uni\u00e3o Europeia \u2014 questionando mesmo a presen\u00e7a da Rep\u00fablica Checa no bloco europeu \u2014, e \u00e0 NATO.<\/p>\n<p>Pouco depois de assumir o novo cargo de presidente da assembleia, <strong>o pol\u00edtico checo decidiu retirar a bandeira,<\/strong> o que suscitou cr\u00edticas de um grande n\u00famero de deputados.<\/p>\n<p>A situa\u00e7\u00e3o levou alguns parlamentares a colocar bandeiras ucranianas nas janelas dos seus respetivos gabinetes na sede do parlamento.<\/p>\n<p>A maioria dos deputados que manifestou rep\u00fadio \u00e0 decis\u00e3o do novo l\u00edder do parlamento integra partidos da coliga\u00e7\u00e3o governamental cessante.<\/p>\n<p>A antecessora de Okamura no cargo, Marketa Pekarova Adamova, considerou que se tratou de um <strong>\u201cgesto lament\u00e1vel\u201d<\/strong> por parte do pol\u00edtico de extrema-direita e considerou que <strong>\u201cn\u00e3o visa apenas a popula\u00e7\u00e3o ucraniana, mas tamb\u00e9m os valores fundamentais da Rep\u00fablica Checa\u201d,<\/strong> noticiou a Radio Prague International.<\/p>\n<p>Juntamente com a bandeira da Rep\u00fablica Checa, permanecem agora na fachada do edif\u00edcio do parlamento a da Uni\u00e3o Europeia e a de Israel, i\u00e7ada ap\u00f3s os ataques do movimento islamita palestiniano Hamas em outubro de 2023.<\/p>\n<p>A bandeira ucraniana havia sido colocada na fachada ap\u00f3s o in\u00edcio da invas\u00e3o russa, em fevereiro de 2022.<\/p>\n<p>Considerado pr\u00f3-russo, <strong>Okamura<\/strong> foi eleito na quarta-feira <strong>presidente do parlamento<\/strong> com o apoio dos deputados do seu partido, do movimento populista Alian\u00e7a dos Cidad\u00e3os Descontentes (ANO), do magnata agroindustrial Andrej Babis \u2014 que dever\u00e1 liderar o pr\u00f3ximo Governo \u2014\u00a0e do partido Motoristas Unidos.<\/p>\n<p>Estas tr\u00eas for\u00e7as populistas e euroc\u00e9ticas, que representam 108 dos 200 lugares no parlamento, dever\u00e3o chegar ao poder nas pr\u00f3ximas semanas, depois de terem chegado a acordo para governar em conjunto, na sequ\u00eancia das elei\u00e7\u00f5es legislativas realizadas a 3 e 4 de outubro.<\/p>\n<p>At\u00e9 agora, a Rep\u00fablica Checa est\u00e1 entre os pa\u00edses que mais apoiam a Ucr\u00e2nia.<\/p>\n<p>A nomea\u00e7\u00e3o de Okamura suscitou um debate controverso na c\u00e2mara devido \u00e0s suas conhecidas posi\u00e7\u00f5es pr\u00f3-russas e euroc\u00e9ticas, bem como uma investiga\u00e7\u00e3o policial por suspeita de incitamento ao \u00f3dio, na sequ\u00eancia de cartazes de campanha do seu partido que mostravam imagens e mensagens discriminat\u00f3rias e racistas contra migrantes e ciganos.<\/p>\n","protected":false},"excerpt":{"rendered":"Acompanhe o nosso liveblog sobre a guerra da Ucr\u00e2nia O rec\u00e9m-eleito presidente do parlamento da Rep\u00fablica Checa, Tomio&hellip;\n","protected":false},"author":2,"featured_media":145516,"comment_status":"","ping_status":"","sticky":false,"template":"","format":"standard","meta":{"footnotes":""},"categories":[50],"tags":[27,28,445,15,16,1123,14,25,26,21,22,62,12,13,19,20,4532,302,23,24,24188,17,18,1124,29,30,31,63,64,65],"class_list":{"0":"post-145515","1":"post","2":"type-post","3":"status-publish","4":"format-standard","5":"has-post-thumbnail","7":"category-mundo","8":"tag-breaking-news","9":"tag-breakingnews","10":"tag-europa","11":"tag-featured-news","12":"tag-featurednews","13":"tag-guerra-na-ucru00e2nia","14":"tag-headlines","15":"tag-latest-news","16":"tag-latestnews","17":"tag-main-news","18":"tag-mainnews","19":"tag-mundo","20":"tag-news","21":"tag-noticias","22":"tag-noticias-principais","23":"tag-noticiasprincipais","24":"tag-parlamento","25":"tag-polu00edtica","26":"tag-principais-noticias","27":"tag-principaisnoticias","28":"tag-repu00fablica-checa","29":"tag-top-stories","30":"tag-topstories","31":"tag-ucru00e2nia","32":"tag-ultimas","33":"tag-ultimas-noticias","34":"tag-ultimasnoticias","35":"tag-world","36":"tag-world-news","37":"tag-worldnews"},"share_on_mastodon":{"url":"https:\/\/pubeurope.com\/@pt\/115520640312305960","error":""},"_links":{"self":[{"href":"https:\/\/www.europesays.com\/pt\/wp-json\/wp\/v2\/posts\/145515","targetHints":{"allow":["GET"]}}],"collection":[{"href":"https:\/\/www.europesays.com\/pt\/wp-json\/wp\/v2\/posts"}],"about":[{"href":"https:\/\/www.europesays.com\/pt\/wp-json\/wp\/v2\/types\/post"}],"author":[{"embeddable":true,"href":"https:\/\/www.europesays.com\/pt\/wp-json\/wp\/v2\/users\/2"}],"replies":[{"embeddable":true,"href":"https:\/\/www.europesays.com\/pt\/wp-json\/wp\/v2\/comments?post=145515"}],"version-history":[{"count":0,"href":"https:\/\/www.europesays.com\/pt\/wp-json\/wp\/v2\/posts\/145515\/revisions"}],"wp:featuredmedia":[{"embeddable":true,"href":"https:\/\/www.europesays.com\/pt\/wp-json\/wp\/v2\/media\/145516"}],"wp:attachment":[{"href":"https:\/\/www.europesays.com\/pt\/wp-json\/wp\/v2\/media?parent=145515"}],"wp:term":[{"taxonomy":"category","embeddable":true,"href":"https:\/\/www.europesays.com\/pt\/wp-json\/wp\/v2\/categories?post=145515"},{"taxonomy":"post_tag","embeddable":true,"href":"https:\/\/www.europesays.com\/pt\/wp-json\/wp\/v2\/tags?post=145515"}],"curies":[{"name":"wp","href":"https:\/\/api.w.org\/{rel}","templated":true}]}}