{"id":145538,"date":"2025-11-09T16:47:10","date_gmt":"2025-11-09T16:47:10","guid":{"rendered":"https:\/\/www.europesays.com\/pt\/145538\/"},"modified":"2025-11-09T16:47:10","modified_gmt":"2025-11-09T16:47:10","slug":"iara-ramos-nascimento-irma-de-claudio-ramos-quebra-o-silencio-sobre-o-seu-estado-de-saude-mal-consigo","status":"publish","type":"post","link":"https:\/\/www.europesays.com\/pt\/145538\/","title":{"rendered":"Iara Ramos Nascimento &#8211; Irm\u00e3 de Cl\u00e1udio Ramos quebra o sil\u00eancio sobre o seu estado de sa\u00fade: \u201cMal consigo&#8230;\u201d"},"content":{"rendered":"<p>A fam\u00edlia de <strong>Cl\u00e1udio Ramos<\/strong> viveu dias de grande desespero durante o desaparecimento da irm\u00e3 <strong>Iara Ramos Nascimento<\/strong>.<\/p>\n<p>A cabeleireira foi dada como desaparecida no dia 13 de outubro. Uma semana depois de <a href=\"https:\/\/www.novagente.pt\/claudio-ramos-irma-esta-desaparecida-apresentador-pede-ajuda-familia-agradece\" rel=\"nofollow noopener\" target=\"_blank\">muitas partilhas<\/a> nas redes sociais, a <strong>GNR de Elvas<\/strong> e as autoridades transfronteiri\u00e7as, em <strong>Caya<\/strong>, <strong>Espanha<\/strong>, descobriram que<a href=\"https:\/\/www.novagente.pt\/claudio-ramos-apresentador-pronuncia-se-apos-irma-ser-encontrada\" rel=\"nofollow noopener\" target=\"_blank\"> se encontrava<\/a> na<strong> ala psiqui\u00e1trica <\/strong>do <strong>Hospital La Paz<\/strong>.<\/p>\n<p>A irm\u00e3 do rosto da <strong>TVI<\/strong> ter\u00e1 sido <a href=\"https:\/\/www.novagente.pt\/claudio-ramos-irma-esta-internada-em-espanha-tera-sido-forca\" rel=\"nofollow noopener\" target=\"_blank\">internada de urg\u00eancia<\/a> ap\u00f3s um epis\u00f3dio psic\u00f3tico grave causado por um<a href=\"https:\/\/www.novagente.pt\/claudio-ramos-revelado-que-aconteceu-irma-antes-de-ser-encontrada-em-madrid\" rel=\"nofollow noopener\" target=\"_blank\"> acidente de carro<\/a>.<\/p>\n<blockquote>\n<p><strong>Leia tamb\u00e9m: <\/strong><a href=\"https:\/\/www.novagente.pt\/claudio-ramos-revela-como-encontrou-casa-da-irma-iara\" rel=\"nofollow noopener\" target=\"_blank\">Cl\u00e1udio Ramos revela como encontrou a casa da irm\u00e3 <\/a><strong>Iara Ramos Nascimento<\/strong><\/p>\n<\/blockquote>\n<p>Iara Ramos <a href=\"https:\/\/www.novagente.pt\/claudio-ramos-ha-novidades-sobre-estado-de-saude-da-irma-do-apresentador\" rel=\"nofollow noopener\" target=\"_blank\">teve alta hospitalar<\/a> na segunda-feira, 3 de novembro. O site Dioguinho falou com a mulher de 47 anos\u00a0que confessou que <strong>ainda n\u00e3o est\u00e1 a trabalhar porque \u201cest\u00e1 demasiado medicada\u201d<\/strong>.<\/p>\n<p><strong>\u201cVou mesmo agora ser vacinada. A seguir fico muito sonolenta, sem vontade de nada, mal consigo falar\u201d<\/strong>, revelou o que acontece ap\u00f3s a toma da inje\u00e7\u00e3o \u201cantipsic\u00f3tica de a\u00e7\u00e3o prolongada\u201d.<\/p>\n<p>No entanto, assegurou que est\u00e1 <strong>\u201cmuito melhor\u201d<\/strong>.<\/p>\n<p>\u00a0<\/p>\n<p>Texto: Carolina Charrua; Fotos: Redes sociais e Impala<\/p>\n<p class=\"intagram-text\">Siga a Nova Gente no Instagram<\/p>\n<p>                        <a href=\"https:\/\/www.instagram.com\/revistanovagente\/\" target=\"_blank\" aria-label=\"instagram\" rel=\"noopener nofollow\"><img decoding=\"async\" style=\"display: block; margin-left: auto; margin-right: auto; width: 250px; height: 83px;\" src=\"https:\/\/www.europesays.com\/pt\/wp-content\/uploads\/2025\/11\/Instagram_NG.png\" alt=\"instagram\"\/><\/a><br \/>\n                    <script async src=\"\/\/www.instagram.com\/embed.js\"><\/script><\/p>\n","protected":false},"excerpt":{"rendered":"A fam\u00edlia de Cl\u00e1udio Ramos viveu dias de grande desespero durante o desaparecimento da irm\u00e3 Iara Ramos Nascimento.&hellip;\n","protected":false},"author":2,"featured_media":145539,"comment_status":"","ping_status":"","sticky":false,"template":"","format":"standard","meta":{"footnotes":""},"categories":[145],"tags":[211,210,329,21158,114,115,1789,27442,12195,32,33,117],"class_list":{"0":"post-145538","1":"post","2":"type-post","3":"status-publish","4":"format-standard","5":"has-post-thumbnail","7":"category-celebridades","8":"tag-celebridades","9":"tag-celebrities","10":"tag-claudio-ramos","11":"tag-desaparecimento","12":"tag-entertainment","13":"tag-entretenimento","14":"tag-hospital","15":"tag-iara-ramos-nascimento","16":"tag-irma","17":"tag-portugal","18":"tag-pt","19":"tag-saude"},"share_on_mastodon":{"url":"https:\/\/pubeurope.com\/@pt\/115520762475485224","error":""},"_links":{"self":[{"href":"https:\/\/www.europesays.com\/pt\/wp-json\/wp\/v2\/posts\/145538","targetHints":{"allow":["GET"]}}],"collection":[{"href":"https:\/\/www.europesays.com\/pt\/wp-json\/wp\/v2\/posts"}],"about":[{"href":"https:\/\/www.europesays.com\/pt\/wp-json\/wp\/v2\/types\/post"}],"author":[{"embeddable":true,"href":"https:\/\/www.europesays.com\/pt\/wp-json\/wp\/v2\/users\/2"}],"replies":[{"embeddable":true,"href":"https:\/\/www.europesays.com\/pt\/wp-json\/wp\/v2\/comments?post=145538"}],"version-history":[{"count":0,"href":"https:\/\/www.europesays.com\/pt\/wp-json\/wp\/v2\/posts\/145538\/revisions"}],"wp:featuredmedia":[{"embeddable":true,"href":"https:\/\/www.europesays.com\/pt\/wp-json\/wp\/v2\/media\/145539"}],"wp:attachment":[{"href":"https:\/\/www.europesays.com\/pt\/wp-json\/wp\/v2\/media?parent=145538"}],"wp:term":[{"taxonomy":"category","embeddable":true,"href":"https:\/\/www.europesays.com\/pt\/wp-json\/wp\/v2\/categories?post=145538"},{"taxonomy":"post_tag","embeddable":true,"href":"https:\/\/www.europesays.com\/pt\/wp-json\/wp\/v2\/tags?post=145538"}],"curies":[{"name":"wp","href":"https:\/\/api.w.org\/{rel}","templated":true}]}}