{"id":145540,"date":"2025-11-09T16:50:12","date_gmt":"2025-11-09T16:50:12","guid":{"rendered":"https:\/\/www.europesays.com\/pt\/145540\/"},"modified":"2025-11-09T16:50:12","modified_gmt":"2025-11-09T16:50:12","slug":"o-meu-novo-bom-dia-na-cama-barbara-parada-acorda-com-companhia-especial","status":"publish","type":"post","link":"https:\/\/www.europesays.com\/pt\/145540\/","title":{"rendered":"&#8220;O meu novo bom dia&#8221;: na cama, B\u00e1rbara Parada acorda com companhia especial!"},"content":{"rendered":"<p>No passado s\u00e1bado, dia 9, <a href=\"https:\/\/selfie.iol.pt\/famosos\/big-brother\/o-meu-novo-bebe-barbara-parada-partilha-importante-novidade-ele-foi-um-descuido\/20251108\/690f820fd34e2bd5c6d3c7f7\" target=\"_blank\" rel=\"nofollow noopener\">B\u00e1rbara Parada<\/a> partilhou uma importante novidade: a\u00a0finalista do &#8220;<a href=\"https:\/\/tvi.iol.pt\/bigbrother\/\" target=\"_blank\" rel=\"nofollow noopener\">Big Brother<\/a> 2022&#8243; adotou um novo c\u00e3ozinho.<\/p>\n<p>Entretanto, no Instagram, B\u00e1rbara Parada mostrou-se a acordar com essa companhia especial. &#8220;O meu novo bom dia&#8221;, afirmou a influenciadora digital na legenda de uma fotografia ternurenta do &#8220;amigo de quatro patas&#8221;.<\/p>\n<p>&#8220;Malta, n\u00e3o dormi. Estou destru\u00edda. Acho que nem sequer durmi uma hora seguida. Ele dormiu comigo. No in\u00edcio da noite, quis brincadeira e depois, para dormir, ele \u00e9 t\u00e3o fofo: queria estar sempre com o focinho por cima ou por baixo do meu pesco\u00e7o. E eu com medo\/ ansiedade de o &#8216;esmagar&#8217; sem querer&#8221;, assinalou ainda B\u00e1rbara Parada, antes de acrescentar: &#8220;N\u00e3o dormi mesmo. De noite, a cabe\u00e7a n\u00e3o funciona t\u00e3o bem&#8230; Agora, sei que, se o magoasse, ele reagia. Acordei com ele a roer a madeira da minha cama.&#8221;<\/p>\n<p>Veja, agora, algumas das melhores imagens de B\u00e1rbara Parada nas galerias de fotografias que prepar\u00e1mos para si.<\/p>\n<p><img decoding=\"async\" alt=\"\" onclick=\"\" src=\"https:\/\/www.europesays.com\/pt\/wp-content\/uploads\/2025\/11\/1762707012_939_1024.jpeg\" title=\"B\u00e1rbara Parada\"\/><\/p>\n","protected":false},"excerpt":{"rendered":"No passado s\u00e1bado, dia 9, B\u00e1rbara Parada partilhou uma importante novidade: a\u00a0finalista do &#8220;Big Brother 2022&#8243; adotou um&hellip;\n","protected":false},"author":2,"featured_media":110737,"comment_status":"","ping_status":"","sticky":false,"template":"","format":"standard","meta":{"footnotes":""},"categories":[142],"tags":[1353,2151,48,114,115,980,1015,619,32,33,1012,151],"class_list":{"0":"post-145540","1":"post","2":"type-post","3":"status-publish","4":"format-standard","5":"has-post-thumbnail","7":"category-tv","8":"tag-animais","9":"tag-barbara-parada","10":"tag-big-brother","11":"tag-entertainment","12":"tag-entretenimento","13":"tag-famosos","14":"tag-instagram","15":"tag-nacional","16":"tag-portugal","17":"tag-pt","18":"tag-selfie","19":"tag-tv"},"share_on_mastodon":{"url":"https:\/\/pubeurope.com\/@pt\/115520774415422038","error":""},"_links":{"self":[{"href":"https:\/\/www.europesays.com\/pt\/wp-json\/wp\/v2\/posts\/145540","targetHints":{"allow":["GET"]}}],"collection":[{"href":"https:\/\/www.europesays.com\/pt\/wp-json\/wp\/v2\/posts"}],"about":[{"href":"https:\/\/www.europesays.com\/pt\/wp-json\/wp\/v2\/types\/post"}],"author":[{"embeddable":true,"href":"https:\/\/www.europesays.com\/pt\/wp-json\/wp\/v2\/users\/2"}],"replies":[{"embeddable":true,"href":"https:\/\/www.europesays.com\/pt\/wp-json\/wp\/v2\/comments?post=145540"}],"version-history":[{"count":0,"href":"https:\/\/www.europesays.com\/pt\/wp-json\/wp\/v2\/posts\/145540\/revisions"}],"wp:featuredmedia":[{"embeddable":true,"href":"https:\/\/www.europesays.com\/pt\/wp-json\/wp\/v2\/media\/110737"}],"wp:attachment":[{"href":"https:\/\/www.europesays.com\/pt\/wp-json\/wp\/v2\/media?parent=145540"}],"wp:term":[{"taxonomy":"category","embeddable":true,"href":"https:\/\/www.europesays.com\/pt\/wp-json\/wp\/v2\/categories?post=145540"},{"taxonomy":"post_tag","embeddable":true,"href":"https:\/\/www.europesays.com\/pt\/wp-json\/wp\/v2\/tags?post=145540"}],"curies":[{"name":"wp","href":"https:\/\/api.w.org\/{rel}","templated":true}]}}