{"id":145566,"date":"2025-11-09T17:19:13","date_gmt":"2025-11-09T17:19:13","guid":{"rendered":"https:\/\/www.europesays.com\/pt\/145566\/"},"modified":"2025-11-09T17:19:13","modified_gmt":"2025-11-09T17:19:13","slug":"parece-a-minha-caturra-la-de-casa","status":"publish","type":"post","link":"https:\/\/www.europesays.com\/pt\/145566\/","title":{"rendered":"\u201cParece a minha caturra l\u00e1 de casa\u201d"},"content":{"rendered":"<p>Alice Alves n\u00e3o cont\u00e9m o riso com novo visual de F\u00e1bio no \u201cSecret Story\u201d: \u201cParece a minha caturra l\u00e1 de casa\u201d, disse.<\/p>\n<p>Momento divertido marcou o \u201cDi\u00e1rio\u201d de s\u00e1bado<\/p>\n<p>A emiss\u00e3o do <strong>\u201cDi\u00e1rio\u201d do Secret Story<\/strong>, transmitida pela <strong>TVI<\/strong> no s\u00e1bado, dia 8 de novembro, ficou marcada por um momento de boa disposi\u00e7\u00e3o protagonizado por <strong>Alice Alves<\/strong>. Durante uma liga\u00e7\u00e3o em direto \u00e0 casa, a apresentadora n\u00e3o conseguiu conter o riso ao ver <strong>F\u00e1bio<\/strong> com um visual inesperado.<\/p>\n<p>\u201cParece a minha caturra l\u00e1 de casa\u201d<\/p>\n<p>Enquanto <strong>Liliana<\/strong> esticava o cabelo ao namorado, <strong>Alice Alves<\/strong> divertiu-se com a cena transmitida em direto e comentou em tom de brincadeira:<\/p>\n<blockquote class=\"wp-block-quote is-layout-flow wp-block-quote-is-layout-flow\">\n<p><strong>\u201cEstou a olhar para o ecr\u00e3 e a ver ali o direto \u00e0 casa e temos o F\u00e1bio de cabelo esticadinho, empenado para o ar, parece a minha caturra l\u00e1 de casa. Ele est\u00e1 muito engra\u00e7ado. Est\u00e1 com uma poupinha igual \u00e0 minha caturra, n\u00e3o est\u00e3o a perceber.\u201d<\/strong><\/p>\n<\/blockquote>\n<p>A apresentadora riu-se durante a emiss\u00e3o, e o momento gerou gargalhadas tamb\u00e9m entre os comentadores presentes em est\u00fadio.<\/p>\n<p>Veja este momento <a href=\"https:\/\/tvi.iol.pt\/secretstory\/videos\/liliana-faz-mudanca-radical-no-visual-de-fabio-e-as-reacoes-sao-hilariantes\/690f769f0cf229bd2f8d3f43\" rel=\"nofollow noopener\" target=\"_blank\">AQUI<\/a>.<\/p>\n<p><a href=\"https:\/\/news.google.com\/publications\/CAAqBwgKMKfIoAswtNK4Aw\" target=\"_blank\" rel=\"noopener noreferrer nofollow\"><img loading=\"lazy\" data-lazyloaded=\"1\" width=\"481\" height=\"161\" decoding=\"async\" src=\"\/wp-content\/uploads\/2024\/02\/GN_siganos.png\" alt=\"Siga-nos no Google News\" style=\"margin-top:20px;\"\/><\/a><\/p>\n","protected":false},"excerpt":{"rendered":"Alice Alves n\u00e3o cont\u00e9m o riso com novo visual de F\u00e1bio no \u201cSecret Story\u201d: \u201cParece a minha caturra&hellip;\n","protected":false},"author":2,"featured_media":98512,"comment_status":"","ping_status":"","sticky":false,"template":"","format":"standard","meta":{"footnotes":""},"categories":[142],"tags":[8113,2632,114,115,32,33,151],"class_list":{"0":"post-145566","1":"post","2":"type-post","3":"status-publish","4":"format-standard","5":"has-post-thumbnail","7":"category-tv","8":"tag-alice-alves","9":"tag-casa-dos-segredos","10":"tag-entertainment","11":"tag-entretenimento","12":"tag-portugal","13":"tag-pt","14":"tag-tv"},"share_on_mastodon":{"url":"https:\/\/pubeurope.com\/@pt\/115520888417050489","error":""},"_links":{"self":[{"href":"https:\/\/www.europesays.com\/pt\/wp-json\/wp\/v2\/posts\/145566","targetHints":{"allow":["GET"]}}],"collection":[{"href":"https:\/\/www.europesays.com\/pt\/wp-json\/wp\/v2\/posts"}],"about":[{"href":"https:\/\/www.europesays.com\/pt\/wp-json\/wp\/v2\/types\/post"}],"author":[{"embeddable":true,"href":"https:\/\/www.europesays.com\/pt\/wp-json\/wp\/v2\/users\/2"}],"replies":[{"embeddable":true,"href":"https:\/\/www.europesays.com\/pt\/wp-json\/wp\/v2\/comments?post=145566"}],"version-history":[{"count":0,"href":"https:\/\/www.europesays.com\/pt\/wp-json\/wp\/v2\/posts\/145566\/revisions"}],"wp:featuredmedia":[{"embeddable":true,"href":"https:\/\/www.europesays.com\/pt\/wp-json\/wp\/v2\/media\/98512"}],"wp:attachment":[{"href":"https:\/\/www.europesays.com\/pt\/wp-json\/wp\/v2\/media?parent=145566"}],"wp:term":[{"taxonomy":"category","embeddable":true,"href":"https:\/\/www.europesays.com\/pt\/wp-json\/wp\/v2\/categories?post=145566"},{"taxonomy":"post_tag","embeddable":true,"href":"https:\/\/www.europesays.com\/pt\/wp-json\/wp\/v2\/tags?post=145566"}],"curies":[{"name":"wp","href":"https:\/\/api.w.org\/{rel}","templated":true}]}}