{"id":145594,"date":"2025-11-09T17:48:18","date_gmt":"2025-11-09T17:48:18","guid":{"rendered":"https:\/\/www.europesays.com\/pt\/145594\/"},"modified":"2025-11-09T17:48:18","modified_gmt":"2025-11-09T17:48:18","slug":"cop30-comeca-com-apenas-79-metas-climaticas-entregues-08-11-2025-ambiente","status":"publish","type":"post","link":"https:\/\/www.europesays.com\/pt\/145594\/","title":{"rendered":"COP30 come\u00e7a com apenas 79 metas clim\u00e1ticas entregues &#8211; 08\/11\/2025 &#8211; Ambiente"},"content":{"rendered":"<p>Tr\u00eas anos depois do rec\u00e9m-eleito presidente <a href=\"https:\/\/www1.folha.uol.com.br\/ambiente\/2022\/11\/lula-e-recebido-com-corredores-lotados-na-cop27-para-conversa-com-governadores-veja-video.shtml\" rel=\"nofollow noopener\" target=\"_blank\">Lula anunciar que queria trazer a COP30 para o Brasil<\/a>, come\u00e7a nesta segunda-feira (10) a 30\u00aa edi\u00e7\u00e3o da confer\u00eancia das Na\u00e7\u00f5es Unidas sobre <a href=\"https:\/\/www1.folha.uol.com.br\/folha-topicos\/mudanca-climatica\/\" rel=\"nofollow noopener\" target=\"_blank\">mudan\u00e7a clim\u00e1tica<\/a>, em <a href=\"https:\/\/www1.folha.uol.com.br\/folha-topicos\/belem\/\" rel=\"nofollow noopener\" target=\"_blank\">Bel\u00e9m<\/a>. As negocia\u00e7\u00f5es, que se estender\u00e3o por duas semanas, come\u00e7am em clima de incerteza.<\/p>\n<p>Dos 195 signat\u00e1rios do Acordo de Paris, apenas 79 entregaram suas novas metas clim\u00e1ticas nacionais, representando 64% das emiss\u00f5es de gases de efeito estufa globais, segundo levantamento da plataforma Climate Watch.<\/p>\n<p>Entre os planos atrasados est\u00e3o o da \u00cdndia, deixando os diplomatas no escuro sobre o que pretende um dos maiores poluidores do mundo. A Uni\u00e3o Europeia, outro grande emissor, s\u00f3 entregou sua meta no \u00faltimo dia 5.<\/p>\n<p>Conhecido como <a href=\"https:\/\/www1.folha.uol.com.br\/ambiente\/2025\/11\/15c-tfff-gga-entenda-as-siglas-e-jargoes-da-cop30.shtml\" rel=\"nofollow noopener\" target=\"\">NDC (sigla em ingl\u00eas para contribui\u00e7\u00e3o nacionalmente determinada)<\/a>, \u00e9 esse documento que deve nortear as pol\u00edticas de combate \u00e0 crise do clima em cada pa\u00eds. Metas atualizadas e mais ambiciosas devem ser divulgadas a cada cinco anos, mas s\u00f3 uma minoria dos governos cumpriu o prazo original da <a href=\"https:\/\/www1.folha.uol.com.br\/folha-topicos\/onu\/\" rel=\"nofollow noopener\" target=\"_blank\">ONU<\/a>, de fevereiro, e nem mesmo a extens\u00e3o da data limite at\u00e9 setembro foi o suficiente.<\/p>\n<p>Com isso, o relat\u00f3rio-s\u00edntese feito pela UNFCCC (bra\u00e7o das Na\u00e7\u00f5es Unidas para mudan\u00e7as clim\u00e1ticas) sobre as NDCs <a href=\"https:\/\/www1.folha.uol.com.br\/ambiente\/2025\/10\/maiores-poluidores-se-omitem-e-principal-relatorio-da-onu-para-cop30-acaba-inconclusivo.shtml\" rel=\"nofollow noopener\" target=\"\">foi inconclusivo<\/a> e n\u00e3o conseguiu apontar com precis\u00e3o para qual cen\u00e1rio de aquecimento global o mundo est\u00e1 caminhando.<\/p>\n<p>    COP30<\/p>\n<p class=\"c-newsletter__subtitle\">Uma newsletter com o que voc\u00ea precisa saber sobre a confer\u00eancia da ONU em Bel\u00e9m<\/p>\n<p>Em estimativas paralelas, considerando promessas aventadas pelo grupo europeu e pela China, a ag\u00eancia indicou que as emiss\u00f5es globais iriam cair cerca de 10% at\u00e9 2035. Por\u00e9m, para cumprir o objetivo mais ambicioso do Acordo de Paris \u2014<a href=\"https:\/\/www1.folha.uol.com.br\/ambiente\/2025\/10\/meta-climatica-de-15c-nao-sera-alcancada-diz-chefe-da-onu.shtml\" rel=\"nofollow noopener\" target=\"\">at\u00e9 o final do s\u00e9culo, ficar abaixo de 1,5\u00b0C de aumento de temperatura global<\/a> em compara\u00e7\u00e3o com os n\u00edveis anteriores \u00e0 Revolu\u00e7\u00e3o Industrial\u2014 essa redu\u00e7\u00e3o teria que ser de 60%.<\/p>\n<p>&#8220;Fechar essa vergonhosa lacuna [entre o corte de emiss\u00f5es necess\u00e1rio e o prometido] \u00e9 uma condi\u00e7\u00e3o absolutamente fundamental&#8221;, afirma Claudio Angelo, coordenador de Pol\u00edtica Internacional do Observat\u00f3rio do Clima.<\/p>\n<p>&#8220;Para isso, n\u00e3o h\u00e1 outra op\u00e7\u00e3o sen\u00e3o lidar com o fim dos combust\u00edveis f\u00f3sseis, que \u00e9 um tema do qual ningu\u00e9m quer tratar. Mesmo diante dessas circunst\u00e2ncias desfavor\u00e1veis, espero que a <a href=\"https:\/\/www1.folha.uol.com.br\/folha-topicos\/cop30\/\" rel=\"nofollow noopener\" target=\"_blank\">COP30<\/a> possa ser o in\u00edcio da resolu\u00e7\u00e3o desse assunto.&#8221;<\/p>\n<p>O acordo adotado na <a href=\"https:\/\/www1.folha.uol.com.br\/folha-topicos\/cop28\/\" rel=\"nofollow noopener\" target=\"_blank\">COP28<\/a>, em Dubai, citou pela primeira vez uma redu\u00e7\u00e3o no uso mundial de combust\u00edveis f\u00f3sseis, mudando os sistemas energ\u00e9ticos de &#8220;forma justa, ordenada e equitativa&#8221;. Desde ent\u00e3o, por\u00e9m, as na\u00e7\u00f5es produtoras de petr\u00f3leo, g\u00e1s e carv\u00e3o conseguiram impedir que o tema voltasse \u00e0 mesa.<\/p>\n<p>Desfecho da crise de hospedagem<\/p>\n<p>Al\u00e9m da indefini\u00e7\u00e3o sobre as NDCs, os pre\u00e7os exorbitantes para hospedagem na capital paraense durante o evento dificultaram a vinda de muitas delega\u00e7\u00f5es, principalmente de na\u00e7\u00f5es mais pobres. O qu\u00f3rum m\u00ednimo para legitimar decis\u00f5es das COP \u00e9 de dois ter\u00e7os dos signat\u00e1rios, ou seja, 132 partes,<a href=\"https:\/\/www1.folha.uol.com.br\/ambiente\/2025\/10\/cop30-chega-a-132-paises-com-hospedagem-confirmada-minimo-necessario-para-validar-decisoes.shtml\" rel=\"nofollow noopener\" target=\"_blank\"> \u00edndice que foi atingido h\u00e1 menos de um m\u00eas<\/a>.<\/p>\n<p>A crise s\u00f3 foi amenizada ap\u00f3s uma s\u00e9rie de medidas tomadas pelo governo federal, como o apelo \u00e0 ONU para que a organiza\u00e7\u00e3o aumentasse a verba concedida aos pa\u00edses menos desenvolvidos e o apoio de bancos de desenvolvimento e entidades filantr\u00f3picas.<\/p>\n<p>\u00c0s v\u00e9speras do evento, os pre\u00e7os de hot\u00e9is e im\u00f3veis em Bel\u00e9m despencaram, com uma redu\u00e7\u00e3o de mais de 60%, de acordo com a Abih-PA (Associa\u00e7\u00e3o Brasileira da Ind\u00fastria de Hot\u00e9is do Par\u00e1), o Creci-PA (Conselho dos Corretores de Im\u00f3veis do Par\u00e1) e a plataforma AirbnB.<\/p>\n<p>At\u00e9 a \u00faltima sexta-feira (7), <a href=\"https:\/\/www1.folha.uol.com.br\/ambiente\/2025\/11\/delegacoes-de-27-paises-ainda-negociam-hospedagem-a-tres-dias-da-cop30.shtml\" rel=\"nofollow noopener\" target=\"\">160 pa\u00edses tinham acomoda\u00e7\u00e3o confirmada<\/a>, enquanto 27 ainda estavam incertos quanto \u00e0 hospedagem.<\/p>\n<p>As \u00faltimas tr\u00eas c\u00fapulas, de 2024 a 2022, tiveram ades\u00e3o quase total dos integrantes do Acordo de Paris. A <a href=\"https:\/\/www1.folha.uol.com.br\/folha-topicos\/cop29\/\" rel=\"nofollow noopener\" target=\"_blank\">COP29<\/a>, sediada no <a href=\"https:\/\/www1.folha.uol.com.br\/folha-topicos\/azerbaijao\/\" rel=\"nofollow noopener\" target=\"_blank\">Azerbaij\u00e3o<\/a>, registrou a participa\u00e7\u00e3o de 193 partes. Em 2023, 196 na\u00e7\u00f5es estiveram na COP28, nos Emirados \u00c1rabes Unidos. E a <a href=\"https:\/\/www1.folha.uol.com.br\/folha-topicos\/cop27\/\" rel=\"nofollow noopener\" target=\"_blank\">COP27<\/a>, no Egito, contou com 195 pa\u00edses.<\/p>\n<p>Adapta\u00e7\u00e3o clim\u00e1tica no centro do debate<\/p>\n<p>Com o n\u00famero m\u00ednimo de participantes garantido, a principal decis\u00e3o a ser tomada nesta COP deve ser a <a href=\"https:\/\/www1.folha.uol.com.br\/ambiente\/2025\/10\/catastrofes-climaticas-fazem-adaptacao-ganhar-holofote-inedito-na-cop30.shtml\" rel=\"nofollow noopener\" target=\"\">defini\u00e7\u00e3o de indicadores que possibilitem medir o progresso de a\u00e7\u00f5es de adapta\u00e7\u00e3o clim\u00e1tica<\/a> \u2014mecanismo chamado de Meta Global de Adapta\u00e7\u00e3o (GGA, na sigla em ingl\u00eas).<\/p>\n<p>Ap\u00f3s anos de discuss\u00f5es sobre o tema, o n\u00famero de crit\u00e9rios passou de mais de 5.000 para cerca de 100, que seguir\u00e3o em debate nos pr\u00f3ximos dias. Aspectos como medidas para mobilizar financiamento, transfer\u00eancia de tecnologia e capacita\u00e7\u00e3o (conhecidos como &#8220;meios de implementa\u00e7\u00e3o&#8221;) devem ser o ponto mais contencioso dos debates.<\/p>\n<p>Um relat\u00f3rio do Pnuma (Programa das Na\u00e7\u00f5es Unidas para o <a href=\"https:\/\/www1.folha.uol.com.br\/folha-topicos\/meio-ambiente\/\" rel=\"nofollow noopener\" target=\"_blank\">Meio Ambiente<\/a>), divulgado no \u00faltimo dia 29, revelou que o mundo <a href=\"https:\/\/www1.folha.uol.com.br\/ambiente\/2025\/10\/recursos-para-adaptacao-climatica-em-paises-em-desenvolvimento-precisarao-aumentar-12-vezes-ate-2035-diz-onu.shtml\" rel=\"nofollow noopener\" target=\"\">precisa preencher uma lacuna de US$ 284 bilh\u00f5es (cerca de R$ 1,5 trilh\u00e3o) a US$ 339 bilh\u00f5es anuais (R$ 1,8 trilh\u00e3o) em financiamento<\/a> para adapta\u00e7\u00e3o \u00e0s mudan\u00e7as clim\u00e1ticas nos pa\u00edses em desenvolvimento at\u00e9 2035.<\/p>\n<p>&#8220;Espero que a COP30 consiga mostrar tr\u00eas coisas. Primeiro, que adaptar-se n\u00e3o \u00e9 desistir, mas insistir em bem viver&#8221;, diz Natalie Unterstell, presidente do Instituto Talanoa.<\/p>\n<p>&#8220;Segundo, que a transi\u00e7\u00e3o [energ\u00e9tica] \u00e9 resiliente e impar\u00e1vel \u2014e que temos o compromisso de dar for\u00e7a a ela, mesmo com os ventos contr\u00e1rios dos populistas e protecionistas. E, por fim, a resili\u00eancia do pr\u00f3prio regime internacional, que neste momento precisa se provar relevante.&#8221;<\/p>\n<p>Questionamentos sobre a efic\u00e1cia do sistema multilateralista, exacerbados em situa\u00e7\u00f5es de conflitos globais, tamb\u00e9m ficam evidentes no debate clim\u00e1tico.<\/p>\n<p>A frustra\u00e7\u00e3o com a lentid\u00e3o dos pa\u00edses desenvolvidos, os grandes respons\u00e1veis pelas emiss\u00f5es que aquecem o planeta, em cumprir compromissos assumidos no Acordo de Paris vem crescendo.<\/p>\n<p>Da mesma forma, a cobran\u00e7a para que eles <a href=\"https:\/\/www1.folha.uol.com.br\/ambiente\/2025\/10\/pre-cop30-dribla-boicote-de-trump-e-projeta-embates-sobre-dinheiro-e-petroleo-em-belem.shtml\" rel=\"nofollow noopener\" target=\"\">paguem a maior parte da conta da crise clim\u00e1tica<\/a> tem se intensificado nas \u00faltimas COPs. Os mais ricos, por outro lado, insistem cada vez mais para que na\u00e7\u00f5es emergentes e muito poluentes, como a China e a \u00cdndia, passem a integrar o grupo de financiadores, o que tende a dificultar as negocia\u00e7\u00f5es tamb\u00e9m em Bel\u00e9m.<\/p>\n<p>Uma alternativa \u00e0 dificuldade de obten\u00e7\u00e3o de recursos p\u00fablicos \u00e9 apelar ao setor privado. Visando fortalecer acordos e iniciativas volunt\u00e1rias de empresas e filantropias, al\u00e9m de entes subnacionais, a presid\u00eancia brasileira da COP criou a chamada Agenda de A\u00e7\u00e3o.<\/p>\n<p>Ainda que possa ser promissor, contudo, esse tipo de compromisso n\u00e3o \u00e9 vinculativo nem tem for\u00e7a de lei, ao contr\u00e1rio das medidas acordadas sob a chancela da UNFCCC.<\/p>\n","protected":false},"excerpt":{"rendered":"Tr\u00eas anos depois do rec\u00e9m-eleito presidente Lula anunciar que queria trazer a COP30 para o Brasil, come\u00e7a nesta&hellip;\n","protected":false},"author":2,"featured_media":145595,"comment_status":"","ping_status":"","sticky":false,"template":"","format":"standard","meta":{"footnotes":""},"categories":[142],"tags":[17718,5291,4508,6392,6391,114,115,236,3177,6393,910,6394,32,33,151],"class_list":{"0":"post-145594","1":"post","2":"type-post","3":"status-publish","4":"format-standard","5":"has-post-thumbnail","7":"category-tv","8":"tag-acordo-de-paris","9":"tag-aquecimento-global","10":"tag-belem","11":"tag-cop","12":"tag-cop30","13":"tag-entertainment","14":"tag-entretenimento","15":"tag-folha","16":"tag-meio-ambiente","17":"tag-mudanca-climatica","18":"tag-onu","19":"tag-para-estado","20":"tag-portugal","21":"tag-pt","22":"tag-tv"},"share_on_mastodon":{"url":"https:\/\/pubeurope.com\/@pt\/115521002158506971","error":""},"_links":{"self":[{"href":"https:\/\/www.europesays.com\/pt\/wp-json\/wp\/v2\/posts\/145594","targetHints":{"allow":["GET"]}}],"collection":[{"href":"https:\/\/www.europesays.com\/pt\/wp-json\/wp\/v2\/posts"}],"about":[{"href":"https:\/\/www.europesays.com\/pt\/wp-json\/wp\/v2\/types\/post"}],"author":[{"embeddable":true,"href":"https:\/\/www.europesays.com\/pt\/wp-json\/wp\/v2\/users\/2"}],"replies":[{"embeddable":true,"href":"https:\/\/www.europesays.com\/pt\/wp-json\/wp\/v2\/comments?post=145594"}],"version-history":[{"count":0,"href":"https:\/\/www.europesays.com\/pt\/wp-json\/wp\/v2\/posts\/145594\/revisions"}],"wp:featuredmedia":[{"embeddable":true,"href":"https:\/\/www.europesays.com\/pt\/wp-json\/wp\/v2\/media\/145595"}],"wp:attachment":[{"href":"https:\/\/www.europesays.com\/pt\/wp-json\/wp\/v2\/media?parent=145594"}],"wp:term":[{"taxonomy":"category","embeddable":true,"href":"https:\/\/www.europesays.com\/pt\/wp-json\/wp\/v2\/categories?post=145594"},{"taxonomy":"post_tag","embeddable":true,"href":"https:\/\/www.europesays.com\/pt\/wp-json\/wp\/v2\/tags?post=145594"}],"curies":[{"name":"wp","href":"https:\/\/api.w.org\/{rel}","templated":true}]}}