{"id":145596,"date":"2025-11-09T17:49:27","date_gmt":"2025-11-09T17:49:27","guid":{"rendered":"https:\/\/www.europesays.com\/pt\/145596\/"},"modified":"2025-11-09T17:49:27","modified_gmt":"2025-11-09T17:49:27","slug":"nsc-estreia-estudio-multimidia-em-florianopolis-e-amplia-producao-de-conteudo-multiplataforma","status":"publish","type":"post","link":"https:\/\/www.europesays.com\/pt\/145596\/","title":{"rendered":"NSC estreia est\u00fadio multim\u00eddia em Florian\u00f3polis e amplia produ\u00e7\u00e3o de conte\u00fado multiplataforma"},"content":{"rendered":"<p>A <strong>NSC Comunica\u00e7\u00e3o<\/strong>, maior grupo de comunica\u00e7\u00e3o de Santa Catarina, inaugurou nesta semana em <strong>Florian\u00f3polis<\/strong> seu novo <strong>est\u00fadio de produ\u00e7\u00e3o multim\u00eddia<\/strong>, iniciativa que amplia a gera\u00e7\u00e3o de conte\u00fados em diferentes plataformas e qualifica produtos j\u00e1 realizados pelo grupo. A estreia do espa\u00e7o foi marcada por uma conversa especial com <strong>Roberto Alves<\/strong>, um dos principais nomes do jornalismo esportivo catarinense. (07 de novembro de 2025)<\/p>\n<p>De acordo com o grupo catarinense, a nova instala\u00e7\u00e3o \u00e9 moderna\u00a0e equipada\u00a0com o que h\u00e1 de mais avan\u00e7ado no mercado audiovisual, o est\u00fadio tem como foco a produ\u00e7\u00e3o de <strong>podcasts<\/strong> e <strong>videocasts<\/strong>, al\u00e9m de entrevistas e atra\u00e7\u00f5es musicais. O ambiente conta com mesa ampla e microfones para entrevistas, c\u00e2meras para capta\u00e7\u00e3o em v\u00eddeo e telas que possibilitam novas abordagens editoriais e de entretenimento.<\/p>\n<p>\u201cO est\u00fadio multim\u00eddia \u00e9 um importante passo para ampliar as formas de distribui\u00e7\u00e3o do relevante conte\u00fado produzido pela NSC. Teremos um conjunto de novidades, novos programas e produtos, alinhado \u00e0s novas formas de consumo de conte\u00fado\u201d, afirma <strong>Jean Mannrich<\/strong>, diretor de Produtos Digitais e <strong>CBN FM 90.3 de Florian\u00f3polis,<\/strong>\u00a0emissora controlaa pela NSC.<\/p>\n<p style=\"text-align: center;\"><img decoding=\"async\" alt=\"\" src=\"https:\/\/www.europesays.com\/pt\/wp-content\/uploads\/2025\/11\/690e67caa6371.jpg\" style=\"height:392px; width:600px\" \/><br \/>&#13;<br \/>\nLuciano Calheiros e Roberto Alves no novo est\u00fadio multim\u00eddia da NSC para grava\u00e7\u00e3o do Sala VIP, da CBN &#8211; Foto: Igor Santos\/NSC<\/p>\n<p>A entrevista que inaugurou o est\u00fadio foi gravada nesta sexta-feira (7) para o quadro Sala Vip, do programa S\u00e1bado Show, da <strong>CBN Floripa 90.3 FM<\/strong>. Diferente de outras edi\u00e7\u00f5es, <strong>Roberto Alves<\/strong> assumiu o papel de entrevistado em um bate-papo conduzido por <strong>Luciano Calheiros<\/strong>, Head de Esportes da NSC, em homenagem \u00e0 trajet\u00f3ria de \u201cBob\u201d no meio esportivo.<\/p>\n<p>Os melhores momentos da grava\u00e7\u00e3o ser\u00e3o veiculados neste s\u00e1bado (8), \u00e0s 11h30, na <strong>CBN FM<\/strong>, e a \u00edntegra ficar\u00e1 dispon\u00edvel no canal da emissora no YouTube. Com o novo est\u00fadio multim\u00eddia, a <strong>NSC Comunica\u00e7\u00e3o<\/strong> segue investindo em formatos que ampliam o alcance do seu conte\u00fado com credibilidade e isen\u00e7\u00e3o.<\/p>\n<p>O espa\u00e7o ser\u00e1 utilizado pelos diferentes ve\u00edculos do grupo \u2014 <strong>televis\u00e3o, r\u00e1dio e digital<\/strong> \u2014 com a mesma premissa: <strong>amplificar vozes e fortalecer as comunidades de Santa Catarina<\/strong>.<\/p>\n<p>\n\t\t\t\tA reprodu\u00e7\u00e3o das not\u00edcias e das pautas \u00e9 autorizada desde que contenha a assinatura &#8216;tudoradio.com&#8217;<\/p>\n<p>&#13;<br \/>\n\t\t\t\tTags:&#13;<br \/>\n\t\t\t\tNSC Comunica\u00e7\u00e3o, est\u00fadio multim\u00eddia, CBN Floripa, Roberto Alves, Florian\u00f3polis, r\u00e1dio catarinense, produ\u00e7\u00e3o de conte\u00fado&#13;\n\t\t\t<\/p>\n","protected":false},"excerpt":{"rendered":"A NSC Comunica\u00e7\u00e3o, maior grupo de comunica\u00e7\u00e3o de Santa Catarina, inaugurou nesta semana em Florian\u00f3polis seu novo est\u00fadio&hellip;\n","protected":false},"author":2,"featured_media":145597,"comment_status":"","ping_status":"","sticky":false,"template":"","format":"standard","meta":{"footnotes":""},"categories":[141],"tags":[31922,114,115,31921,14713,149,150,31920,32,31925,33,31924,31923],"class_list":{"0":"post-145596","1":"post","2":"type-post","3":"status-publish","4":"format-standard","5":"has-post-thumbnail","7":"category-musica","8":"tag-cbn-floripa","9":"tag-entertainment","10":"tag-entretenimento","11":"tag-estudio-multimidia","12":"tag-florianopolis","13":"tag-music","14":"tag-musica","15":"tag-nsc-comunicacao","16":"tag-portugal","17":"tag-producao-de-conteudo","18":"tag-pt","19":"tag-radio-catarinense","20":"tag-roberto-alves"},"share_on_mastodon":{"url":"https:\/\/pubeurope.com\/@pt\/115521006226769801","error":""},"_links":{"self":[{"href":"https:\/\/www.europesays.com\/pt\/wp-json\/wp\/v2\/posts\/145596","targetHints":{"allow":["GET"]}}],"collection":[{"href":"https:\/\/www.europesays.com\/pt\/wp-json\/wp\/v2\/posts"}],"about":[{"href":"https:\/\/www.europesays.com\/pt\/wp-json\/wp\/v2\/types\/post"}],"author":[{"embeddable":true,"href":"https:\/\/www.europesays.com\/pt\/wp-json\/wp\/v2\/users\/2"}],"replies":[{"embeddable":true,"href":"https:\/\/www.europesays.com\/pt\/wp-json\/wp\/v2\/comments?post=145596"}],"version-history":[{"count":0,"href":"https:\/\/www.europesays.com\/pt\/wp-json\/wp\/v2\/posts\/145596\/revisions"}],"wp:featuredmedia":[{"embeddable":true,"href":"https:\/\/www.europesays.com\/pt\/wp-json\/wp\/v2\/media\/145597"}],"wp:attachment":[{"href":"https:\/\/www.europesays.com\/pt\/wp-json\/wp\/v2\/media?parent=145596"}],"wp:term":[{"taxonomy":"category","embeddable":true,"href":"https:\/\/www.europesays.com\/pt\/wp-json\/wp\/v2\/categories?post=145596"},{"taxonomy":"post_tag","embeddable":true,"href":"https:\/\/www.europesays.com\/pt\/wp-json\/wp\/v2\/tags?post=145596"}],"curies":[{"name":"wp","href":"https:\/\/api.w.org\/{rel}","templated":true}]}}