{"id":145610,"date":"2025-11-09T18:02:13","date_gmt":"2025-11-09T18:02:13","guid":{"rendered":"https:\/\/www.europesays.com\/pt\/145610\/"},"modified":"2025-11-09T18:02:13","modified_gmt":"2025-11-09T18:02:13","slug":"casa-dos-segredos-ser-autentico-virou-defeito-dispara-diana-lopes-na-tvi","status":"publish","type":"post","link":"https:\/\/www.europesays.com\/pt\/145610\/","title":{"rendered":"Casa dos Segredos \/ \u201cSer aut\u00eantico virou defeito\u201d, dispara Diana Lopes na TVI"},"content":{"rendered":"<p>  <img width=\"780\" height=\"470\" src=\"https:\/\/www.europesays.com\/pt\/wp-content\/uploads\/2025\/11\/diana-lopes-ana-cristina-e-raquel-780x470.jpg\" alt=\"\u201cSer aut\u00eantico virou defeito\u201d, dispara Diana Lopes na TVI\" data-main-img=\"1\" decoding=\"async\" fetchpriority=\"high\"\/>   \u201cSer aut\u00eantico virou defeito\u201d, dispara Diana Lopes na TVIAs amigas \u2018c\u00e1 fora\u2019, Ana Cristina e Raquel, <a href=\"https:\/\/dioguinho.com\/amizade-em-risco-ana-cristina-farta-das-facadas-da-amiga-raquel-e-diz-tudo-na-cara\/\" rel=\"nofollow noopener\" target=\"_blank\">tiveram uma valente discuss\u00e3o<\/a>, tudo porque os comportamentos da Raquel enquanto amiga deixam muito a desejar.<\/p>\n<p>Este s\u00e1bado, no Di\u00e1rio Especial, o tema foi levado para cima da mesa, com a Diana Lopes a ser direta \u201ceu n\u00e3o consigo perceber qual \u00e9 a d\u00favida na cabe\u00e7a destes concorrentes. <strong>Ali\u00e1s, acho que fez todo o sentido aquilo que ela disse, que \u00e9, a n\u00edvel de jogo, enquanto advers\u00e1ria, faria muito mais sentido, para mim, ver a Raquel ser expulsa, mas, a n\u00edvel emocional, e porque \u00e9 uma pessoa pr\u00f3xima de mim, eu quero que ela se mantenha dentro da casa porque me faz falta. Acho que foi extremamente clara [a Ana Cristina]\u201d.<\/strong><\/p>\n<p>E acrescenta, <strong>\u201cRealmente, este grupo tende a n\u00e3o saber lidar com a autenticidade e a frontalidade das pessoas, principalmente quando se trata do Dylan e da Raquel. Acho que eles se influenciam muito pela negativa uns aos outros e acabam por puxar inevitavelmente o pior lado de cada um.\u201d<\/strong><\/p>\n<p>Leia tamb\u00e9m: <strong><a class=\"post-title the-subtitle\" href=\"https:\/\/dioguinho.com\/dylan-fonte-e-completamente-emocionalmente-instavel\/\" rel=\"nofollow noopener\" target=\"_blank\">Dylan Fonte: \u201c\u00e9 completamente emocionalmente inst\u00e1vel\u201d<\/a><\/strong><\/p>\n","protected":false},"excerpt":{"rendered":"\u201cSer aut\u00eantico virou defeito\u201d, dispara Diana Lopes na TVIAs amigas \u2018c\u00e1 fora\u2019, Ana Cristina e Raquel, tiveram uma&hellip;\n","protected":false},"author":2,"featured_media":145611,"comment_status":"","ping_status":"","sticky":false,"template":"","format":"standard","meta":{"footnotes":""},"categories":[142],"tags":[31926,2632,13471,20079,114,115,32,33,151],"class_list":{"0":"post-145610","1":"post","2":"type-post","3":"status-publish","4":"format-standard","5":"has-post-thumbnail","7":"category-tv","8":"tag-ana-cristina-e-raquel","9":"tag-casa-dos-segredos","10":"tag-casa-dos-segredos-9","11":"tag-concorrentes-casa-dos-segredos","12":"tag-entertainment","13":"tag-entretenimento","14":"tag-portugal","15":"tag-pt","16":"tag-tv"},"share_on_mastodon":{"url":"https:\/\/pubeurope.com\/@pt\/115521057289853357","error":""},"_links":{"self":[{"href":"https:\/\/www.europesays.com\/pt\/wp-json\/wp\/v2\/posts\/145610","targetHints":{"allow":["GET"]}}],"collection":[{"href":"https:\/\/www.europesays.com\/pt\/wp-json\/wp\/v2\/posts"}],"about":[{"href":"https:\/\/www.europesays.com\/pt\/wp-json\/wp\/v2\/types\/post"}],"author":[{"embeddable":true,"href":"https:\/\/www.europesays.com\/pt\/wp-json\/wp\/v2\/users\/2"}],"replies":[{"embeddable":true,"href":"https:\/\/www.europesays.com\/pt\/wp-json\/wp\/v2\/comments?post=145610"}],"version-history":[{"count":0,"href":"https:\/\/www.europesays.com\/pt\/wp-json\/wp\/v2\/posts\/145610\/revisions"}],"wp:featuredmedia":[{"embeddable":true,"href":"https:\/\/www.europesays.com\/pt\/wp-json\/wp\/v2\/media\/145611"}],"wp:attachment":[{"href":"https:\/\/www.europesays.com\/pt\/wp-json\/wp\/v2\/media?parent=145610"}],"wp:term":[{"taxonomy":"category","embeddable":true,"href":"https:\/\/www.europesays.com\/pt\/wp-json\/wp\/v2\/categories?post=145610"},{"taxonomy":"post_tag","embeddable":true,"href":"https:\/\/www.europesays.com\/pt\/wp-json\/wp\/v2\/tags?post=145610"}],"curies":[{"name":"wp","href":"https:\/\/api.w.org\/{rel}","templated":true}]}}