{"id":145612,"date":"2025-11-09T18:04:10","date_gmt":"2025-11-09T18:04:10","guid":{"rendered":"https:\/\/www.europesays.com\/pt\/145612\/"},"modified":"2025-11-09T18:04:10","modified_gmt":"2025-11-09T18:04:10","slug":"ninguem-pediu-por-esse-reboot-este-filme-de-ficcao-cientifica-custou-180-milhoes-de-dolares-e-ja-e-um-dos-maiores-fracassos-do-ano-noticias-de-cinema","status":"publish","type":"post","link":"https:\/\/www.europesays.com\/pt\/145612\/","title":{"rendered":"Ningu\u00e9m pediu por esse reboot: Este filme de fic\u00e7\u00e3o cient\u00edfica custou 180 milh\u00f5es de d\u00f3lares e j\u00e1 \u00e9 um dos maiores fracassos do ano &#8211; Not\u00edcias de cinema"},"content":{"rendered":"<p>Foi uma das grandes apostas da Disney, mas a verdade \u00e9 que os demais filmes da saga tamb\u00e9m n\u00e3o foram um sucesso.<\/p>\n<p class=\"bo-p\">Est\u00e1 provado mais uma vez que n\u00e3o importa quanta promo\u00e7\u00e3o voc\u00ea fa\u00e7a ou qu\u00e3o famosos sejam seus atores principais. Tamb\u00e9m n\u00e3o importa se um filme pertence <a href=\"https:\/\/www.adorocinema.com\/noticias\/filmes\/noticia-1000162060\/\" class=\"bo-link\" rel=\"nofollow noopener\" target=\"_blank\">a uma saga lend\u00e1ria de fic\u00e7\u00e3o cient\u00edfica<\/a> que come\u00e7ou h\u00e1 43 anos. Quando um filme est\u00e1 destinado ao fracasso, ele ser\u00e1 um fracasso.<\/p>\n<p class=\"bo-p\"><a href=\"https:\/\/www.adorocinema.com\/filmes\/filme-194887\/\" class=\"bo-link\" rel=\"nofollow noopener\" target=\"_blank\">Tron: Ares<\/a> \u00e9 o exemplo mais recente. O projeto, dirigido por <a href=\"https:\/\/www.adorocinema.com\/personalidades\/personalidade-87272\/\" class=\"bo-link\" rel=\"nofollow noopener\" target=\"_blank\">Joachim R\u00f8nning<\/a>, custou <b>180 milh\u00f5es de d\u00f3lares<\/b> para ser produzido, mas arrecadou apenas <b>134 milh\u00f5es de d\u00f3lares<\/b> em todo o mundo. Estamos diante de um dos maiores fracassos de 2025!<\/p>\n<p class=\"bo-p\">O longa n\u00e3o recebeu cr\u00edticas particularmente positivas, e a expectativa diminuiu \u00e0 medida <a href=\"https:\/\/www.adorocinema.com\/noticias\/filmes\/noticia-1000167691\/\" class=\"bo-link\" rel=\"nofollow noopener\" target=\"_blank\">que seu lan\u00e7amento nos cinemas se aproximava<\/a>, em 9 de outubro. Os filmes anteriores da saga tamb\u00e9m n\u00e3o foram um grande sucesso.<\/p>\n<p class=\"bo-p\"><a href=\"https:\/\/www.adorocinema.com\/filmes\/filme-3996\/\" class=\"bo-link\" rel=\"nofollow noopener\" target=\"_blank\">Tron<\/a> (1982), um dos primeiros filmes a usar imagens geradas por computador (CGI), arrecadou <b>33 milh\u00f5es de d\u00f3lares<\/b> nos Estados Unidos. <a href=\"https:\/\/www.adorocinema.com\/filmes\/filme-29233\/\" class=\"bo-link\" rel=\"nofollow noopener\" target=\"_blank\">Tron &#8211; O Legado<\/a> (2010), com <a href=\"https:\/\/www.adorocinema.com\/personalidades\/personalidade-193401\/\" class=\"bo-link\" rel=\"nofollow noopener\" target=\"_blank\">Joseph Kosinski<\/a> por tr\u00e1s das c\u00e2meras, arrecadou <b>400 milh\u00f5es de d\u00f3lares<\/b> em todo o mundo. A sequ\u00eancia, at\u00e9 o momento, foi o maior sucesso da franquia, mas tamb\u00e9m n\u00e3o foi exatamente um sucesso estrondoso.<\/p>\n<p class=\"bo-p\">Por outro lado, Tron: Ares chega depois que seu astro <a href=\"https:\/\/www.adorocinema.com\/personalidades\/personalidade-22868\/\" class=\"bo-link\" rel=\"nofollow noopener\" target=\"_blank\">Jared Leto<\/a> foi acusado por nove mulheres de m\u00e1 conduta sexual, que variava de investidas de menores \u00e0 exposi\u00e7\u00e3o. Os representantes de Leto negaram tudo.<\/p>\n<p class=\"bo-p\">Segundo o THR, os executivos da Disney estavam &#8220;alarmados&#8221; <a href=\"https:\/\/www.adorocinema.com\/noticias\/filmes\/noticia-1000167943\/\" class=\"bo-link\" rel=\"nofollow noopener\" target=\"_blank\">e n\u00e3o sabiam se mais acusa\u00e7\u00f5es surgiriam<\/a>. N\u00e3o surgiram, e o ator embarcou em uma promo\u00e7\u00e3o mundial do filme: ele era o rosto de Tron: Ares.<\/p>\n<p class=\"bo-p\">Leto vem acumulando fracasso comercial desde <a href=\"https:\/\/www.adorocinema.com\/filmes\/filme-197686\/\" class=\"bo-link\" rel=\"nofollow noopener\" target=\"_blank\">Blade Runner 2049<\/a> (2017). A sequ\u00eancia de <a href=\"https:\/\/www.adorocinema.com\/filmes\/filme-1975\/\" class=\"bo-link\" rel=\"nofollow noopener\" target=\"_blank\">Blade Runner<\/a> (1982), liderada por <a href=\"https:\/\/www.adorocinema.com\/personalidades\/personalidade-27087\/\" class=\"bo-link\" rel=\"nofollow noopener\" target=\"_blank\">Denis Villeneuve<\/a> atr\u00e1s das c\u00e2meras, recebeu boas cr\u00edticas, mas poucas pessoas foram assistir aos cinemas: arrecadou <b>259,1 milh\u00f5es de d\u00f3lares<\/b> em todo o mundo.<\/p>\n<p class=\"bo-p\"><a href=\"https:\/\/www.adorocinema.com\/filmes\/filme-196469\/\" class=\"bo-link\" rel=\"nofollow noopener\" target=\"_blank\">D\u00edvida Perigosa<\/a> (2018), <a href=\"https:\/\/www.adorocinema.com\/filmes\/filme-272584\/\" class=\"bo-link\" rel=\"nofollow noopener\" target=\"_blank\">Os Pequenos Vest\u00edgios<\/a> (2021) e <a href=\"https:\/\/www.adorocinema.com\/filmes\/filme-278661\/\" class=\"bo-link\" rel=\"nofollow noopener\" target=\"_blank\">A Casa Gucci<\/a> (2021) foram o prel\u00fadio de <a href=\"https:\/\/www.adorocinema.com\/filmes\/filme-260627\/\" class=\"bo-link\" rel=\"nofollow noopener\" target=\"_blank\">Morbius<\/a> (2022), o filme da Sony sobre o vampiro da Marvel que foi um desastre completo em todos os sentidos: \u00e9 considerado um dos piores do g\u00eanero de super-her\u00f3is e arrecadou apenas <b>167,4 milh\u00f5es de d\u00f3lares<\/b> em todo o mundo. <a href=\"https:\/\/www.adorocinema.com\/filmes\/filme-183693\/\" class=\"bo-link\" rel=\"nofollow noopener\" target=\"_blank\">Mand\u00e3o Mal-Assombrada<\/a> (2023) tamb\u00e9m n\u00e3o foi um triunfo.<\/p>\n<p>    <a class=\"cms-see-also\" data-title=\"Link relacionado\" href=\"https:\/\/www.adorocinema.com\/noticias\/filmes\/noticia-1000168706\/\" rel=\"nofollow noopener\" target=\"_blank\">\u201cFoi por isso que parei\u201d: Jared Leto n\u00e3o tem o mesmo medo de Ludmilla, mas seus dias pilotando acabaram muito antes de Tron &#8211; Ares (Entrevista)<\/a><br \/>\nJared Leto n\u00e3o vende mais ingressos<\/p>\n<p class=\"bo-p\">O Tron: Ares que chegou aos cinemas n\u00e3o foi o filme que foi concebido ap\u00f3s o modesto sucesso de Tron &#8211; O Legado. A primeira vers\u00e3o era diferente, mas tinha um personagem chamado Ares. <a href=\"https:\/\/www.adorocinema.com\/noticias\/filmes\/noticia-1000167718\/\" class=\"bo-link\" rel=\"nofollow noopener\" target=\"_blank\">A Disney n\u00e3o foi adiante com ele, mas Leto queria que fosse feito<\/a> e tinha um aliado em <a href=\"https:\/\/www.adorocinema.com\/personalidades\/personalidade-66566\/\" class=\"bo-link\" rel=\"nofollow noopener\" target=\"_blank\">Sean Bailey<\/a>, o homem encarregado de liderar o departamento de live-action da Casa do Mickey Mouse.<\/p>\n<p class=\"bo-p\">Al\u00e9m disso, o ator havia impulsionado sua reputa\u00e7\u00e3o ao ganhar o Oscar de Melhor Ator Coadjuvante por <a href=\"https:\/\/www.adorocinema.com\/filmes\/filme-137097\/\" class=\"bo-link\" rel=\"nofollow noopener\" target=\"_blank\">Clube de Compras Dallas<\/a> (2013). Em 2017, Leto se tornou produtor do novo filme de Tron, e Ares, seu personagem, se tornou o protagonista da hist\u00f3ria. Mas, como voc\u00ea j\u00e1 viu, Leto n\u00e3o \u00e9 mais sin\u00f4nimo de sucesso.<\/p>\n<p>                                <img loading=\"lazy\" decoding=\"async\" class=\"article-figure-img\" src=\"https:\/\/www.europesays.com\/pt\/wp-content\/uploads\/2025\/11\/8cb73ab2e791082b36cf980738de9172.png\" width=\"640\" height=\"320\" alt=\"\"\/><\/p>\n<p>                                    Disney+<\/p>\n<p class=\"bo-p\">&#8220;Em um mundo onde <a href=\"https:\/\/www.adorocinema.com\/personalidades\/personalidade-127611\/\" class=\"bo-link\" rel=\"nofollow noopener\" target=\"_blank\">Michael Fassbender<\/a>, <a href=\"https:\/\/www.adorocinema.com\/personalidades\/personalidade-17043\/\" class=\"bo-link\" rel=\"nofollow noopener\" target=\"_blank\">Ewan McGregor<\/a> e <a href=\"https:\/\/www.adorocinema.com\/personalidades\/personalidade-164427\/\" class=\"bo-link\" rel=\"nofollow noopener\" target=\"_blank\">Benedict Cumberbatch<\/a> est\u00e3o lutando para conseguir pap\u00e9is principais, por que escolher algu\u00e9m que n\u00e3o consegue abrir um filme e tem pontos de interroga\u00e7\u00e3o como pessoa?&#8221;, pergunta um dos principais representantes de talentos ao THR.<\/p>\n<p class=\"bo-p\">Para outro s\u00f3cio da ag\u00eancia, o fracasso n\u00e3o foi apenas o ator principal: &#8220;Voc\u00ea poderia ter escalado <a href=\"https:\/\/www.adorocinema.com\/personalidades\/personalidade-57126\/\" class=\"bo-link\" rel=\"nofollow noopener\" target=\"_blank\">Ryan Gosling<\/a>, mas ele n\u00e3o ia funcionar&#8221;, diz ele. &#8220;Ningu\u00e9m pediu por esse reboot. Se voc\u00ea diz: &#8216;Tron: Ares \u00e9 bom, s\u00f3 precis\u00e1vamos de um ator diferente&#8217;, voc\u00ea est\u00e1 se enganando.&#8221;<\/p>\n<p class=\"bo-p\"><b>Tron: Ares est\u00e1 dispon\u00edvel no Disney+<\/b>.<\/p>\n","protected":false},"excerpt":{"rendered":"Foi uma das grandes apostas da Disney, mas a verdade \u00e9 que os demais filmes da saga tamb\u00e9m&hellip;\n","protected":false},"author":2,"featured_media":145613,"comment_status":"","ping_status":"","sticky":false,"template":"","format":"standard","meta":{"footnotes":""},"categories":[140],"tags":[114,115,147,148,146,32,33],"class_list":{"0":"post-145612","1":"post","2":"type-post","3":"status-publish","4":"format-standard","5":"has-post-thumbnail","7":"category-filmes","8":"tag-entertainment","9":"tag-entretenimento","10":"tag-film","11":"tag-filmes","12":"tag-movies","13":"tag-portugal","14":"tag-pt"},"share_on_mastodon":{"url":"https:\/\/pubeurope.com\/@pt\/115521065372451258","error":""},"_links":{"self":[{"href":"https:\/\/www.europesays.com\/pt\/wp-json\/wp\/v2\/posts\/145612","targetHints":{"allow":["GET"]}}],"collection":[{"href":"https:\/\/www.europesays.com\/pt\/wp-json\/wp\/v2\/posts"}],"about":[{"href":"https:\/\/www.europesays.com\/pt\/wp-json\/wp\/v2\/types\/post"}],"author":[{"embeddable":true,"href":"https:\/\/www.europesays.com\/pt\/wp-json\/wp\/v2\/users\/2"}],"replies":[{"embeddable":true,"href":"https:\/\/www.europesays.com\/pt\/wp-json\/wp\/v2\/comments?post=145612"}],"version-history":[{"count":0,"href":"https:\/\/www.europesays.com\/pt\/wp-json\/wp\/v2\/posts\/145612\/revisions"}],"wp:featuredmedia":[{"embeddable":true,"href":"https:\/\/www.europesays.com\/pt\/wp-json\/wp\/v2\/media\/145613"}],"wp:attachment":[{"href":"https:\/\/www.europesays.com\/pt\/wp-json\/wp\/v2\/media?parent=145612"}],"wp:term":[{"taxonomy":"category","embeddable":true,"href":"https:\/\/www.europesays.com\/pt\/wp-json\/wp\/v2\/categories?post=145612"},{"taxonomy":"post_tag","embeddable":true,"href":"https:\/\/www.europesays.com\/pt\/wp-json\/wp\/v2\/tags?post=145612"}],"curies":[{"name":"wp","href":"https:\/\/api.w.org\/{rel}","templated":true}]}}