{"id":145616,"date":"2025-11-09T18:06:17","date_gmt":"2025-11-09T18:06:17","guid":{"rendered":"https:\/\/www.europesays.com\/pt\/145616\/"},"modified":"2025-11-09T18:06:17","modified_gmt":"2025-11-09T18:06:17","slug":"pouca-gente-sabe-mas-colocar-esse-tempero-em-po-na-agua-do-feijao-pode-melhorar-a-digestao-e-evitar-gases","status":"publish","type":"post","link":"https:\/\/www.europesays.com\/pt\/145616\/","title":{"rendered":"Pouca gente sabe, mas colocar esse tempero em p\u00f3 na \u00e1gua do feij\u00e3o pode melhorar a digest\u00e3o e evitar gases"},"content":{"rendered":"<p>Pouca gente sabe, mas colocar esse tempero em p\u00f3 na \u00e1gua do feij\u00e3o pode melhorar a digest\u00e3o e evitar gases<\/p>\n<p>Ele \u00e9 facilmente encontrado no mercado e tamb\u00e9m pode ser um \u00f3timo aliado para a imunidade<\/p>\n<p class=\"editor-paragraph\">Quase ningu\u00e9m resiste a um<a href=\"https:\/\/www.minhavida.com.br\/alimentacao\/ingredientes\/4624-feijao\" rel=\"nofollow noopener\" target=\"_blank\"> feij\u00e3o<\/a> fresquinho, n\u00e3o \u00e9 mesmo? Popular nas cozinhas brasileiras, essa leguminosa \u00e9 excepcional n\u00e3o apenas por ser deliciosa, como tamb\u00e9m pelos seus <b>in\u00fameros benef\u00edcios \u00e0 sa\u00fade<\/b>, afinal, o feij\u00e3o \u00e9 rico em ferro, vitamina B12 e at\u00e9 em prote\u00ednas \u2014 para a alegria dos adeptos da muscula\u00e7\u00e3o.\u00a0<\/p>\n<p class=\"editor-paragraph\">Mas que este \u00e9 um alimento nutritivo, quase todos j\u00e1 sabem. O que a maioria das pessoas ainda n\u00e3o descobriu \u00e9 que \u00e9 poss\u00edvel potencializar os benef\u00edcios do feij\u00e3o acrescentando um tempero em p\u00f3 comum durante o seu cozimento: o cominho.\u00a0<\/p>\n<p class=\"editor-paragraph\">Leia tamb\u00e9m: <a href=\"https:\/\/www.minhavida.com.br\/materias\/materia-22469\" rel=\"nofollow noopener\" target=\"_blank\">3 leguminosas ricas em prote\u00edna (e a primeira vai te surpreender!)<\/a><\/p>\n<p>Por que colocar cominho na \u00e1gua do feij\u00e3o?<\/p>\n<p class=\"editor-paragraph\">Para entender melhor sobre as vantagens de temperar o feij\u00e3o com cominho, o <b>MinhaVida<\/b> conversou com Veridiana Sass, nutricionista do Instituto Nutrindo Ideais, que revelou que a especiaria pode ser uma excelente aliada para a digest\u00e3o e elimina\u00e7\u00e3o de gases intestinais.\u00a0<\/p>\n<p class=\"editor-paragraph\">\u201cO cominho \u00e9 tradicionalmente usado h\u00e1 milhares de anos na culin\u00e1ria e na medicina ayurv\u00e9dica por suas propriedades digestivas. Quando adicionado ao preparo do feij\u00e3o, ele <b>ajuda a estimular a produ\u00e7\u00e3o de enzimas digestivas<\/b>, atuando na melhora da digest\u00e3o e consequentemente na redu\u00e7\u00e3o da sensa\u00e7\u00e3o de <a href=\"https:\/\/www.minhavida.com.br\/saude\/temas\/azia\" rel=\"nofollow noopener\" target=\"_blank\">azia<\/a>, refluxo e <a href=\"https:\/\/www.minhavida.com.br\/saude\/temas\/abdomen-inchado\" rel=\"nofollow noopener\" target=\"_blank\">estufamento<\/a>&#8220;.<\/p>\n<p class=\"editor-paragraph\">A especialista explica que, no caso do feij\u00e3o, o tempero tem uma utilidade ainda mais crucial, visto que esta leguminosa, em espec\u00edfico, cont\u00e9m em sua composi\u00e7\u00e3o carboidratos complexos e fibras ferment\u00e1veis que s\u00e3o mal digeridas no intestino delgado e, consequentemente, fermentam com facilidade no intestino grosso, gerando <a href=\"https:\/\/www.minhavida.com.br\/saude\/temas\/abdomen-distendido\" rel=\"nofollow noopener\" target=\"_blank\">distens\u00e3o abdominal<\/a> e <a href=\"https:\/\/www.minhavida.com.br\/saude\/temas\/gases\" rel=\"nofollow noopener\" target=\"_blank\">gases<\/a>.<\/p>\n<p class=\"editor-paragraph\">\u201cNeste caso, o cominho tamb\u00e9m atua como um carminativo natural, ou seja, reduz a forma\u00e7\u00e3o de gases e ajuda a elimin\u00e1-los com mais facilidade. Ele tamb\u00e9m contribui para o equil\u00edbrio da microbiota intestinal, reduzindo o desconforto abdominal\u201d.\u00a0<\/p>\n<p class=\"editor-paragraph\">Leia tamb\u00e9m:\u00a0 <a href=\"https:\/\/www.minhavida.com.br\/materias\/materia-24855\" rel=\"nofollow noopener\" target=\"_blank\">Barriga inchada? Esses 5 alimentos podem ser os culpados<\/a><\/p>\n<p>Outros benef\u00edcios do cominho<\/p>\n<p class=\"editor-paragraph\">Para al\u00e9m do seu efeito carminativo e digestivo, o cominho possui propriedades antioxidantes e anti-inflamat\u00f3rias, que ajudam a combater radicais livres e proteger as c\u00e9lulas do corpo.\u00a0<\/p>\n<p class=\"editor-paragraph\">Entre os principais benef\u00edcios deste tempero, destacam-se:<\/p>\n<ul class=\"editor-list\">\n<li class=\"editor-list-item\">\n        Controle do <a href=\"https:\/\/www.minhavida.com.br\/saude\/temas\/colesterol\" rel=\"nofollow noopener\" target=\"_blank\">colesterol\u00a0<\/a>\n    <\/li>\n<li class=\"editor-list-item\">\n        Fortalecimento do sistema imunol\u00f3gico\u00a0\n    <\/li>\n<li class=\"editor-list-item\">\n        Regula\u00e7\u00e3o da press\u00e3o arterial\n    <\/li>\n<li class=\"editor-list-item\">\n        Melhora da circula\u00e7\u00e3o sangu\u00ednea\n    <\/li>\n<li class=\"editor-list-item\">\n        Combate \u00e0 <a href=\"https:\/\/www.minhavida.com.br\/saude\/temas\/anemia\" rel=\"nofollow noopener\" target=\"_blank\">anemia<\/a>\n    <\/li>\n<li class=\"editor-list-item\">\n        Cicatriza\u00e7\u00e3o acelerada\n    <\/li>\n<\/ul>\n<p class=\"editor-paragraph\">\u201cO cominho apresenta um sabor muito marcante, levemente amargo e c\u00edtrico; por isso, \u00e9 recomendado us\u00e1-lo em pequenas quantidades. Para cada x\u00edcara de feij\u00e3o cru deve ser usada meia colher de ch\u00e1 de cominho. Essa quantidade j\u00e1 ir\u00e1 auxiliar no processo digestivo\u201d, finaliza a nutricionista.<\/p>\n<p class=\"editor-paragraph\">Leia tamb\u00e9m: <a href=\"https:\/\/www.minhavida.com.br\/perguntas\/122711\" rel=\"nofollow noopener\" target=\"_blank\">Beber cominho dilu\u00eddo em \u00e1gua pode ajudar na indigest\u00e3o?<\/a><\/p>\n","protected":false},"excerpt":{"rendered":"Pouca gente sabe, mas colocar esse tempero em p\u00f3 na \u00e1gua do feij\u00e3o pode melhorar a digest\u00e3o e&hellip;\n","protected":false},"author":2,"featured_media":145617,"comment_status":"","ping_status":"","sticky":false,"template":"","format":"standard","meta":{"footnotes":""},"categories":[86],"tags":[31928,20551,31927,116,32,33,117],"class_list":{"0":"post-145616","1":"post","2":"type-post","3":"status-publish","4":"format-standard","5":"has-post-thumbnail","7":"category-saude","8":"tag-barriga-inchada","9":"tag-feijao","10":"tag-gases","11":"tag-health","12":"tag-portugal","13":"tag-pt","14":"tag-saude"},"share_on_mastodon":{"url":"https:\/\/pubeurope.com\/@pt\/115521072980664008","error":""},"_links":{"self":[{"href":"https:\/\/www.europesays.com\/pt\/wp-json\/wp\/v2\/posts\/145616","targetHints":{"allow":["GET"]}}],"collection":[{"href":"https:\/\/www.europesays.com\/pt\/wp-json\/wp\/v2\/posts"}],"about":[{"href":"https:\/\/www.europesays.com\/pt\/wp-json\/wp\/v2\/types\/post"}],"author":[{"embeddable":true,"href":"https:\/\/www.europesays.com\/pt\/wp-json\/wp\/v2\/users\/2"}],"replies":[{"embeddable":true,"href":"https:\/\/www.europesays.com\/pt\/wp-json\/wp\/v2\/comments?post=145616"}],"version-history":[{"count":0,"href":"https:\/\/www.europesays.com\/pt\/wp-json\/wp\/v2\/posts\/145616\/revisions"}],"wp:featuredmedia":[{"embeddable":true,"href":"https:\/\/www.europesays.com\/pt\/wp-json\/wp\/v2\/media\/145617"}],"wp:attachment":[{"href":"https:\/\/www.europesays.com\/pt\/wp-json\/wp\/v2\/media?parent=145616"}],"wp:term":[{"taxonomy":"category","embeddable":true,"href":"https:\/\/www.europesays.com\/pt\/wp-json\/wp\/v2\/categories?post=145616"},{"taxonomy":"post_tag","embeddable":true,"href":"https:\/\/www.europesays.com\/pt\/wp-json\/wp\/v2\/tags?post=145616"}],"curies":[{"name":"wp","href":"https:\/\/api.w.org\/{rel}","templated":true}]}}