{"id":145625,"date":"2025-11-09T18:18:11","date_gmt":"2025-11-09T18:18:11","guid":{"rendered":"https:\/\/www.europesays.com\/pt\/145625\/"},"modified":"2025-11-09T18:18:11","modified_gmt":"2025-11-09T18:18:11","slug":"marvel-promete-redefinir-tudo-em-grande-evento-dol","status":"publish","type":"post","link":"https:\/\/www.europesays.com\/pt\/145625\/","title":{"rendered":"Marvel promete redefinir tudo em grande evento \u2022 DOL"},"content":{"rendered":"<p><img decoding=\"async\" src=\"https:\/\/www.europesays.com\/pt\/wp-content\/uploads\/2025\/11\/dol_armageddon_0111_00927894_0_-3.webp\" fetchpriority=\"high\" alt=\"Imagem ilustrativa da not\u00edcia Vingadores: Marvel promete redefinir tudo em grande evento\" title=\"O novo evento \u00e9pico de Chip Zdarsky promete abalar todo o Universo Marvel, com a base sendo constru\u00edda nas HQs do Capit\u00e3o Am\u00e9rica e no retorno de Miles Morales. Saiba mais!\"\/> <img decoding=\"async\" src=\"https:\/\/dol.com.br\/themes\/DOL\/assets\/img\/camera-solid.svg\" alt=\"camera\" loading=\"lazy\"\/> O novo evento \u00e9pico de Chip Zdarsky promete abalar todo o Universo Marvel, com a base sendo constru\u00edda nas HQs do Capit\u00e3o Am\u00e9rica e no retorno de Miles Morales. Saiba mais! | Reprodu\u00e7\u00e3o\/Marvel Comics<\/p>\n<p>A Marvel usou o palco do festival italiano Lucca Comics &amp; Games para revelar seu pr\u00f3ximo grande evento c\u00f3smico: \u201cArmageddon\u201d. Programado para chegar \u00e0s lojas de quadrinhos dos Estados Unidos a partir de junho de 2026, a saga promete ser um marco para a editora.<\/p>\n<p>Confira a mat\u00e9ria completa no nosso parceiro <a href=\"https:\/\/hqpop.com.br\/vingadores-marvel-promete-redefinir-tudo-em-grande-evento-confira\/\" target=\"_blank\" rel=\"nofollow noopener\" data-rel-defined=\"\">HQPOP<\/a> e descubra todos os detalhes!<\/p>\n<p>Leia mais em HQPOP: VEM SEGUIR OS CANAIS DO DOL! <\/p>\n<p>Seja sempre o primeiro a ficar bem informado, entre no nosso canal de not\u00edcias no <a style=\"color:#5c4463!important\" target=\"_blank\" href=\"https:\/\/whatsapp.com\/channel\/0029Va9IlAw2v1J02cbfQ31H\" rel=\"nofollow noopener\">WhatsApp<\/a> e <a style=\"color:#5c4463!important\" href=\"https:\/\/t.me\/dolnoticias\" target=\"_blank\" rel=\"nofollow\">Telegram<\/a>. Para mais informa\u00e7\u00f5es sobre os canais do WhatsApp e seguir outros canais do DOL. Acesse: <a style=\"color:#5c4463!important\" target=\"_blank\" href=\"https:\/\/dol.com.br\/n\/828815\" rel=\"nofollow noopener\">dol.com.br\/n\/828815<\/a>.<\/p>\n<p>tagsQuer receber mais not\u00edcias como essa?Cadastre seu email e comece o dia com as not\u00edcias selecionadas pelo nosso editor <b>Conte\u00fado<\/b> Relacionado<\/p>\n<p><b>IMPORTANTE:<\/b> Os coment\u00e1rios n\u00e3o representam a opini\u00e3o do Di\u00e1rio Online. Os textos escritos s\u00e3o de inteira responsabilidade dos autores.<\/p>\n","protected":false},"excerpt":{"rendered":"O novo evento \u00e9pico de Chip Zdarsky promete abalar todo o Universo Marvel, com a base sendo constru\u00edda&hellip;\n","protected":false},"author":2,"featured_media":145626,"comment_status":"","ping_status":"","sticky":false,"template":"","format":"standard","meta":{"footnotes":""},"categories":[140],"tags":[114,115,31929,147,148,31930,31931,31932,31933,146,32,33,31934],"class_list":{"0":"post-145625","1":"post","2":"type-post","3":"status-publish","4":"format-standard","5":"has-post-thumbnail","7":"category-filmes","8":"tag-entertainment","9":"tag-entretenimento","10":"tag-eventos-de-quadrinhos","11":"tag-film","12":"tag-filmes","13":"tag-hqpop-noticias","14":"tag-lancamento-quadrinhos-2026","15":"tag-lucca-comics-games","16":"tag-marvel-armageddon","17":"tag-movies","18":"tag-portugal","19":"tag-pt","20":"tag-saga-cosmica-marvel"},"share_on_mastodon":{"url":"https:\/\/pubeurope.com\/@pt\/115521120360527588","error":""},"_links":{"self":[{"href":"https:\/\/www.europesays.com\/pt\/wp-json\/wp\/v2\/posts\/145625","targetHints":{"allow":["GET"]}}],"collection":[{"href":"https:\/\/www.europesays.com\/pt\/wp-json\/wp\/v2\/posts"}],"about":[{"href":"https:\/\/www.europesays.com\/pt\/wp-json\/wp\/v2\/types\/post"}],"author":[{"embeddable":true,"href":"https:\/\/www.europesays.com\/pt\/wp-json\/wp\/v2\/users\/2"}],"replies":[{"embeddable":true,"href":"https:\/\/www.europesays.com\/pt\/wp-json\/wp\/v2\/comments?post=145625"}],"version-history":[{"count":0,"href":"https:\/\/www.europesays.com\/pt\/wp-json\/wp\/v2\/posts\/145625\/revisions"}],"wp:featuredmedia":[{"embeddable":true,"href":"https:\/\/www.europesays.com\/pt\/wp-json\/wp\/v2\/media\/145626"}],"wp:attachment":[{"href":"https:\/\/www.europesays.com\/pt\/wp-json\/wp\/v2\/media?parent=145625"}],"wp:term":[{"taxonomy":"category","embeddable":true,"href":"https:\/\/www.europesays.com\/pt\/wp-json\/wp\/v2\/categories?post=145625"},{"taxonomy":"post_tag","embeddable":true,"href":"https:\/\/www.europesays.com\/pt\/wp-json\/wp\/v2\/tags?post=145625"}],"curies":[{"name":"wp","href":"https:\/\/api.w.org\/{rel}","templated":true}]}}