{"id":145632,"date":"2025-11-09T18:25:08","date_gmt":"2025-11-09T18:25:08","guid":{"rendered":"https:\/\/www.europesays.com\/pt\/145632\/"},"modified":"2025-11-09T18:25:08","modified_gmt":"2025-11-09T18:25:08","slug":"memorias-de-vasco-lourenco-revelam-que-otelo-e-que-foi-traido-pelo-pcp-25-de-novembro-de-1975","status":"publish","type":"post","link":"https:\/\/www.europesays.com\/pt\/145632\/","title":{"rendered":"Mem\u00f3rias de Vasco Louren\u00e7o revelam que \u201cOtelo \u00e9 que foi tra\u00eddo\u201d pelo PCP | 25 de Novembro de 1975"},"content":{"rendered":"<p>A sensivelmente duas semanas dos <a href=\"https:\/\/www.publico.pt\/25-de-novembro-de-1975\" rel=\"nofollow noopener\" target=\"_blank\">50 anos do 25 de Novembro<\/a>, o coronel Vasco Louren\u00e7o traz um novo ponto de vista sobre a data, no livro que lan\u00e7a esta semana e a que chamou \u201cMem\u00f3rias de Um Capit\u00e3o de Abril \u2013 O 25 de Novembro\u201d. De acordo com o <a href=\"https:\/\/expresso.pt\/politica\/2025-11-06-otelo-foi-traido-pelo-pcp-no-25-de-novembro-conta-vasco-lourenco-em-livro-de-memorias-f722d633\" target=\"_blank\" rel=\"nofollow noopener\">Expresso<\/a>, que teve acesso antecipado \u00e0 obra, \u201cOtelo [Saraiva de Carvalho] \u00e9 que foi tra\u00eddo\u201d pelo PCP.<\/p>\n<p>No livro que ser\u00e1 lan\u00e7ado esta semana, o presidente da associa\u00e7\u00e3o 25 de Abril real\u00e7a que teve como ponto de partida um relat\u00f3rio do ex-militante comunista j\u00e1 falecido Lu\u00eds Pessoa, que foi tamb\u00e9m <a href=\"https:\/\/expresso.pt\/politica\/2024-11-28-no-25-de-novembro-pcp-mandou-recuar-sem-deixar-rasto-o-que-diz-o-relatorio-do-militar-que-desencadeou-as-movimentacoes--c6684693\" target=\"_blank\" rel=\"nofollow noopener\">divulgado pelo seman\u00e1rio<\/a>. \u201cConfirmei quase tudo, acrescentei novos dados que nem o pr\u00f3prio Lu\u00eds Pessoa conhecia e hoje estou em condi\u00e7\u00f5es de falar com muito mais conhecimento do que se passou no 25 de Novembro de 1975\u201d, afirma o capit\u00e3o de Abril na sua obra.<\/p>\n<p>Neste regresso ao passado, o seman\u00e1rio destaca que depois de o chefe do Estado-maior da For\u00e7a A\u00e9rea, general Morais e Silva, ter decretado o fim dos p\u00e1ra-quedistas, Otelo Saraiva de Carvalho enviou equipas \u00e0s unidades para fazer sess\u00f5es de esclarecimento, mas que, nota Vasco Louren\u00e7o, \u201cem vez de esclarecimentos, realizaram ac\u00e7\u00f5es de ocupa\u00e7\u00e3o, com pris\u00e3o dos respectivos comandantes\u201d. &#8220;S\u00f3 ap\u00f3s a luz vir de Otelo, o PCP actuou!&#8221;, escreve Vasco Louren\u00e7o.<\/p>\n<p>O jornal cita que, nessa sequ\u00eancia, \u201cJaime Serra, o primeiro respons\u00e1vel do PCP pela \u00e1rea militar, telefona a Lu\u00eds Pessoa\u201d com ordens para avan\u00e7ar para a tomada da RTP, mas que ao verificar a desvantagem, os comunistas ter\u00e3o dado novas ordens para recuar.<\/p>\n<p>Notando que os p\u00e1ra-quedistas ainda hoje \u201cpensar\u00e3o que Otelo os traiu\u201d, por ter dado &#8220;ordens para ir \u00e0s unidades e, em vez de comandar, abandonou o comando, foi para casa e deixou dependurados os p\u00e1ra-quedistas&#8221;, Vasco Louren\u00e7o defende que estes militares \u201cestavam convencidos de estar a fazer o que faziam sob o comando de Otelo\u201d, mas que \u201cOtelo \u00e9 que foi tra\u00eddo\u201d, no caso, pelo PCP.<\/p>\n<p>O livro do coronel Vasco Louren\u00e7o ser\u00e1 apresentado no dia 12 de Novembro, na associa\u00e7\u00e3o 25 de Abril, em Lisboa.<\/p>\n","protected":false},"excerpt":{"rendered":"A sensivelmente duas semanas dos 50 anos do 25 de Novembro, o coronel Vasco Louren\u00e7o traz um novo&hellip;\n","protected":false},"author":2,"featured_media":145633,"comment_status":"","ping_status":"","sticky":false,"template":"","format":"standard","meta":{"footnotes":""},"categories":[10],"tags":[31935,27,28,15,16,14,25,26,21,22,12,13,19,20,31937,3596,52,32,23,24,33,17,18,29,30,31,31936],"class_list":{"0":"post-145632","1":"post","2":"type-post","3":"status-publish","4":"format-standard","5":"has-post-thumbnail","7":"category-portugal","8":"tag-25-de-novembro-de-1975","9":"tag-breaking-news","10":"tag-breakingnews","11":"tag-featured-news","12":"tag-featurednews","13":"tag-headlines","14":"tag-latest-news","15":"tag-latestnews","16":"tag-main-news","17":"tag-mainnews","18":"tag-news","19":"tag-noticias","20":"tag-noticias-principais","21":"tag-noticiasprincipais","22":"tag-otelo-saraiva-de-carvalho","23":"tag-pcp","24":"tag-politica","25":"tag-portugal","26":"tag-principais-noticias","27":"tag-principaisnoticias","28":"tag-pt","29":"tag-top-stories","30":"tag-topstories","31":"tag-ultimas","32":"tag-ultimas-noticias","33":"tag-ultimasnoticias","34":"tag-vasco-lourenco"},"share_on_mastodon":{"url":"https:\/\/pubeurope.com\/@pt\/115521147541260056","error":""},"_links":{"self":[{"href":"https:\/\/www.europesays.com\/pt\/wp-json\/wp\/v2\/posts\/145632","targetHints":{"allow":["GET"]}}],"collection":[{"href":"https:\/\/www.europesays.com\/pt\/wp-json\/wp\/v2\/posts"}],"about":[{"href":"https:\/\/www.europesays.com\/pt\/wp-json\/wp\/v2\/types\/post"}],"author":[{"embeddable":true,"href":"https:\/\/www.europesays.com\/pt\/wp-json\/wp\/v2\/users\/2"}],"replies":[{"embeddable":true,"href":"https:\/\/www.europesays.com\/pt\/wp-json\/wp\/v2\/comments?post=145632"}],"version-history":[{"count":0,"href":"https:\/\/www.europesays.com\/pt\/wp-json\/wp\/v2\/posts\/145632\/revisions"}],"wp:featuredmedia":[{"embeddable":true,"href":"https:\/\/www.europesays.com\/pt\/wp-json\/wp\/v2\/media\/145633"}],"wp:attachment":[{"href":"https:\/\/www.europesays.com\/pt\/wp-json\/wp\/v2\/media?parent=145632"}],"wp:term":[{"taxonomy":"category","embeddable":true,"href":"https:\/\/www.europesays.com\/pt\/wp-json\/wp\/v2\/categories?post=145632"},{"taxonomy":"post_tag","embeddable":true,"href":"https:\/\/www.europesays.com\/pt\/wp-json\/wp\/v2\/tags?post=145632"}],"curies":[{"name":"wp","href":"https:\/\/api.w.org\/{rel}","templated":true}]}}