{"id":145634,"date":"2025-11-09T18:27:31","date_gmt":"2025-11-09T18:27:31","guid":{"rendered":"https:\/\/www.europesays.com\/pt\/145634\/"},"modified":"2025-11-09T18:27:31","modified_gmt":"2025-11-09T18:27:31","slug":"thiago-nigro-encanta-ao-mostrar-o-rosto-de-sua-filha-e-de-maira-cardi","status":"publish","type":"post","link":"https:\/\/www.europesays.com\/pt\/145634\/","title":{"rendered":"Thiago Nigro encanta ao mostrar o rosto de sua filha e de Ma\u00edra Cardi"},"content":{"rendered":"<p>A filha de <strong>Thiago Nigro<\/strong> e <strong><a href=\"https:\/\/caras.com.br\/tags\/maira-cardi\" rel=\"nofollow noopener\" target=\"_blank\">Ma\u00edra Cardi<\/a><\/strong>,<strong> Eloah<\/strong>, encantou em nova apari\u00e7\u00e3o na rede social. Neste domingo, 09, o papai coruja postou uma foto de sua herdeira e da ex-BBB e deixou seus seguidores babando com tanta fofura. Com apenas alguns dias de vida, a menina mostrou todo seu charme.<\/p>\n<p>Usando um macac\u00e3o rosa com estampa de cavalos, ela surgiu dormindo no colo do pai. Com a m\u00e3ozinha ao lao do rosto, a pequena protagonizou o clique fof\u00edssimo. \u201cBom dia\u201d, escreveu o empres\u00e1rio e coach financeiro, conhecido como o Primo Rico.<\/p>\n<p>Apesar de Eloah ser sua primeira filha biol\u00f3gica, Thiago Nigro j\u00e1 falou diversas vezes que j\u00e1 se considerava pai quando assumiu o compromisso de se casar com Ma\u00edra Cardi, que j\u00e1 tinha dois filhos, <strong>Lucas Cardi<\/strong> e <strong>Sophia Cardi<\/strong>, de relacionamentos anteriores.<\/p>\n<p>Ainda nos \u00faltimos, <a href=\"https:\/\/caras.com.br\/bem-estar\/maira-cardi-choca-com-antes-e-depois-de-seu-corpo-apos-uma-semana-do-parto-da-filha.phtml\" rel=\"nofollow noopener\" target=\"_blank\">Ma\u00edra Cardi mostrou como j\u00e1 est\u00e1 seu corpo<\/a> ap\u00f3s 10 dias do nascimento da terceira filha. A famosa impressionou ao exibir a situa\u00e7\u00e3o de sua barriga no mesmo vestido que havia usado enquanto estava com um barrig\u00e3o de gr\u00e1vida. Eloah nasceu no dia 26 de outubro.<\/p>\n<p>\t <img loading=\"lazy\" decoding=\"async\" class=\"size-full wp-image-1028700 img-fluid lazy\" alt=\"Filha de Thiago Nigro e Ma\u00edra Cardi\" width=\"1080\" height=\"1908\" src=\"https:\/\/www.europesays.com\/pt\/wp-content\/uploads\/2025\/11\/filha-thiago-nigro-maira-cardi.jpg\"  \/>Filha de Thiago Nigro e Ma\u00edra Cardi \u2013 Foto: @thiago.nigro Ma\u00edra Cardi relata dificuldades com a filha <\/p>\n<p>Ma\u00edra Cardi contou que <a href=\"https:\/\/caras.com.br\/bem-estar\/maira-cardi-relata-susto-apos-engasgo-da-filha-com-thiago-nigro-e-pediatra-alerta-pode-ser-fatal.phtml\" rel=\"nofollow noopener\" target=\"_blank\">Eloah engasgou ainda no parto<\/a> e precisou ser levada para a UTI. \u201cAssim que a Eloah nasceu, ela engasgou. Eu vi o choro dela com o engasgo. Ela estava completamente roxa\u2026 Eu estou rindo, mas desesperada\u201d, desabafou Ma\u00edra.<\/p>\n<p>Al\u00e9m desse primeiro \u201csusto\u201d, a influenciadora vem compartilhando algumas de suas <a href=\"https:\/\/caras.com.br\/bebe\/maira-cardi-fala-sobre-dificuldades-na-amamentacao-de-sua-cacula.phtml\" rel=\"nofollow noopener\" target=\"_blank\">dificuldades com a amamenta\u00e7\u00e3o da herdeira ca\u00e7ula<\/a>.<\/p>\n<p>\u201cQuando ela chegou e come\u00e7ou a mamar, o leite desceu, e ele desceu com tudo, porque eu tinha certeza que n\u00e3o ia dar. E a Eloah, ela t\u00e1 com dificuldade de mamar, porque, como ela ficou na UTI, ela dorme muito, tem muito sono, n\u00e3o tem for\u00e7a para mamar sozinha, eu tenho que tirar na bomba\u201d, revelou ela em suas redes sociais.<\/p>\n<p>\u201cAinda assim eu t\u00f4 passando uma vaca-leiteira, n\u00e3o mudou nada a minha produ\u00e7\u00e3o de leite. \u00c9 bizarra a quantidade de leite que eu tenho produzido, voc\u00eas n\u00e3o t\u00eam ideia, parece uma f\u00e1brica. Voc\u00ea abre minha geladeira, s\u00f3 pote de leite, e aquele leite colostro, bem amarelinho\u201d, completou ela.<\/p>\n<p>        <a href=\"https:\/\/caras.com.br\/autor\/nataly-paschoal\" rel=\"nofollow noopener\" target=\"_blank\">&#13;<br \/>\n          <img loading=\"lazy\" decoding=\"async\" alt=\"Nataly Paschoal\" src=\"https:\/\/www.europesays.com\/pt\/wp-content\/uploads\/2025\/09\/nataly-paschoal_sqmd.jpg\" class=\"avatar avatar-115 photo rounded-circle\" height=\"115\" width=\"115\"\/>        <\/a><\/p>\n<p><b>Nataly Paschoal <\/b>\u00e9 rep\u00f3rter de conte\u00fado do site CARAS. Formada em jornalismo pela Faculdade C\u00e1sper L\u00edbero, ela j\u00e1 passou por sites como Todateen, Sportlife e espnW. Escreve sobre celebridades, TV, reality show e novelas.<\/p>\n","protected":false},"excerpt":{"rendered":"A filha de Thiago Nigro e Ma\u00edra Cardi, Eloah, encantou em nova apari\u00e7\u00e3o na rede social. Neste domingo,&hellip;\n","protected":false},"author":2,"featured_media":145635,"comment_status":"","ping_status":"","sticky":false,"template":"","format":"standard","meta":{"footnotes":""},"categories":[145],"tags":[211,210,114,115,31938,31939,7142,32,33,7143],"class_list":{"0":"post-145634","1":"post","2":"type-post","3":"status-publish","4":"format-standard","5":"has-post-thumbnail","7":"category-celebridades","8":"tag-celebridades","9":"tag-celebrities","10":"tag-entertainment","11":"tag-entretenimento","12":"tag-filha-maira-cardi","13":"tag-filha-thiago-nigro","14":"tag-maira-cardi","15":"tag-portugal","16":"tag-pt","17":"tag-thiago-nigro"},"share_on_mastodon":{"url":"https:\/\/pubeurope.com\/@pt\/115521155759573918","error":""},"_links":{"self":[{"href":"https:\/\/www.europesays.com\/pt\/wp-json\/wp\/v2\/posts\/145634","targetHints":{"allow":["GET"]}}],"collection":[{"href":"https:\/\/www.europesays.com\/pt\/wp-json\/wp\/v2\/posts"}],"about":[{"href":"https:\/\/www.europesays.com\/pt\/wp-json\/wp\/v2\/types\/post"}],"author":[{"embeddable":true,"href":"https:\/\/www.europesays.com\/pt\/wp-json\/wp\/v2\/users\/2"}],"replies":[{"embeddable":true,"href":"https:\/\/www.europesays.com\/pt\/wp-json\/wp\/v2\/comments?post=145634"}],"version-history":[{"count":0,"href":"https:\/\/www.europesays.com\/pt\/wp-json\/wp\/v2\/posts\/145634\/revisions"}],"wp:featuredmedia":[{"embeddable":true,"href":"https:\/\/www.europesays.com\/pt\/wp-json\/wp\/v2\/media\/145635"}],"wp:attachment":[{"href":"https:\/\/www.europesays.com\/pt\/wp-json\/wp\/v2\/media?parent=145634"}],"wp:term":[{"taxonomy":"category","embeddable":true,"href":"https:\/\/www.europesays.com\/pt\/wp-json\/wp\/v2\/categories?post=145634"},{"taxonomy":"post_tag","embeddable":true,"href":"https:\/\/www.europesays.com\/pt\/wp-json\/wp\/v2\/tags?post=145634"}],"curies":[{"name":"wp","href":"https:\/\/api.w.org\/{rel}","templated":true}]}}