{"id":145711,"date":"2025-11-09T19:41:12","date_gmt":"2025-11-09T19:41:12","guid":{"rendered":"https:\/\/www.europesays.com\/pt\/145711\/"},"modified":"2025-11-09T19:41:12","modified_gmt":"2025-11-09T19:41:12","slug":"depois-de-duas-goleadas-portugal-soma-primeira-derrota-no-mundial-de-sub-17-futebol","status":"publish","type":"post","link":"https:\/\/www.europesays.com\/pt\/145711\/","title":{"rendered":"Depois de duas goleadas, Portugal soma primeira derrota no Mundial de sub-17 | Futebol"},"content":{"rendered":"<p>A selec\u00e7\u00e3o portuguesa fechou neste domingo a fase de grupos do Campeonato do Mundo de futebol de sub-17 com uma derrota, diante do Jap\u00e3o, por 2-1, e acabou relegada para o segundo lugar da &#8220;poule&#8221; B pelos nip\u00f3nicos.<\/p>\n<p>Em Doha, Takeshi Wada (35 minutos) e Taiga Seguchi (45&#8242;) marcaram os golos dos japoneses, que terminaram a partida reduzidos a 10 elementos, por expuls\u00e3o de Kaiji Chonan (78&#8242;), pouco antes de o m\u00e9dio Zeega (80&#8242;) reduzir a desvantagem da equipa lusa, que j\u00e1 tinha assegurado a passagem aos 16 avos-de-final.<\/p>\n<p>Ap\u00f3s goleadas sobre Nova Caled\u00f3nia (6-1) e Marrocos (6-0), Portugal acaba por ficar na segunda posi\u00e7\u00e3o do grupo, com seis pontos, menos um do que o Jap\u00e3o, que tamb\u00e9m segue para a pr\u00f3xima fase, enquanto Marrocos \u00e9 terceiro, com tr\u00eas, ap\u00f3s alcan\u00e7ar um resultado hist\u00f3rico sobre a Nova Caled\u00f3nia (16-0), \u00faltima, com um.<\/p>\n<p>Portugal ter\u00e1 agora de esperar pelo fim da fase de grupos (no dia 11 de Novembro) para ficar a conhecer o seu advers\u00e1rio nos 16-avos-de-final.<\/p>\n<p>A selec\u00e7\u00e3o portuguesa participa pela quarta vez no Mundial de sub-17, ap\u00f3s 1989, 1995 e 2003, numa competi\u00e7\u00e3o que decorre at\u00e9 27 de Novembro, no Qatar, e em que os dois primeiros classificados de cada um dos 12 grupos, mais os oito melhores terceiros apuram-se para os 16 avos-de-final.<\/p>\n","protected":false},"excerpt":{"rendered":"A selec\u00e7\u00e3o portuguesa fechou neste domingo a fase de grupos do Campeonato do Mundo de futebol de sub-17&hellip;\n","protected":false},"author":2,"featured_media":145712,"comment_status":"","ping_status":"","sticky":false,"template":"","format":"standard","meta":{"footnotes":""},"categories":[8],"tags":[27,28,135,15,16,524,138,14,25,26,21,22,12,13,19,20,32,23,24,33,31532,17,18,29,30,31],"class_list":{"0":"post-145711","1":"post","2":"type-post","3":"status-publish","4":"format-standard","5":"has-post-thumbnail","7":"category-principais-noticias","8":"tag-breaking-news","9":"tag-breakingnews","10":"tag-desporto","11":"tag-featured-news","12":"tag-featurednews","13":"tag-futebol","14":"tag-futebol-internacional","15":"tag-headlines","16":"tag-latest-news","17":"tag-latestnews","18":"tag-main-news","19":"tag-mainnews","20":"tag-news","21":"tag-noticias","22":"tag-noticias-principais","23":"tag-noticiasprincipais","24":"tag-portugal","25":"tag-principais-noticias","26":"tag-principaisnoticias","27":"tag-pt","28":"tag-sub-17","29":"tag-top-stories","30":"tag-topstories","31":"tag-ultimas","32":"tag-ultimas-noticias","33":"tag-ultimasnoticias"},"share_on_mastodon":{"url":"https:\/\/pubeurope.com\/@pt\/115521446738607950","error":""},"_links":{"self":[{"href":"https:\/\/www.europesays.com\/pt\/wp-json\/wp\/v2\/posts\/145711","targetHints":{"allow":["GET"]}}],"collection":[{"href":"https:\/\/www.europesays.com\/pt\/wp-json\/wp\/v2\/posts"}],"about":[{"href":"https:\/\/www.europesays.com\/pt\/wp-json\/wp\/v2\/types\/post"}],"author":[{"embeddable":true,"href":"https:\/\/www.europesays.com\/pt\/wp-json\/wp\/v2\/users\/2"}],"replies":[{"embeddable":true,"href":"https:\/\/www.europesays.com\/pt\/wp-json\/wp\/v2\/comments?post=145711"}],"version-history":[{"count":0,"href":"https:\/\/www.europesays.com\/pt\/wp-json\/wp\/v2\/posts\/145711\/revisions"}],"wp:featuredmedia":[{"embeddable":true,"href":"https:\/\/www.europesays.com\/pt\/wp-json\/wp\/v2\/media\/145712"}],"wp:attachment":[{"href":"https:\/\/www.europesays.com\/pt\/wp-json\/wp\/v2\/media?parent=145711"}],"wp:term":[{"taxonomy":"category","embeddable":true,"href":"https:\/\/www.europesays.com\/pt\/wp-json\/wp\/v2\/categories?post=145711"},{"taxonomy":"post_tag","embeddable":true,"href":"https:\/\/www.europesays.com\/pt\/wp-json\/wp\/v2\/tags?post=145711"}],"curies":[{"name":"wp","href":"https:\/\/api.w.org\/{rel}","templated":true}]}}