{"id":145723,"date":"2025-11-09T19:50:17","date_gmt":"2025-11-09T19:50:17","guid":{"rendered":"https:\/\/www.europesays.com\/pt\/145723\/"},"modified":"2025-11-09T19:50:17","modified_gmt":"2025-11-09T19:50:17","slug":"como-a-revolucao-criou-uma-rutura-na-cancao-portuguesa-observador","status":"publish","type":"post","link":"https:\/\/www.europesays.com\/pt\/145723\/","title":{"rendered":"Como a Revolu\u00e7\u00e3o criou uma rutura na can\u00e7\u00e3o portuguesa \u2013 Observador"},"content":{"rendered":"<p>Jos\u00e9 Jorge Letria \u00e9 um divisor de \u00e1guas na r\u00e1dio do Estado: \u201cNa Emissora Nacional a m\u00fasica \u00e9 outra\u201d, celebra o Di\u00e1rio de Lisboa, esque\u00e7am o Ant\u00f3nio Calv\u00e1rio ou o Gabriel Cardoso, acabou a \u201ccapelinha\u201d que \u201ctodos gozavam \u00e0 grande e \u00e0 francesa\u201d. \u201cAo contr\u00e1rio do que tem acontecido noutros organismos, na Emissora Nacional o saneamento foi r\u00e1pido e efetivo\u201d, reflete o cr\u00edtico de m\u00fasica M\u00e1rio Vieira de Carvalho. Os pensamentos deste cr\u00edtico carregam um peso institucional ap\u00f3s o 25 de Abril: logo em maio, a Junta de Salva\u00e7\u00e3o Nacional reuniu uma pl\u00eaiade de intelectuais, incluindo M\u00e1rio Vieira de Carvalho, para definirem a pol\u00edtica cultural do pa\u00eds, em coordena\u00e7\u00e3o com a rec\u00e9m-criada Comiss\u00e3o de Cultura e Espet\u00e1culos do MFA. M\u00e1rio Vieira de Carvalho apresentou um plano, justificado no Di\u00e1rio de Lisboa, de \u201csanear\u201d a m\u00fasica portuguesa, entre outros, as dire\u00e7\u00f5es do Conservat\u00f3rio Nacional, do Teatro S\u00e3o Carlos e a da Gulbenkian \u2014 neste \u00faltimo, foi particularmente bem-sucedido, contribuindo para a press\u00e3o que levou ao despedimento de Madalena Perdig\u00e3o. E a \u201cm\u00fasica ligeira\u201d, vejam bem, sequer devia existir, a sua \u201ca\u00e7\u00e3o dissolvente e estupidificante\u201d somente \u201cexplora\u201d o lucro e \u201cneutraliza\u201d a \u201cluta de classes\u201d.<\/p>\n<p>Houve uma segunda personalidade musical convocada pela Junta de Salva\u00e7\u00e3o Nacional: Fernando Lopes-Gra\u00e7a. Ap\u00f3s d\u00e9cadas de persegui\u00e7\u00e3o e apagamento \u2014 sinalizado pela PIDE como militante \u201csubversivo\u201d do Partido Comunista Portugu\u00eas (PCP), e \u201csegundo consta\u201d, \u201chomossexual\u201d \u2014 o prodigioso compositor tornou-se um representante oficioso do novo regime, com o seu report\u00f3rio integrado na maioria dos eventos musicais organizados pelo MFA. As editoras estavam atentas: at\u00e9 ao final do ano lan\u00e7aram, pelo menos, cinco \u00e1lbuns de Lopes-Gra\u00e7a, iniciando a discografia pela prof\u00e9tica Acordai das Can\u00e7\u00f5es Heroicas, que abriram caminho para a can\u00e7\u00e3o de protesto como hoje a conhecemos. No ano seguinte, M\u00e1rio Vieira de Carvalho e Fernando Lopes-Gra\u00e7a fizeram campanha pelo PCP.<\/p>\n<p>Um cord\u00e3o de bra\u00e7os dados, em desfile, ocupa o Rossio. De arrasto, uma multid\u00e3o. O tr\u00e2nsito \u00e9 interrompido e os bombeiros gerem a ocorr\u00eancia, mais um dia ca\u00f3tico no centro da cidade, j\u00e1 n\u00e3o basta a anima\u00e7\u00e3o di\u00e1ria aqui na pra\u00e7a, a az\u00e1fama de vendedores ambulantes de estendal no passeio \u2014 \u00e9 fruta, \u00e9 peixe, \u00e9 bugigangas, \u00e9 de aproveitar enquanto n\u00e3o voltam as multas. Na frente, Am\u00e1lia Rodrigues, de cravo na m\u00e3o, acompanhada por Ant\u00f3nio Mour\u00e3o, fadista sex symbol de eterno bronze e camisa aberta, at\u00e9 em per\u00edodo revolucion\u00e1rio, e acreditem, ainda Simone de Oliveira, Artur Garcia, Max, Rui de Mascarenhas, J\u00falia Babo ou Fernando Farinha, a nata da \u201cm\u00fasica ligeira\u201d a pisar a cal\u00e7ada, entre os comuns mortais. Os m\u00fasicos sobem \u00e0 Pra\u00e7a de Lu\u00eds de Cam\u00f5es e, nas barbas do poeta, em frente a um imenso s\u00e9quito, cantam Gr\u00e2ndola, Vila Morena.<\/p>\n<p>Ao longo do desfile, erguem as faixas \u201cA can\u00e7\u00e3o est\u00e1 na rua\u201d e \u201cSomos a can\u00e7\u00e3o que somos\u201d. A primeira mensagem era um grito de ordem ub\u00edquo, em concord\u00e2ncia com os camaradas da interven\u00e7\u00e3o. A segunda faixa \u00e9 mais difusa, est\u00e1 nas entrelinhas, passo a esclarecer: somos a can\u00e7\u00e3o que somos, sem vergonha, seja rom\u00e2ntico, fadista, folclorista ou pop star, e tamb\u00e9m queremos fazer parte deste novo pa\u00eds. \u201cConsideram-se lesados por atitudes que apelidam de discriminat\u00f3rias\u201d, esclarece a revista Gente. A manifesta\u00e7\u00e3o era uma estrat\u00e9gia de promo\u00e7\u00e3o de guerrilha, j\u00e1 que mal passam na r\u00e1dio, para anunciar um concerto no final da semana, no Coliseu dos Recreios, com os lucros a reverterem para o Sindicato dos Profissionais de Teatro, Bailado, Circo e Variedades.<\/p>\n","protected":false},"excerpt":{"rendered":"Jos\u00e9 Jorge Letria \u00e9 um divisor de \u00e1guas na r\u00e1dio do Estado: \u201cNa Emissora Nacional a m\u00fasica \u00e9&hellip;\n","protected":false},"author":2,"featured_media":145724,"comment_status":"","ping_status":"","sticky":false,"template":"","format":"standard","meta":{"footnotes":""},"categories":[85],"tags":[2534,23642,315,114,115,8305,339,57,32,17769,33,58],"class_list":{"0":"post-145723","1":"post","2":"type-post","3":"status-publish","4":"format-standard","5":"has-post-thumbnail","7":"category-entretenimento","8":"tag-25-de-abril","9":"tag-25-de-novembro","10":"tag-cultura","11":"tag-entertainment","12":"tag-entretenimento","13":"tag-histu00f3ria","14":"tag-mu00fasica","15":"tag-pau00eds","16":"tag-portugal","17":"tag-prec","18":"tag-pt","19":"tag-sociedade"},"share_on_mastodon":{"url":"https:\/\/pubeurope.com\/@pt\/115521481983904552","error":""},"_links":{"self":[{"href":"https:\/\/www.europesays.com\/pt\/wp-json\/wp\/v2\/posts\/145723","targetHints":{"allow":["GET"]}}],"collection":[{"href":"https:\/\/www.europesays.com\/pt\/wp-json\/wp\/v2\/posts"}],"about":[{"href":"https:\/\/www.europesays.com\/pt\/wp-json\/wp\/v2\/types\/post"}],"author":[{"embeddable":true,"href":"https:\/\/www.europesays.com\/pt\/wp-json\/wp\/v2\/users\/2"}],"replies":[{"embeddable":true,"href":"https:\/\/www.europesays.com\/pt\/wp-json\/wp\/v2\/comments?post=145723"}],"version-history":[{"count":0,"href":"https:\/\/www.europesays.com\/pt\/wp-json\/wp\/v2\/posts\/145723\/revisions"}],"wp:featuredmedia":[{"embeddable":true,"href":"https:\/\/www.europesays.com\/pt\/wp-json\/wp\/v2\/media\/145724"}],"wp:attachment":[{"href":"https:\/\/www.europesays.com\/pt\/wp-json\/wp\/v2\/media?parent=145723"}],"wp:term":[{"taxonomy":"category","embeddable":true,"href":"https:\/\/www.europesays.com\/pt\/wp-json\/wp\/v2\/categories?post=145723"},{"taxonomy":"post_tag","embeddable":true,"href":"https:\/\/www.europesays.com\/pt\/wp-json\/wp\/v2\/tags?post=145723"}],"curies":[{"name":"wp","href":"https:\/\/api.w.org\/{rel}","templated":true}]}}