{"id":145727,"date":"2025-11-09T19:52:20","date_gmt":"2025-11-09T19:52:20","guid":{"rendered":"https:\/\/www.europesays.com\/pt\/145727\/"},"modified":"2025-11-09T19:52:20","modified_gmt":"2025-11-09T19:52:20","slug":"hotel-de-luxo-em-portugal-coloca-a-venda-mesas-colchoes-poltronas-e-outro-recheio-a-partir-de-5e-dois-as-10","status":"publish","type":"post","link":"https:\/\/www.europesays.com\/pt\/145727\/","title":{"rendered":"Hotel de luxo em Portugal coloca \u00e0 venda mesas, colch\u00f5es, poltronas e outro recheio a partir de 5\u20ac &#8211; Dois \u00e0s 10"},"content":{"rendered":"<p>                        Um conhecido hotel de luxo em Portugal est\u00e1 a vender parte do seu mobili\u00e1rio e decora\u00e7\u00e3o. Desde mesas e poltronas a colch\u00f5es e outros artigos, \u00e9 poss\u00edvel adquirir pe\u00e7as exclusivas a partir de apenas 5\u20ac. <\/p>\n<p>Um <strong>hotel de luxo em Cascais<\/strong> vai encerrar temporariamente para remodela\u00e7\u00f5es, mas antes disso est\u00e1 a realizar uma venda que tem despertado grande interesse. Trata-se do <strong>Onyria Quinta da Marinha Hotel<\/strong>, que est\u00e1 a disponibilizar o seu <strong>mobili\u00e1rio e equipamentos de hotelaria<\/strong> atrav\u00e9s da plataforma digital <a href=\"https:\/\/www.secondserve.com\/\" rel=\"nofollow noopener\" target=\"_blank\">Second Serve<\/a>.<\/p>\n<p>A <strong>Second Serve<\/strong> \u00e9 especializada na comercializa\u00e7\u00e3o de artigos de hot\u00e9is e restaurantes em segunda m\u00e3o, proporcionando uma oportunidade \u00fanica de adquirir <strong>pe\u00e7as de design e qualidade a pre\u00e7os muito competitivos<\/strong>. No caso deste hotel, os pre\u00e7os variam entre <strong>5 e 100 euros<\/strong>, abrangendo colch\u00f5es, poltronas, cadeiras, mesas e outros artigos de decora\u00e7\u00e3o.<\/p>\n<p>Entre os produtos dispon\u00edveis, encontram-se <strong>mesas de madeira a 35 euros<\/strong>, <strong>colch\u00f5es a 95 euros<\/strong>, <strong>sof\u00e1s-cama por 120 euros<\/strong> e <strong>sommiers por 95 euros<\/strong>.<\/p>\n<p>De acordo com o <strong>Idealista<\/strong>, a venda teve in\u00edcio mesmo antes do <strong>encerramento do hotel<\/strong>, previsto apenas para o final de novembro, e os compradores poder\u00e3o receber as pe\u00e7as assim que o estabelecimento fechar. Quem desejar <strong>ver os produtos antes de comprar<\/strong> poder\u00e1 visitar o <strong>showroom em Mafra<\/strong>, mediante marca\u00e7\u00e3o, onde algumas pe\u00e7as estar\u00e3o expostas nas pr\u00f3ximas semanas.<\/p>\n<p>Esta iniciativa faz parte da <strong>grande renova\u00e7\u00e3o do hotel<\/strong>, que reabrir\u00e1 sob a <strong>marca Kimpton<\/strong>, reconhecida internacionalmente pelo seu conceito de <strong>lifestyle e hotelaria de excel\u00eancia<\/strong>. O <strong>upgrade do hotel<\/strong>, previsto entre <strong>final de 2025 e in\u00edcio de 2026<\/strong>, vai combinar <strong>moderniza\u00e7\u00e3o, luxo e sustentabilidade<\/strong>, conforme avan\u00e7a o <strong>Idealista<\/strong>.<\/p>\n<p>A opera\u00e7\u00e3o decorre em <strong>duas fases<\/strong>: primeiro, a venda do <strong>mobili\u00e1rio dos 200 quartos<\/strong> e, em seguida, dos <strong>artigos das \u00e1reas comuns<\/strong>, incluindo restaurantes, zonas de lazer e espa\u00e7os de eventos. Pode adquirir os artigos <a href=\"https:\/\/www.secondserve.com\/\" rel=\"nofollow noopener\" target=\"_blank\">aqui<\/a>.<\/p>\n","protected":false},"excerpt":{"rendered":"Um conhecido hotel de luxo em Portugal est\u00e1 a vender parte do seu mobili\u00e1rio e decora\u00e7\u00e3o. Desde mesas&hellip;\n","protected":false},"author":2,"featured_media":145728,"comment_status":"","ping_status":"","sticky":false,"template":"","format":"standard","meta":{"footnotes":""},"categories":[83],"tags":[88,329,166,3412,3406,3409,801,3410,3411,3407,3408,89,90,4063,3413,338,32,33],"class_list":{"0":"post-145727","1":"post","2":"type-post","3":"status-publish","4":"format-standard","5":"has-post-thumbnail","7":"category-empresas","8":"tag-business","9":"tag-claudio-ramos","10":"tag-cristina-ferreira","11":"tag-dois-10","12":"tag-dois-a-s-10-dois-a-s-10","13":"tag-dois-a-s-dez","14":"tag-dois-as-10","15":"tag-dois-as-dez","16":"tag-dois-dez","17":"tag-doisas10","18":"tag-doisasdez","19":"tag-economy","20":"tag-empresas","21":"tag-hotel","22":"tag-manha-tvi","23":"tag-maria-botelho-moniz","24":"tag-portugal","25":"tag-pt"},"share_on_mastodon":{"url":"https:\/\/pubeurope.com\/@pt\/115521489783170514","error":""},"_links":{"self":[{"href":"https:\/\/www.europesays.com\/pt\/wp-json\/wp\/v2\/posts\/145727","targetHints":{"allow":["GET"]}}],"collection":[{"href":"https:\/\/www.europesays.com\/pt\/wp-json\/wp\/v2\/posts"}],"about":[{"href":"https:\/\/www.europesays.com\/pt\/wp-json\/wp\/v2\/types\/post"}],"author":[{"embeddable":true,"href":"https:\/\/www.europesays.com\/pt\/wp-json\/wp\/v2\/users\/2"}],"replies":[{"embeddable":true,"href":"https:\/\/www.europesays.com\/pt\/wp-json\/wp\/v2\/comments?post=145727"}],"version-history":[{"count":0,"href":"https:\/\/www.europesays.com\/pt\/wp-json\/wp\/v2\/posts\/145727\/revisions"}],"wp:featuredmedia":[{"embeddable":true,"href":"https:\/\/www.europesays.com\/pt\/wp-json\/wp\/v2\/media\/145728"}],"wp:attachment":[{"href":"https:\/\/www.europesays.com\/pt\/wp-json\/wp\/v2\/media?parent=145727"}],"wp:term":[{"taxonomy":"category","embeddable":true,"href":"https:\/\/www.europesays.com\/pt\/wp-json\/wp\/v2\/categories?post=145727"},{"taxonomy":"post_tag","embeddable":true,"href":"https:\/\/www.europesays.com\/pt\/wp-json\/wp\/v2\/tags?post=145727"}],"curies":[{"name":"wp","href":"https:\/\/api.w.org\/{rel}","templated":true}]}}