{"id":145733,"date":"2025-11-09T19:55:12","date_gmt":"2025-11-09T19:55:12","guid":{"rendered":"https:\/\/www.europesays.com\/pt\/145733\/"},"modified":"2025-11-09T19:55:12","modified_gmt":"2025-11-09T19:55:12","slug":"rejeicao-de-entrevista-sobre-gouveia-e-melo","status":"publish","type":"post","link":"https:\/\/www.europesays.com\/pt\/145733\/","title":{"rendered":"Rejei\u00e7\u00e3o de Entrevista sobre Gouveia e Melo"},"content":{"rendered":"<p>Questionado pelos jornalistas em Vila Vi\u00e7osa sobre estas declara\u00e7\u00f5es de Gouveia e Melo no livro, Marcelo de Sousa come\u00e7ou por dizer que n\u00e3o tenciona &#8220;comentar candidatos a presidente. Quando deixar de ser presidente, n\u00e3o vou comentar os candidatos a presidente, esse \u00e9 o meu princ\u00edpio&#8221;, para logo acrescentar: <strong>&#8220;Dito isto, eu n\u00e3o dei essa entrevista. Eu n\u00e3o dei nenhuma entrevista em que tivesse dito aquilo que dizem que disse. N\u00e3o existe&#8221;.<\/strong><\/p>\n<p>&#8220;N\u00e3o encontram nenhuma entrevista minha em que eu me pronunciasse sobre quest\u00f5es de chefia das For\u00e7as Armadas.\u00a0N\u00e3o h\u00e1 nenhuma entrevista com palavras minhas pronunciando-me sobre quem \u00e9 chefe, quem n\u00e3o \u00e9 chefe, quem deve ser, quem n\u00e3o deve ser chefe das For\u00e7as Armadas.\u00a0E pronunciando-me sobre quem deve ser ou n\u00e3o candidato a presidente&#8221;, sublinhou o Presidente da Rep\u00fablica.<\/p>\n<p>Questionado sobre se Gouveia e Melo estava a faltar \u00e0 verdade, Marcelo Rebelo de Sousa afirmou: &#8220;N\u00e3o estou a dizer isso, estou a dizer que eu n\u00e3o dei [entrevista sobre o que o Expresso noticiou].<\/p>\n<p>No livro, Gouveia e Melo afirma que <strong>&#8220;o Governo &#8211; e tamb\u00e9m o senhor Presidente da Rep\u00fablica &#8211; n\u00e3o pareciam interessados em nada da defesa, para al\u00e9m de fazerem umas corre\u00e7\u00f5es nos ordenados dos militares. Assim, deduzi que o que pretendiam era que eu ficasse amarrado \u00e0 Marinha<\/strong>\u00a0com o eventual &#8216;pr\u00e9mio&#8217; de, no fim, poder ser CEMGFA e atingir o topo da carreira militar. Pensaram, especulo eu, que ficaria muito contente por me darem a oportunidade&#8221;.<\/p>\n<p>&#8220;Essas pessoas verdadeiramente n\u00e3o me conheciam&#8230;essa \u00e9 a \u00fanica coisa que eu nunca faria: ser pr\u00edncipe s\u00f3 para cortar fitas&#8221;, diz o candidato \u00e0 Presid\u00eancia da Rep\u00fablica. &#8220;Queriam dar-me import\u00e2ncia sem me darem poder para fazer nada. Muito obrigado. Foi a\u00ed que decidi: Vou entrar no campo das verdadeiras decis\u00f5es, a pol\u00edtica&#8221;, revela.<\/p>\n<p>O livro Gouveia e Melo &#8211; As Raz\u00f5es, da Porto Editora, estar\u00e1 nas livrarias na pr\u00f3xima quinta-feira, dia 13. <\/p>\n<p>Com Lusa<\/p>\n","protected":false},"excerpt":{"rendered":"Questionado pelos jornalistas em Vila Vi\u00e7osa sobre estas declara\u00e7\u00f5es de Gouveia e Melo no livro, Marcelo de Sousa&hellip;\n","protected":false},"author":2,"featured_media":72077,"comment_status":"","ping_status":"","sticky":false,"template":"","format":"standard","meta":{"footnotes":""},"categories":[8],"tags":[27,28,15,16,14,9705,25,26,21,22,588,12,13,19,20,32,1076,23,24,33,17,18,29,30,31],"class_list":{"0":"post-145733","1":"post","2":"type-post","3":"status-publish","4":"format-standard","5":"has-post-thumbnail","7":"category-principais-noticias","8":"tag-breaking-news","9":"tag-breakingnews","10":"tag-featured-news","11":"tag-featurednews","12":"tag-headlines","13":"tag-henrique-gouveia-e-melo","14":"tag-latest-news","15":"tag-latestnews","16":"tag-main-news","17":"tag-mainnews","18":"tag-marcelo-rebelo-de-sousa","19":"tag-news","20":"tag-noticias","21":"tag-noticias-principais","22":"tag-noticiasprincipais","23":"tag-portugal","24":"tag-presidenciais-2026","25":"tag-principais-noticias","26":"tag-principaisnoticias","27":"tag-pt","28":"tag-top-stories","29":"tag-topstories","30":"tag-ultimas","31":"tag-ultimas-noticias","32":"tag-ultimasnoticias"},"share_on_mastodon":{"url":"https:\/\/pubeurope.com\/@pt\/115521501589737703","error":""},"_links":{"self":[{"href":"https:\/\/www.europesays.com\/pt\/wp-json\/wp\/v2\/posts\/145733","targetHints":{"allow":["GET"]}}],"collection":[{"href":"https:\/\/www.europesays.com\/pt\/wp-json\/wp\/v2\/posts"}],"about":[{"href":"https:\/\/www.europesays.com\/pt\/wp-json\/wp\/v2\/types\/post"}],"author":[{"embeddable":true,"href":"https:\/\/www.europesays.com\/pt\/wp-json\/wp\/v2\/users\/2"}],"replies":[{"embeddable":true,"href":"https:\/\/www.europesays.com\/pt\/wp-json\/wp\/v2\/comments?post=145733"}],"version-history":[{"count":0,"href":"https:\/\/www.europesays.com\/pt\/wp-json\/wp\/v2\/posts\/145733\/revisions"}],"wp:featuredmedia":[{"embeddable":true,"href":"https:\/\/www.europesays.com\/pt\/wp-json\/wp\/v2\/media\/72077"}],"wp:attachment":[{"href":"https:\/\/www.europesays.com\/pt\/wp-json\/wp\/v2\/media?parent=145733"}],"wp:term":[{"taxonomy":"category","embeddable":true,"href":"https:\/\/www.europesays.com\/pt\/wp-json\/wp\/v2\/categories?post=145733"},{"taxonomy":"post_tag","embeddable":true,"href":"https:\/\/www.europesays.com\/pt\/wp-json\/wp\/v2\/tags?post=145733"}],"curies":[{"name":"wp","href":"https:\/\/api.w.org\/{rel}","templated":true}]}}