{"id":145744,"date":"2025-11-09T20:07:08","date_gmt":"2025-11-09T20:07:08","guid":{"rendered":"https:\/\/www.europesays.com\/pt\/145744\/"},"modified":"2025-11-09T20:07:08","modified_gmt":"2025-11-09T20:07:08","slug":"director-geral-da-bbc-e-directora-da-bbc-news-demitem-se-apos-polemica-com-trump-bbc","status":"publish","type":"post","link":"https:\/\/www.europesays.com\/pt\/145744\/","title":{"rendered":"Director-geral da BBC e directora da BBC News demitem-se ap\u00f3s pol\u00e9mica com Trump | BBC"},"content":{"rendered":"<p>O director-geral da BBC, Tim Davie, e a directora executiva de informa\u00e7\u00e3o, Deborah Turness, apresentaram a demiss\u00e3o da emissora p\u00fablica brit\u00e2nica este domingo na sequ\u00eancia da pol\u00e9mica em torno de um document\u00e1rio sobre o Presidente norte-americano, Donald Trump.<\/p>\n<p>Num comunicado divulgado este domingo pela BBC, Davie esclareceu que se tratou de uma decis\u00e3o pessoal ap\u00f3s 20 anos na emissora, embora reconhe\u00e7a \u201calguns erros\u201d pelos quais quis assumir a responsabilidade. \u201cTal como todas as organiza\u00e7\u00f5es p\u00fablicas, a BBC n\u00e3o \u00e9 perfeita, e devemos ser sempre abertos, transparentes e respons\u00e1veis\u201d, afirmou.<\/p>\n<p>Deborah Turness disse ter tomado a \u201cdif\u00edcil decis\u00e3o\u201d de abandonar a direc\u00e7\u00e3o de informa\u00e7\u00e3o da BBC por considerar n\u00e3o ter condi\u00e7\u00f5es para manter a \u201cvis\u00e3o colectiva\u201d que ambiciona para a esta\u00e7\u00e3o p\u00fablica brit\u00e2nica: \u201cperseguir a verdade sem uma agenda\u201d.<\/p>\n<p>\u201cA controv\u00e9rsia em curso sobre o [programa de document\u00e1rios] Panorama sobre o Presidente Trump chegou a um ponto em que est\u00e1 a prejudicar a BBC, uma institui\u00e7\u00e3o que amo\u201d, afirmou. \u201cA responsabilidade \u00e9 minha\u201d, garantiu Turness, esclarecendo que a demiss\u00e3o tinha sido apresentada a Davie no s\u00e1bado.<\/p>\n<p>\u201cApesar de terem sido cometidos erros, quero deixar absolutamente claro que as alega\u00e7\u00f5es recentes de que a BBC News \u00e9 institucionalmente preconceituosa s\u00e3o erradas\u201d, acrescentou a jornalista. Turness chegou \u00e0 BBC em 2022, vinda da esta\u00e7\u00e3o ITN e depois de ter passado pela NBC, e na emissora p\u00fablica brit\u00e2nica supervisionava uma equipa de seis mil pessoas, com emiss\u00f5es em mais de 40 l\u00ednguas, segundo informa\u00e7\u00e3o da pr\u00f3pria BBC.<\/p>\n<p>As duas demiss\u00f5es nos cargos de topo da BBC s\u00e3o o culminar de semanas de intensa press\u00e3o sobre a emissora brit\u00e2nica, acusada de coberturas tendenciosas de v\u00e1rios assuntos, incluindo a presid\u00eancia de Trump e o conflito entre Israel e o Hamas.<\/p>\n<p>Nos \u00faltimos dias, o Daily Telegraph divulgou o conte\u00fado de um relat\u00f3rio interno em que \u00e9 sugerido que o programa BBC Panorama ter\u00e1 fortemente editado um discurso de Trump em que este parece incentivar a invas\u00e3o ao Capit\u00f3lio a 6 de Janeiro de 2021.<\/p>\n<p>O relat\u00f3rio foi elaborado por Michael Prescott, que pertencia a um comit\u00e9 independente de supervis\u00e3o das pr\u00e1ticas jornal\u00edsticas da BBC, no qual acusa a emissora de um preconceito \u201cgrave e sist\u00e9mico\u201d na cobertura de Trump, da guerra em Gaza e do movimento de defesa dos direitos transg\u00e9nero.<\/p>\n<p>A ministra da Cultura, Lisa Nandy, saudou o trabalho de Davie \u00e0 frente da BBC, sublinhando o apoio que deu \u00e0 organiza\u00e7\u00e3o \u201cpara lidar com os desafios dos \u00faltimos anos\u201d.<\/p>\n<p>\u201cAgora, mais do que nunca, a necessidade de uma programa\u00e7\u00e3o de not\u00edcias confi\u00e1veis e de elevada qualidade \u00e9 essencial para a nossa vida democr\u00e1tica e cultural, e para o nosso lugar no mundo\u201d, acrescentou.<\/p>\n","protected":false},"excerpt":{"rendered":"O director-geral da BBC, Tim Davie, e a directora executiva de informa\u00e7\u00e3o, Deborah Turness, apresentaram a demiss\u00e3o da&hellip;\n","protected":false},"author":2,"featured_media":145745,"comment_status":"","ping_status":"","sticky":false,"template":"","format":"standard","meta":{"footnotes":""},"categories":[50],"tags":[11759,27,28,353,445,15,16,14,25,26,21,22,715,62,12,13,19,20,23,24,713,17,18,29,30,31,63,64,65],"class_list":{"0":"post-145744","1":"post","2":"type-post","3":"status-publish","4":"format-standard","5":"has-post-thumbnail","7":"category-mundo","8":"tag-bbc","9":"tag-breaking-news","10":"tag-breakingnews","11":"tag-em-destaque","12":"tag-europa","13":"tag-featured-news","14":"tag-featurednews","15":"tag-headlines","16":"tag-latest-news","17":"tag-latestnews","18":"tag-main-news","19":"tag-mainnews","20":"tag-media","21":"tag-mundo","22":"tag-news","23":"tag-noticias","24":"tag-noticias-principais","25":"tag-noticiasprincipais","26":"tag-principais-noticias","27":"tag-principaisnoticias","28":"tag-reino-unido","29":"tag-top-stories","30":"tag-topstories","31":"tag-ultimas","32":"tag-ultimas-noticias","33":"tag-ultimasnoticias","34":"tag-world","35":"tag-world-news","36":"tag-worldnews"},"share_on_mastodon":{"url":"https:\/\/pubeurope.com\/@pt\/115521548629317164","error":""},"_links":{"self":[{"href":"https:\/\/www.europesays.com\/pt\/wp-json\/wp\/v2\/posts\/145744","targetHints":{"allow":["GET"]}}],"collection":[{"href":"https:\/\/www.europesays.com\/pt\/wp-json\/wp\/v2\/posts"}],"about":[{"href":"https:\/\/www.europesays.com\/pt\/wp-json\/wp\/v2\/types\/post"}],"author":[{"embeddable":true,"href":"https:\/\/www.europesays.com\/pt\/wp-json\/wp\/v2\/users\/2"}],"replies":[{"embeddable":true,"href":"https:\/\/www.europesays.com\/pt\/wp-json\/wp\/v2\/comments?post=145744"}],"version-history":[{"count":0,"href":"https:\/\/www.europesays.com\/pt\/wp-json\/wp\/v2\/posts\/145744\/revisions"}],"wp:featuredmedia":[{"embeddable":true,"href":"https:\/\/www.europesays.com\/pt\/wp-json\/wp\/v2\/media\/145745"}],"wp:attachment":[{"href":"https:\/\/www.europesays.com\/pt\/wp-json\/wp\/v2\/media?parent=145744"}],"wp:term":[{"taxonomy":"category","embeddable":true,"href":"https:\/\/www.europesays.com\/pt\/wp-json\/wp\/v2\/categories?post=145744"},{"taxonomy":"post_tag","embeddable":true,"href":"https:\/\/www.europesays.com\/pt\/wp-json\/wp\/v2\/tags?post=145744"}],"curies":[{"name":"wp","href":"https:\/\/api.w.org\/{rel}","templated":true}]}}