{"id":145750,"date":"2025-11-09T20:18:08","date_gmt":"2025-11-09T20:18:08","guid":{"rendered":"https:\/\/www.europesays.com\/pt\/145750\/"},"modified":"2025-11-09T20:18:08","modified_gmt":"2025-11-09T20:18:08","slug":"serie-sobre-a-estonia-o-que-ver-na-tv-e-no-streaming-09-11-2025-ilustrada","status":"publish","type":"post","link":"https:\/\/www.europesays.com\/pt\/145750\/","title":{"rendered":"S\u00e9rie sobre a Est\u00f4nia: o que ver na TV e no streaming &#8211; 09\/11\/2025 &#8211; Ilustrada"},"content":{"rendered":"<p>A <a href=\"https:\/\/www1.folha.uol.com.br\/ilustrada\/2023\/12\/ronaldo-lemos-investiga-tecnologias-da-amazonia-no-programa-expresso-futuro.shtml\" rel=\"nofollow noopener\" target=\"\">s\u00e9rie documental &#8220;Expresso Futuro&#8221;<\/a> vai at\u00e9 a <a href=\"https:\/\/www1.folha.uol.com.br\/folha-topicos\/estonia\/\" rel=\"nofollow noopener\" target=\"_blank\">Est\u00f4nia<\/a> para explorar o pa\u00eds que se transformou num gigante em tecnologia, educa\u00e7\u00e3o e cultura \u2014 esmo tendo sido mais pobre do que o Brasil h\u00e1 30 anos.<\/p>\n<p>Em seis novos epis\u00f3dios, o especialista em tecnologia e <a href=\"https:\/\/www1.folha.uol.com.br\/colunas\/ronaldolemos\/\" rel=\"nofollow noopener\" target=\"\">colunista da <strong>Folha<\/strong> Ronaldo Lemos<\/a> mostra como um pa\u00eds pequeno conseguiu tomar decis\u00f5es acertadas em momentos cruciais para criar prosperidade e inova\u00e7\u00e3o.<\/p>\n<p class=\"tagline\"><strong>Onde ver:<\/strong> Futura e Globoplay, 21h, livre<\/p>\n<p>Em Busca da Felicidade<\/p>\n<p>De <a href=\"https:\/\/www1.folha.uol.com.br\/ilustrada\/2020\/01\/conhecido-pelas-comedias-tyler-perry-lanca-novo-drama.shtml\" rel=\"nofollow noopener\" target=\"\">Tyler Perry<\/a>, o filme conta a hist\u00f3ria de uma estilista chamada Joy, que decide passar a v\u00e9spera de <a href=\"https:\/\/www1.folha.uol.com.br\/folha-topicos\/natal\/\" rel=\"nofollow noopener\" target=\"_blank\">Natal<\/a> com um flerte no estado americano do Colorado. No caminho, ela fica presa numa nevasca e \u00e9 salva por outro homem que acaba transformando a sua vis\u00e3o sobre a vida e o amor.<\/p>\n<p class=\"tagline\"><strong>Onde ver:<\/strong> Prime Video, 16 anos<\/p>\n<p>We Want the <a href=\"https:\/\/www1.folha.uol.com.br\/folha-topicos\/funk\/\" rel=\"nofollow noopener\" target=\"_blank\">Funk<\/a> \u2013 A Hist\u00f3ria da Funk Music<\/p>\n<p>O document\u00e1rio narra a hist\u00f3ria do funk, desde suas ra\u00edzes africanas e jazz\u00edsticas at\u00e9 o in\u00edcio da carreira de James Brown e do Parliament Funkadelic de <a href=\"https:\/\/www1.folha.uol.com.br\/fsp\/ilustrad\/fq2507201111.htm\" rel=\"nofollow noopener\" target=\"\">George Clinton<\/a>, al\u00e9m de sua influ\u00eancia na new wave e no <a href=\"https:\/\/www1.folha.uol.com.br\/folha-topicos\/hip-hop\/\" rel=\"nofollow noopener\" target=\"_blank\">hip-hop<\/a>. Al\u00e9m do ritmo e da identidade, o funk tamb\u00e9m se conectava aos movimentos pol\u00edticos e raciais da d\u00e9cada de 1970.<\/p>\n<p class=\"tagline\"><strong>Onde ver:<\/strong> Curta!, 22h, livre<\/p>\n<p>Amor + Guerra<\/p>\n<p>O document\u00e1rio produzido pelo National Geographic acompanha a fot\u00f3grafa Lynsey Addario em sua cobertura da guerra na <a href=\"https:\/\/www1.folha.uol.com.br\/folha-topicos\/ucrania\/\" rel=\"nofollow noopener\" target=\"_blank\">Ucr\u00e2nia<\/a>, enquanto ela reflete sobre seu tempo dividido entre a fam\u00edlia e a carreira premiada com, entre outros, o seu pr\u00eamio Pulitzer de fotografia.<\/p>\n<p class=\"tagline\"><strong>Onde ver:<\/strong> <a href=\"https:\/\/www1.folha.uol.com.br\/folha-topicos\/disney\/\" rel=\"nofollow noopener\" target=\"_blank\">Disney<\/a>+, 16 anos<\/p>\n<p>No centro das aten\u00e7\u00f5es nesta semana, o secret\u00e1rio de Seguran\u00e7a P\u00fablica do <a href=\"https:\/\/www1.folha.uol.com.br\/folha-topicos\/rio-de-janeiro\/\" rel=\"nofollow noopener\" target=\"_blank\">Rio de Janeiro<\/a>, Victor dos Santos, discute os <a href=\"https:\/\/www1.folha.uol.com.br\/cotidiano\/2025\/11\/rio-prepara-novas-operacoes-com-foco-em-bracos-financeiro-e-politico-do-cv-e-retomada-de-territorio.shtml\" rel=\"nofollow noopener\" target=\"\">desafios da seguran\u00e7a p\u00fablica<\/a> no pa\u00eds, incluindo os resultados e desdobramentos da <a href=\"https:\/\/www1.folha.uol.com.br\/ilustrissima\/2025\/11\/massacre-no-rio-mostra-que-seguranca-publica-patina-entre-truculencia-e-idealismo.shtml\" rel=\"nofollow noopener\" target=\"\">a\u00e7\u00e3o policial <\/a>contra o <a href=\"https:\/\/www1.folha.uol.com.br\/folha-topicos\/comando-vermelho\/\" rel=\"nofollow noopener\" target=\"_blank\">Comando Vermelho<\/a>, realizada no fim de outubro em duas comunidades cariocas.<\/p>\n<p class=\"tagline\"><strong>Onde ver:<\/strong> <a href=\"https:\/\/www1.folha.uol.com.br\/folha-topicos\/tv-cultura\/\" rel=\"nofollow noopener\" target=\"_blank\">TV Cultura<\/a>, 22h, livre<\/p>\n<p>Jeffrey Wright vive Monk, um brilhante escritor negro autor de livros que n\u00e3o s\u00e3o populares porque ele se recusa a tratar personagens negros de forma estereotipada. Quando \u00e9 pressionado por seu editor a criar uma obra comercial &#8220;mais preta&#8221;, ele escreve um livro cheio de preconceitos como piada.<\/p>\n<p class=\"tagline\"><strong>Onde ver:<\/strong> TV Globo, 22h25, 16 anos<\/p>\n<p>Bat-Fam\u00edlia<\/p>\n<p>A primeira temporada da s\u00e9rie de anima\u00e7\u00e3o \u00e9 estrelada pelo pai de fam\u00edlia, Bruce Wayne, o jovem Damian \u2014o &#8220;Pequeno Batman&#8221;\u2014 e outros familiares desajustados que precisam encarar os desafios da vida comum enquanto protegem as ruas de Gotham City.<\/p>\n<p class=\"tagline\"><strong>Onde ver:<\/strong> Prime Video, 14 anos<\/p>\n","protected":false},"excerpt":{"rendered":"A s\u00e9rie documental &#8220;Expresso Futuro&#8221; vai at\u00e9 a Est\u00f4nia para explorar o pa\u00eds que se transformou num gigante&hellip;\n","protected":false},"author":2,"featured_media":145751,"comment_status":"","ping_status":"","sticky":false,"template":"","format":"standard","meta":{"footnotes":""},"categories":[142],"tags":[514,207,1948,3674,470,7403,1579,114,115,15624,445,471,236,12404,31952,3179,3673,1623,150,716,32,1587,703,33,20825,31951,940,218,31953,151,8406,840,15858,3097],"class_list":{"0":"post-145750","1":"post","2":"type-post","3":"status-publish","4":"format-standard","5":"has-post-thumbnail","7":"category-tv","8":"tag-amazon","9":"tag-arte","10":"tag-batman","11":"tag-black-power","12":"tag-cinema","13":"tag-comando-vermelho","14":"tag-disney","15":"tag-entertainment","16":"tag-entretenimento","17":"tag-estonia","18":"tag-europa","19":"tag-filme","20":"tag-folha","21":"tag-funk","22":"tag-futura","23":"tag-globoplay","24":"tag-hip-hop","25":"tag-multitela","26":"tag-musica","27":"tag-netflix","28":"tag-portugal","29":"tag-prime-video","30":"tag-programacao","31":"tag-pt","32":"tag-roda-viva","33":"tag-ronaldo-lemos","34":"tag-streaming","35":"tag-televisao","36":"tag-trafico-de-drogas","37":"tag-tv","38":"tag-tv-cultura","39":"tag-ucrania","40":"tag-vera-magalhaes","41":"tag-violencia"},"share_on_mastodon":{"url":"https:\/\/pubeurope.com\/@pt\/115521591994340819","error":""},"_links":{"self":[{"href":"https:\/\/www.europesays.com\/pt\/wp-json\/wp\/v2\/posts\/145750","targetHints":{"allow":["GET"]}}],"collection":[{"href":"https:\/\/www.europesays.com\/pt\/wp-json\/wp\/v2\/posts"}],"about":[{"href":"https:\/\/www.europesays.com\/pt\/wp-json\/wp\/v2\/types\/post"}],"author":[{"embeddable":true,"href":"https:\/\/www.europesays.com\/pt\/wp-json\/wp\/v2\/users\/2"}],"replies":[{"embeddable":true,"href":"https:\/\/www.europesays.com\/pt\/wp-json\/wp\/v2\/comments?post=145750"}],"version-history":[{"count":0,"href":"https:\/\/www.europesays.com\/pt\/wp-json\/wp\/v2\/posts\/145750\/revisions"}],"wp:featuredmedia":[{"embeddable":true,"href":"https:\/\/www.europesays.com\/pt\/wp-json\/wp\/v2\/media\/145751"}],"wp:attachment":[{"href":"https:\/\/www.europesays.com\/pt\/wp-json\/wp\/v2\/media?parent=145750"}],"wp:term":[{"taxonomy":"category","embeddable":true,"href":"https:\/\/www.europesays.com\/pt\/wp-json\/wp\/v2\/categories?post=145750"},{"taxonomy":"post_tag","embeddable":true,"href":"https:\/\/www.europesays.com\/pt\/wp-json\/wp\/v2\/tags?post=145750"}],"curies":[{"name":"wp","href":"https:\/\/api.w.org\/{rel}","templated":true}]}}