{"id":145785,"date":"2025-11-09T20:46:18","date_gmt":"2025-11-09T20:46:18","guid":{"rendered":"https:\/\/www.europesays.com\/pt\/145785\/"},"modified":"2025-11-09T20:46:18","modified_gmt":"2025-11-09T20:46:18","slug":"marisa-define-estrategia-com-pedro","status":"publish","type":"post","link":"https:\/\/www.europesays.com\/pt\/145785\/","title":{"rendered":"Marisa define \u201cestrat\u00e9gia\u201d com Pedro"},"content":{"rendered":"<p>Este s\u00e1bado, dia 8 de novembro, na casa do Secret Story, Marisa e Pedro voltaram a protagonizar um novo momento rom\u00e2ntico, com direito a beijo, tal como notici\u00e1mos <a href=\"https:\/\/www.hiper.fm\/marisa-declara-se-a-pedro-e-conforta-o-apos-dias-dificeis-tens-de-ter-mais-forca-do-que-nunca\/\" target=\"_blank\" rel=\"noopener nofollow\">aqui<\/a>.<\/p>\n<p>O casal, que deve ocultar a sua rela\u00e7\u00e3o dos restantes colegas, de modo a proteger os respetivos segredos, aproveitou a aus\u00eancia de participantes na zona do duche e beijou-se, com Marisa a declarar-se.<\/p>\n<p>A concorrente aproveitou para dizer: <strong>\u201cQuando descobrirem o nosso segredo, seja quando for, vou dizer que tudo o que fizemos foi por jogo. A\u00ed \u00e9 que lhes cai tudo\u201d<\/strong>. Marisa destacou Marisa Susana como uma das pessoas que diz que tudo o que faz com Pedro \u00e9<strong>\u00a0\u201cjogo\u201d<\/strong>.<\/p>\n<p>Recorde-se que algumas das discuss\u00f5es de Pedro e Marisa j\u00e1 levantaram suspeitas junto dos colegas, que j\u00e1 come\u00e7am a desconfiar que os dois podem ter alguma liga\u00e7\u00e3o fora do jogo.<\/p>\n<p><a href=\"https:\/\/tvi.iol.pt\/secretstory\/videos\/em-risco-de-serem-apanhados-marisa-e-pedro-trocam-beijo-na-boca\/690fb0230cf2c7eb244449b6\" target=\"_blank\" rel=\"noopener nofollow\">Veja o v\u00eddeo aqui.<\/a><\/p>\n","protected":false},"excerpt":{"rendered":"Este s\u00e1bado, dia 8 de novembro, na casa do Secret Story, Marisa e Pedro voltaram a protagonizar um&hellip;\n","protected":false},"author":2,"featured_media":145786,"comment_status":"","ping_status":"","sticky":false,"template":"","format":"standard","meta":{"footnotes":""},"categories":[142],"tags":[1661,114,115,19184,14646,32,33,1315,151],"class_list":{"0":"post-145785","1":"post","2":"type-post","3":"status-publish","4":"format-standard","5":"has-post-thumbnail","7":"category-tv","8":"tag-destaque","9":"tag-entertainment","10":"tag-entretenimento","11":"tag-marisa","12":"tag-pedro","13":"tag-portugal","14":"tag-pt","15":"tag-secret-story","16":"tag-tv"},"share_on_mastodon":{"url":"https:\/\/pubeurope.com\/@pt\/115521701988959216","error":""},"_links":{"self":[{"href":"https:\/\/www.europesays.com\/pt\/wp-json\/wp\/v2\/posts\/145785","targetHints":{"allow":["GET"]}}],"collection":[{"href":"https:\/\/www.europesays.com\/pt\/wp-json\/wp\/v2\/posts"}],"about":[{"href":"https:\/\/www.europesays.com\/pt\/wp-json\/wp\/v2\/types\/post"}],"author":[{"embeddable":true,"href":"https:\/\/www.europesays.com\/pt\/wp-json\/wp\/v2\/users\/2"}],"replies":[{"embeddable":true,"href":"https:\/\/www.europesays.com\/pt\/wp-json\/wp\/v2\/comments?post=145785"}],"version-history":[{"count":0,"href":"https:\/\/www.europesays.com\/pt\/wp-json\/wp\/v2\/posts\/145785\/revisions"}],"wp:featuredmedia":[{"embeddable":true,"href":"https:\/\/www.europesays.com\/pt\/wp-json\/wp\/v2\/media\/145786"}],"wp:attachment":[{"href":"https:\/\/www.europesays.com\/pt\/wp-json\/wp\/v2\/media?parent=145785"}],"wp:term":[{"taxonomy":"category","embeddable":true,"href":"https:\/\/www.europesays.com\/pt\/wp-json\/wp\/v2\/categories?post=145785"},{"taxonomy":"post_tag","embeddable":true,"href":"https:\/\/www.europesays.com\/pt\/wp-json\/wp\/v2\/tags?post=145785"}],"curies":[{"name":"wp","href":"https:\/\/api.w.org\/{rel}","templated":true}]}}