{"id":145797,"date":"2025-11-09T20:56:15","date_gmt":"2025-11-09T20:56:15","guid":{"rendered":"https:\/\/www.europesays.com\/pt\/145797\/"},"modified":"2025-11-09T20:56:15","modified_gmt":"2025-11-09T20:56:15","slug":"santa-clara-apresenta-queixa-pela-arbitragem-e-pede-desculpa-a-varandas-2","status":"publish","type":"post","link":"https:\/\/www.europesays.com\/pt\/145797\/","title":{"rendered":"Santa Clara apresenta queixa pela arbitragem e pede desculpa a Varandas"},"content":{"rendered":"<p style=\"margin-bottom:11px\">Bruno Vicintin, presidente da SAD do Santa Clara, confirmou que os a\u00e7orianos apresentaram queixa contra a equipa de arbitragem liderada por Jo\u00e3o Gon\u00e7alves, na sequ\u00eancia da derrota deste s\u00e1bado com o Sporting (2-1), na 11.\u00aa jornada da Liga.<\/p>\n<p>No entender da SAD a\u00e7oriana, o canto que deu o golo da vit\u00f3ria do Sporting foi um \u00aberro capital\u00bb.<\/p>\n<p>\u00abOntem, ap\u00f3s o jogo, o Santa Clara fez a queixa a quem compete cuidar disto. Todos temos de trabalhar pela melhoria e para o crescimento da arbitragem portuguesa e o erro capital de ontem, al\u00e9m de influenciar diretamente no resultado do jogo, ainda nos puniu com v\u00e1rias expuls\u00f5es que me preocupam, e podem ainda prejudicar-nos mais na sequ\u00eancia da \u00e9poca! Espero que o conselho disciplinar tenha bom senso e n\u00e3o puna mais ainda quem foi prejudicado ontem\u00bb, escreveu Vicintin na rede social Instagram.<\/p>\n<p>O l\u00edder dos a\u00e7orianos tamb\u00e9m revelou que pediu desculpa a Frederico Varandas, presidente do Sporting, <a href=\"https:\/\/maisfutebol.iol.pt\/liga\/sporting\/acores-varandas-atingido-por-garrafa-pote-alvo-de-tentativa-de-agressao\" target=\"_blank\" rel=\"nofollow noopener\"><strong>que foi atingido com \u00e1gua lan\u00e7ada da bancada<\/strong><\/a>.<\/p>\n<p>\u00abFoi arremessado um copo de \u00e1gua na tribuna ap\u00f3s o segundo golo do Sporting em que atingiu n\u00e3o s\u00f3 os diretos do Sporting, como a mim, ao Klauss Camara, e ao presidente Ricardo Pacheco. Todos n\u00f3s os tr\u00eas levant\u00e1mo-nos e pedimos calma aos adeptos e n\u00e3o houve mais ocorr\u00eancias. J\u00e1 me desculpei com o presidente Varandas e com os seus diretos, j\u00e1 que esta n\u00e3o \u00e9 a forma que n\u00f3s a\u00e7orianos recebemos visitantes e foi um caso isolado. Todos sa\u00edram tanto da tribuna quanto do est\u00e1dio sem qualquer ocorr\u00eancia e j\u00e1 pedi para a seguran\u00e7a tentar identificar quem arremessou os copos e a \u00e1gua pelas c\u00e2maras da CCTV\u00bb, escreveu ainda.<img loading=\"lazy\" decoding=\"async\" alt=\"\" height=\"756\" src=\"https:\/\/www.europesays.com\/pt\/wp-content\/uploads\/2025\/11\/6910962bd34e3caad84b13a6.webp\" width=\"417\"\/><\/p>\n","protected":false},"excerpt":{"rendered":"Bruno Vicintin, presidente da SAD do Santa Clara, confirmou que os a\u00e7orianos apresentaram queixa contra a equipa de&hellip;\n","protected":false},"author":2,"featured_media":145798,"comment_status":"","ping_status":"","sticky":false,"template":"","format":"standard","meta":{"footnotes":""},"categories":[8],"tags":[351,27,28,31956,15,16,1664,14,25,26,36,21,22,46,12,13,19,20,32,23,24,33,47,423,34,17,18,29,30,31],"class_list":{"0":"post-145797","1":"post","2":"type-post","3":"status-publish","4":"format-standard","5":"has-post-thumbnail","7":"category-principais-noticias","8":"tag-acores","9":"tag-breaking-news","10":"tag-breakingnews","11":"tag-bruno-vicintin","12":"tag-featured-news","13":"tag-featurednews","14":"tag-frederico-varandas","15":"tag-headlines","16":"tag-latest-news","17":"tag-latestnews","18":"tag-liga","19":"tag-main-news","20":"tag-mainnews","21":"tag-maisfutebol","22":"tag-news","23":"tag-noticias","24":"tag-noticias-principais","25":"tag-noticiasprincipais","26":"tag-portugal","27":"tag-principais-noticias","28":"tag-principaisnoticias","29":"tag-pt","30":"tag-pura-paixao","31":"tag-santa-clara","32":"tag-sporting","33":"tag-top-stories","34":"tag-topstories","35":"tag-ultimas","36":"tag-ultimas-noticias","37":"tag-ultimasnoticias"},"share_on_mastodon":{"url":"https:\/\/pubeurope.com\/@pt\/115521741761477016","error":""},"_links":{"self":[{"href":"https:\/\/www.europesays.com\/pt\/wp-json\/wp\/v2\/posts\/145797","targetHints":{"allow":["GET"]}}],"collection":[{"href":"https:\/\/www.europesays.com\/pt\/wp-json\/wp\/v2\/posts"}],"about":[{"href":"https:\/\/www.europesays.com\/pt\/wp-json\/wp\/v2\/types\/post"}],"author":[{"embeddable":true,"href":"https:\/\/www.europesays.com\/pt\/wp-json\/wp\/v2\/users\/2"}],"replies":[{"embeddable":true,"href":"https:\/\/www.europesays.com\/pt\/wp-json\/wp\/v2\/comments?post=145797"}],"version-history":[{"count":0,"href":"https:\/\/www.europesays.com\/pt\/wp-json\/wp\/v2\/posts\/145797\/revisions"}],"wp:featuredmedia":[{"embeddable":true,"href":"https:\/\/www.europesays.com\/pt\/wp-json\/wp\/v2\/media\/145798"}],"wp:attachment":[{"href":"https:\/\/www.europesays.com\/pt\/wp-json\/wp\/v2\/media?parent=145797"}],"wp:term":[{"taxonomy":"category","embeddable":true,"href":"https:\/\/www.europesays.com\/pt\/wp-json\/wp\/v2\/categories?post=145797"},{"taxonomy":"post_tag","embeddable":true,"href":"https:\/\/www.europesays.com\/pt\/wp-json\/wp\/v2\/tags?post=145797"}],"curies":[{"name":"wp","href":"https:\/\/api.w.org\/{rel}","templated":true}]}}