{"id":145799,"date":"2025-11-09T20:57:09","date_gmt":"2025-11-09T20:57:09","guid":{"rendered":"https:\/\/www.europesays.com\/pt\/145799\/"},"modified":"2025-11-09T20:57:09","modified_gmt":"2025-11-09T20:57:09","slug":"a-cara-do-pai-luciana-gimenez-chama-a-atencao-com-o-filho-cacula-no-grande-premio-de-f1","status":"publish","type":"post","link":"https:\/\/www.europesays.com\/pt\/145799\/","title":{"rendered":"A cara do pai? Luciana Gimenez chama a aten\u00e7\u00e3o com o filho ca\u00e7ula no Grande Pr\u00eamio de F1"},"content":{"rendered":"<p>A apresentadora <a href=\"https:\/\/caras.com.br\/tags\/luciana-gimenez\" target=\"_blank\" rel=\"noopener nofollow\" data-mrf-link=\"https:\/\/caras.com.br\/tags\/luciana-gimenez\"><strong>Luciana Gimenez<\/strong><\/a> marcou presen\u00e7a no Grande Pr\u00eamio de F1 neste domingo, 09, com o filho mais novo, o jovem <strong>Lorenzo Gabriel<\/strong>, de 14 anos. O garoto \u00e9 fruto do casamento que a famosa viveu com o apresentador e empres\u00e1rio <strong>Marcelo de Carvalho<\/strong>.<\/p>\n<p>Nos \u00faltimos dias, ao <a href=\"https:\/\/caras.com.br\/datas-especiais\/luciana-gimenez-recebe-surpresa-de-aniversario-do-filho-e-menino-rouba-a-cena-com-aparencia.phtml\" rel=\"nofollow noopener\" target=\"_blank\">compartilhar fotos de seu anivers\u00e1rio no palco do Superpop<\/a>, a comunicadora chamou a aten\u00e7\u00e3o ao surgir com o ca\u00e7ula. Isso porque, a apar\u00eancia dele deixou os internautas impressionados. Lorenzo Gabriel chocou com a forte semelhan\u00e7a com o pai.<\/p>\n<p>Ao aparecer com a m\u00e3e no Grande Pr\u00eamio de F1 e posar para a fotos, o garoto mais uma vez mostrou que lembra bastante Marcelo de Carvalho.<\/p>\n<p>Al\u00e9m dele, Luciana Gimenez \u00e9 m\u00e3e de <strong>Lucas Jagger<\/strong>, fruto da rela\u00e7\u00e3o vivida com <strong>Mick Jagger<\/strong>. Com os dois pais de seus filhos a famosa se d\u00e1 muito bem e posta at\u00e9 homenagens para eles em datas especiais como anivers\u00e1rios e Dia dos Pais.<\/p>\n<p>\t <img loading=\"lazy\" decoding=\"async\" class=\"size-full wp-image-1028792 img-fluid lazy\" alt=\"Luciana Gimenez e o filho Lorenzo Gabriel\" width=\"1333\" height=\"2000\" src=\"https:\/\/www.europesays.com\/pt\/wp-content\/uploads\/2025\/11\/luciana-gimenez-filho-lorenzo-1.jpg\"  \/>Luciana Gimenez e o filho Lorenzo Gabriel \u2013 Foto: Brazil News <img loading=\"lazy\" decoding=\"async\" class=\"size-full wp-image-1028793 img-fluid lazy\" alt=\"Luciana Gimenez e o filho Lorenzo Gabriel - Foto: Brazil News\" width=\"1333\" height=\"2000\" src=\"https:\/\/www.europesays.com\/pt\/wp-content\/uploads\/2025\/11\/luciana-gimenez-filho-lorenzo-2.jpg\"  \/>Luciana Gimenez e o filho Lorenzo Gabriel \u2013 Foto: Brazil News Luciana Gimenez e Marcelo de Carvalho celebram anivers\u00e1rio do filho <\/p>\n<p>O filho de <a href=\"https:\/\/caras.com.br\/tags\/luciana-gimenez\" target=\"_blank\" rel=\"noopener nofollow\"><strong>Luciana Gimenez<\/strong><\/a>\u00a0e <strong>Marcelo de Carvalho<\/strong>, <strong>Lorenzo Gabriel<\/strong>, completou 14 anos e celebrou a data com uma festinha \u00edntima. Na rede social, a apresentadora da RedeTV! postou fotos da comemora\u00e7\u00e3o em fevereiro deste ano.<\/p>\n<p>Al\u00e9m de surgir ao lado do aniversariante e do ex-marido, a famosa ainda apareceu com seu primog\u00eanito, <strong>Lucas Jagger<\/strong>. A comandante do Superpop tamb\u00e9m mostrou cliques do bolo, que foi inspirado em um video game.<\/p>\n<p>Vale lembrar que Luciana Gimenez e Marcelo de Carvalho ficaram casados por 12 anos at\u00e9 se separarem em 2018. Em <a href=\"https:\/\/caras.com.br\/atualidades\/luciana-gimenez-relembra-cerimonia-de-casamento-com-ex-marido-vou-te-falar.phtml#:~:text=Luciana%20Gimenez%20foi%20casada%20por%2012%20anos%20com%20Marcelo%20de,no%20litoral%20de%20S%C3%A3o%20Paulo.\" target=\"_blank\" rel=\"noopener nofollow\">entrevista recente \u00e0 CARAS<\/a>, ela relembrou como foi o casamento com o vice-presidente da RedeTV!. \u201cVou te falar, esse casamento foi belo! Amei meu casamento. A gente se divertiu muito, acho que fomos os \u00faltimos a sair do casamento. N\u00f3s adoramos\u201c, compartilhou. Entre os mais de 200 convidados da festa, celebridades como\u00a0<strong>Roberto Justus<\/strong>,\u00a0<strong>Ticiane Pinheiro<\/strong>,\u00a0<strong>Caroline Bittencourt, Amaury Jr<\/strong>. e\u00a0<strong>Supla\u00a0<\/strong>marcaram presen\u00e7a na cerim\u00f4nia realizada em fazenda de Ilhabela, no litoral norte de S\u00e3o Paulo.<\/p>\n<blockquote class=\"instagram-media\" style=\"background: #FFF; border: 0; border-radius: 3px; box-shadow: 0 0 1px 0 rgba(0,0,0,0.5),0 1px 10px 0 rgba(0,0,0,0.15); margin: 1px; max-width: 540px; min-width: 326px; padding: 0; width: calc(100% - 2px);\" data-instgrm-captioned=\"\" data-instgrm-permalink=\"https:\/\/www.instagram.com\/p\/DGejMtwOhUr\/?utm_source=ig_embed&amp;utm_campaign=loading\" data-instgrm-version=\"14\"><\/blockquote>\n<p>        <a href=\"https:\/\/caras.com.br\/autor\/nataly-paschoal\" rel=\"nofollow noopener\" target=\"_blank\">&#13;<br \/>\n          <img loading=\"lazy\" decoding=\"async\" alt=\"Nataly Paschoal\" src=\"https:\/\/www.europesays.com\/pt\/wp-content\/uploads\/2025\/09\/nataly-paschoal_sqmd.jpg\" class=\"avatar avatar-115 photo rounded-circle\" height=\"115\" width=\"115\"\/>        <\/a><\/p>\n<p><b>Nataly Paschoal <\/b>\u00e9 rep\u00f3rter de conte\u00fado do site CARAS. Formada em jornalismo pela Faculdade C\u00e1sper L\u00edbero, ela j\u00e1 passou por sites como Todateen, Sportlife e espnW. Escreve sobre celebridades, TV, reality show e novelas.<\/p>\n<p>\t                                            <script async src=\"\/\/www.instagram.com\/embed.js\"><\/script><\/p>\n","protected":false},"excerpt":{"rendered":"A apresentadora Luciana Gimenez marcou presen\u00e7a no Grande Pr\u00eamio de F1 neste domingo, 09, com o filho mais&hellip;\n","protected":false},"author":2,"featured_media":145800,"comment_status":"","ping_status":"","sticky":false,"template":"","format":"standard","meta":{"footnotes":""},"categories":[145],"tags":[211,210,114,115,31957,31958,31959,1854,5441,32,33],"class_list":{"0":"post-145799","1":"post","2":"type-post","3":"status-publish","4":"format-standard","5":"has-post-thumbnail","7":"category-celebridades","8":"tag-celebridades","9":"tag-celebrities","10":"tag-entertainment","11":"tag-entretenimento","12":"tag-filho-de-luciana-gimenez","13":"tag-filho-de-marcelo-de-carvalho","14":"tag-lorenzo-gabriel","15":"tag-luciana-gimenez","16":"tag-marcelo-de-carvalho","17":"tag-portugal","18":"tag-pt"},"share_on_mastodon":{"url":"https:\/\/pubeurope.com\/@pt\/115521745324642934","error":""},"_links":{"self":[{"href":"https:\/\/www.europesays.com\/pt\/wp-json\/wp\/v2\/posts\/145799","targetHints":{"allow":["GET"]}}],"collection":[{"href":"https:\/\/www.europesays.com\/pt\/wp-json\/wp\/v2\/posts"}],"about":[{"href":"https:\/\/www.europesays.com\/pt\/wp-json\/wp\/v2\/types\/post"}],"author":[{"embeddable":true,"href":"https:\/\/www.europesays.com\/pt\/wp-json\/wp\/v2\/users\/2"}],"replies":[{"embeddable":true,"href":"https:\/\/www.europesays.com\/pt\/wp-json\/wp\/v2\/comments?post=145799"}],"version-history":[{"count":0,"href":"https:\/\/www.europesays.com\/pt\/wp-json\/wp\/v2\/posts\/145799\/revisions"}],"wp:featuredmedia":[{"embeddable":true,"href":"https:\/\/www.europesays.com\/pt\/wp-json\/wp\/v2\/media\/145800"}],"wp:attachment":[{"href":"https:\/\/www.europesays.com\/pt\/wp-json\/wp\/v2\/media?parent=145799"}],"wp:term":[{"taxonomy":"category","embeddable":true,"href":"https:\/\/www.europesays.com\/pt\/wp-json\/wp\/v2\/categories?post=145799"},{"taxonomy":"post_tag","embeddable":true,"href":"https:\/\/www.europesays.com\/pt\/wp-json\/wp\/v2\/tags?post=145799"}],"curies":[{"name":"wp","href":"https:\/\/api.w.org\/{rel}","templated":true}]}}