{"id":145805,"date":"2025-11-09T21:03:15","date_gmt":"2025-11-09T21:03:15","guid":{"rendered":"https:\/\/www.europesays.com\/pt\/145805\/"},"modified":"2025-11-09T21:03:15","modified_gmt":"2025-11-09T21:03:15","slug":"ii-liga-fc-porto-b-vence-chaves-benfica-b-perde-com-vizela","status":"publish","type":"post","link":"https:\/\/www.europesays.com\/pt\/145805\/","title":{"rendered":"II Liga: FC Porto B vence Chaves, Benfica B perde com Vizela"},"content":{"rendered":"<p>O FC Porto B aplicou a terceira derrota consecutiva ao Desp. Chaves e <a href=\"https:\/\/maisfutebol.iol.pt\/jogo\/chaves\/fc-porto-b\/13827914\" target=\"_blank\" rel=\"nofollow noopener\">regressou tamb\u00e9m aos triunfos para a II Liga<\/a>, gra\u00e7as ao golo solit\u00e1rio de Domingos Andrade, ainda no decorrer do primeiro tempo.<\/p>\n<p>Na \u00faltima posi\u00e7\u00e3o da tabela classificativa, o conjunto visitante n\u00e3o teve um in\u00edcio de jogo muito bem conseguido, mas a efic\u00e1cia foi essencial para a equipa chegar ao intervalo em vantagem. Um pontap\u00e9 de fora da \u00e1rea, em zona frontal com a baliza, em que o guarda-redes ainda tocou na bola mas n\u00e3o evitou o golo.<\/p>\n<p>A segunda parte teve um ligeiro ascendente da forma\u00e7\u00e3o flaviense, s\u00f3 que o \u00fanico remate enquadrado com a baliza pertenceu ao FC Porto B, que com este triunfo mant\u00e9m-se no \u00faltimo lugar, com oito pontos em dez jornadas.<\/p>\n<p>No outro jogo que teve in\u00edcio \u00e0s 18h, o <a href=\"https:\/\/maisfutebol.iol.pt\/jogo\/benfica-b\/vizela\/13827911\" target=\"_blank\" rel=\"nofollow noopener\">Benfica B perdeu no Seixal frente ao Vizela<\/a>, por 2-1, e somou assim o segundo desaire consecutivo para a competi\u00e7\u00e3o.<\/p>\n<p>Os comandados de N\u00e9lson Ver\u00edssimo at\u00e9 entraram melhor no jogo e adiantaram-se no marcador aos 21 minutos, por interm\u00e9dio de Tiago Freitas, ap\u00f3s assist\u00eancia de Jo\u00e3o Rego. S\u00f3 que pouco depois, o Vizela respondeu e confirmou o empate na sequ\u00eancia de uma grande penalidade convertida com sucesso por Morschel.<\/p>\n<p>Este resultado manteve-se at\u00e9 ao intervalo e s\u00f3 sofreu altera\u00e7\u00f5es a meio do segundo tempo, quando o autor do golo do Vizela serviu Jos\u00e9 Sampaio para o 2-1. A vit\u00f3ria coloca o conjunto visitante <a href=\"https:\/\/maisfutebol.iol.pt\/resultadoseclassificacoes\/291\/portugal\/segunda-liga\" target=\"_blank\" rel=\"nofollow noopener\">no terceiro lugar \u00e0 condi\u00e7\u00e3o<\/a>, com 19 pontos, j\u00e1 que U. Leiria e Mar\u00edtimo ainda t\u00eam de jogar nesta 11.\u00aa jornada.<\/p>\n","protected":false},"excerpt":{"rendered":"O FC Porto B aplicou a terceira derrota consecutiva ao Desp. Chaves e regressou tamb\u00e9m aos triunfos para&hellip;\n","protected":false},"author":2,"featured_media":145806,"comment_status":"","ping_status":"","sticky":false,"template":"","format":"standard","meta":{"footnotes":""},"categories":[87],"tags":[8353,17795,135,2421,5919,5433,46,32,33,47,4219,5434,5920,134,27139],"class_list":{"0":"post-145805","1":"post","2":"type-post","3":"status-publish","4":"format-standard","5":"has-post-thumbnail","7":"category-desporto","8":"tag-benfica-b","9":"tag-desp-chaves","10":"tag-desporto","11":"tag-fc-porto-b","12":"tag-ii-liga","13":"tag-jogos-hoje","14":"tag-maisfutebol","15":"tag-portugal","16":"tag-pt","17":"tag-pura-paixao","18":"tag-resultado-final","19":"tag-resultados-hoje","20":"tag-resultados-maisfutebol","21":"tag-sports","22":"tag-vizela"},"share_on_mastodon":{"url":"https:\/\/pubeurope.com\/@pt\/115521768818086935","error":""},"_links":{"self":[{"href":"https:\/\/www.europesays.com\/pt\/wp-json\/wp\/v2\/posts\/145805","targetHints":{"allow":["GET"]}}],"collection":[{"href":"https:\/\/www.europesays.com\/pt\/wp-json\/wp\/v2\/posts"}],"about":[{"href":"https:\/\/www.europesays.com\/pt\/wp-json\/wp\/v2\/types\/post"}],"author":[{"embeddable":true,"href":"https:\/\/www.europesays.com\/pt\/wp-json\/wp\/v2\/users\/2"}],"replies":[{"embeddable":true,"href":"https:\/\/www.europesays.com\/pt\/wp-json\/wp\/v2\/comments?post=145805"}],"version-history":[{"count":0,"href":"https:\/\/www.europesays.com\/pt\/wp-json\/wp\/v2\/posts\/145805\/revisions"}],"wp:featuredmedia":[{"embeddable":true,"href":"https:\/\/www.europesays.com\/pt\/wp-json\/wp\/v2\/media\/145806"}],"wp:attachment":[{"href":"https:\/\/www.europesays.com\/pt\/wp-json\/wp\/v2\/media?parent=145805"}],"wp:term":[{"taxonomy":"category","embeddable":true,"href":"https:\/\/www.europesays.com\/pt\/wp-json\/wp\/v2\/categories?post=145805"},{"taxonomy":"post_tag","embeddable":true,"href":"https:\/\/www.europesays.com\/pt\/wp-json\/wp\/v2\/tags?post=145805"}],"curies":[{"name":"wp","href":"https:\/\/api.w.org\/{rel}","templated":true}]}}