{"id":145813,"date":"2025-11-09T21:08:09","date_gmt":"2025-11-09T21:08:09","guid":{"rendered":"https:\/\/www.europesays.com\/pt\/145813\/"},"modified":"2025-11-09T21:08:09","modified_gmt":"2025-11-09T21:08:09","slug":"dozy-don-fotos-de-trump-de-olhos-fechados-geram-polemica-observador","status":"publish","type":"post","link":"https:\/\/www.europesays.com\/pt\/145813\/","title":{"rendered":"&#8220;Dozy Don&#8221;. Fotos de Trump de olhos fechados geram pol\u00e9mica \u2013 Observador"},"content":{"rendered":"<p>As acusa\u00e7\u00f5es de \u201cDozy Don\u201d \u2014 ou \u201cDon dorminhoco\u201d, numa tradu\u00e7\u00e3o livre para portugu\u00eas \u2014 ressurgiram nas \u00faltimas horas, recordando o ep\u00edteto escolhido pelo governador democrata do estado da California, Gavin Newsom, para descrever o presidente dos EUA, Donald Trump.<\/p>\n<p>As cr\u00edticas de um dos mais medi\u00e1ticos opositores de Donald Trump surgiram depois de o presidente norte-americano, de 79 anos, ter sido fotografado na cadeira da Sala Oval com os olhos fechados, aparentemente a dormir, enquanto decorria uma confer\u00eancia para o an\u00fancio sobre a redu\u00e7\u00e3o de pre\u00e7os em medicamentos contra a obesidade.<\/p>\n<blockquote class=\"twitter-tweet\" data-width=\"500\" data-dnt=\"true\">\n<p lang=\"en\" dir=\"ltr\">DOZY DON IS BACK! <a href=\"https:\/\/t.co\/TQHaMi9YaF\" rel=\"nofollow\">pic.twitter.com\/TQHaMi9YaF<\/a><\/p>\n<p>\u2014 Governor Newsom Press Office (@GovPressOffice) <a href=\"https:\/\/twitter.com\/GovPressOffice\/status\/1986611487843229908?ref_src=twsrc%5Etfw\" rel=\"nofollow noopener\" target=\"_blank\">November 7, 2025<\/a><\/p>\n<\/blockquote>\n<p>No palanque da Sala Oval discursava o medi\u00e1tico Dr. Oz, administrador dos Centros de Servi\u00e7os Medicare e Medicaid, que afirmava que \u201cas pessoas podem voltar a dormir, porque conseguem respirar quando v\u00e3o para a cama\u201d, numa declara\u00e7\u00e3o citada no jornal <a href=\"https:\/\/www.independent.co.uk\/news\/world\/americas\/us-politics\/dozy-donald-trump-sleep-dr-oz-obesity-b2860817.html\" rel=\"nofollow noopener\" target=\"_blank\">The Telegraph<\/a>.<\/p>\n<p>Foi tamb\u00e9m durante este evento que uma pessoa desmaiou e Donald Trump mostrou-se aparentemente indiferente, n\u00e3o esbo\u00e7ando qualquer rea\u00e7\u00e3o.<\/p>\n<p>A alcunha lan\u00e7ada por Gavin Newsom serve tamb\u00e9m como resposta ao \u201cSleepy Joe\u201d que Trump usava para se referir ao anterior Presidente dos EUA, Joe Biden, e parte de outros encontros p\u00fablicos nos quais o atual l\u00edder da Casa Branca fechou momentaneamente os olhos e aparentava ter adormecido nesses eventos.<\/p>\n<blockquote class=\"twitter-tweet\" data-width=\"500\" data-dnt=\"true\">\n<p lang=\"en\" dir=\"ltr\">saw this. had to share. <a href=\"https:\/\/t.co\/zqQVrPtYO3\" rel=\"nofollow\">pic.twitter.com\/zqQVrPtYO3<\/a><\/p>\n<p>\u2014 Governor Newsom Press Office (@GovPressOffice) <a href=\"https:\/\/twitter.com\/GovPressOffice\/status\/1987192929363091816?ref_src=twsrc%5Etfw\" rel=\"nofollow noopener\" target=\"_blank\">November 8, 2025<\/a><\/p>\n<\/blockquote>\n<p>Donald Trump tornou-se em janeiro de 2025 o Presidente mais velho a tomar posse nos Estados Unidos, com 78 anos e sete meses, ultrapassando inclusivamente o antecessor Joe Biden nesse registo.<\/p>\n<p>Entretanto, o jornal Washington Post refere que, atrav\u00e9s da an\u00e1lise de v\u00e1rias transmiss\u00f5es da confer\u00eancia na Casa Branca, Trump ter\u00e1 passado quase 20 minutos em dificuldade para manter os olhos abertos. No entanto, a Casa Branca j\u00e1 veio desmentir em comunicado que o Presidente tivesse adormecido na confer\u00eancia.<\/p>\n<p>\u201cO presidente n\u00e3o estava a dormir; na verdade, ele falou durante todo o tempo e respondeu a muitas perguntas da imprensa durante este an\u00fancio, que representa uma redu\u00e7\u00e3o hist\u00f3rica nos pre\u00e7os de dois medicamentos que ajudam os americanos que lutam contra diabetes, doen\u00e7as card\u00edacas, obesidade e outras condi\u00e7\u00f5es\u201d, adiantou a porta-voz Taylor Rogers.<\/p>\n<p>            <script async src=\"https:\/\/platform.twitter.com\/widgets.js\" charset=\"utf-8\"><\/script><\/p>\n","protected":false},"excerpt":{"rendered":"As acusa\u00e7\u00f5es de \u201cDozy Don\u201d \u2014 ou \u201cDon dorminhoco\u201d, numa tradu\u00e7\u00e3o livre para portugu\u00eas \u2014 ressurgiram nas \u00faltimas&hellip;\n","protected":false},"author":2,"featured_media":145814,"comment_status":"","ping_status":"","sticky":false,"template":"","format":"standard","meta":{"footnotes":""},"categories":[50],"tags":[624,27,28,92,623,15,16,14,25,26,21,22,62,12,13,19,20,23,24,17,18,29,30,31,63,64,65],"class_list":{"0":"post-145813","1":"post","2":"type-post","3":"status-publish","4":"format-standard","5":"has-post-thumbnail","7":"category-mundo","8":"tag-amu00e9rica","9":"tag-breaking-news","10":"tag-breakingnews","11":"tag-donald-trump","12":"tag-estados-unidos-da-amu00e9rica","13":"tag-featured-news","14":"tag-featurednews","15":"tag-headlines","16":"tag-latest-news","17":"tag-latestnews","18":"tag-main-news","19":"tag-mainnews","20":"tag-mundo","21":"tag-news","22":"tag-noticias","23":"tag-noticias-principais","24":"tag-noticiasprincipais","25":"tag-principais-noticias","26":"tag-principaisnoticias","27":"tag-top-stories","28":"tag-topstories","29":"tag-ultimas","30":"tag-ultimas-noticias","31":"tag-ultimasnoticias","32":"tag-world","33":"tag-world-news","34":"tag-worldnews"},"share_on_mastodon":{"url":"https:\/\/pubeurope.com\/@pt\/115521788479581666","error":""},"_links":{"self":[{"href":"https:\/\/www.europesays.com\/pt\/wp-json\/wp\/v2\/posts\/145813","targetHints":{"allow":["GET"]}}],"collection":[{"href":"https:\/\/www.europesays.com\/pt\/wp-json\/wp\/v2\/posts"}],"about":[{"href":"https:\/\/www.europesays.com\/pt\/wp-json\/wp\/v2\/types\/post"}],"author":[{"embeddable":true,"href":"https:\/\/www.europesays.com\/pt\/wp-json\/wp\/v2\/users\/2"}],"replies":[{"embeddable":true,"href":"https:\/\/www.europesays.com\/pt\/wp-json\/wp\/v2\/comments?post=145813"}],"version-history":[{"count":0,"href":"https:\/\/www.europesays.com\/pt\/wp-json\/wp\/v2\/posts\/145813\/revisions"}],"wp:featuredmedia":[{"embeddable":true,"href":"https:\/\/www.europesays.com\/pt\/wp-json\/wp\/v2\/media\/145814"}],"wp:attachment":[{"href":"https:\/\/www.europesays.com\/pt\/wp-json\/wp\/v2\/media?parent=145813"}],"wp:term":[{"taxonomy":"category","embeddable":true,"href":"https:\/\/www.europesays.com\/pt\/wp-json\/wp\/v2\/categories?post=145813"},{"taxonomy":"post_tag","embeddable":true,"href":"https:\/\/www.europesays.com\/pt\/wp-json\/wp\/v2\/tags?post=145813"}],"curies":[{"name":"wp","href":"https:\/\/api.w.org\/{rel}","templated":true}]}}