{"id":145817,"date":"2025-11-09T21:11:09","date_gmt":"2025-11-09T21:11:09","guid":{"rendered":"https:\/\/www.europesays.com\/pt\/145817\/"},"modified":"2025-11-09T21:11:09","modified_gmt":"2025-11-09T21:11:09","slug":"filha-de-amanda-kimberlly-e-neymar-posa-com-look-de-piloto-e-chama-atencao-ao-aparecer-sem-curativo","status":"publish","type":"post","link":"https:\/\/www.europesays.com\/pt\/145817\/","title":{"rendered":"Filha de Amanda Kimberlly e Neymar posa com look de piloto e chama aten\u00e7\u00e3o ao aparecer sem curativo"},"content":{"rendered":"<p><strong><a href=\"https:\/\/caras.com.br\/tags\/amanda-kimberlly\" target=\"_blank\" rel=\"noopener nofollow\">Amanda Kimberlly<\/a>\u00a0<\/strong>encheu as redes sociais de fofura neste domingo, 9, ao compartilhar um clique encantador de\u00a0<strong>Helena<\/strong>, de dois anos, sua filha com o jogador de futebol <a href=\"https:\/\/caras.com.br\/tags\/neymar-jr_1\" target=\"_blank\" rel=\"noopener nofollow\"><strong>Neymar Jr<\/strong><\/a>.<\/p>\n<p>Em clima de F\u00f3rmula 1, j\u00e1 que neste fim de semana est\u00e1 acontecendo o Grande Pr\u00eamio de S\u00e3o Paulo, a modelo postou nos Stories uma foto da herdeira usando um macac\u00e3o vermelho de piloto.<\/p>\n<p>Al\u00e9m disso, Amanda fez uma montagem mostrando que Helena \u00e9 f\u00e3 de corrida e acompanha o esporte desde quando \u00e9 pequena. Nos cliques, a pequena aparece prestando aten\u00e7\u00e3o nos carros com os pilotos.<\/p>\n<p>Um detalhe que chamou a aten\u00e7\u00e3o na primeira foto postada pela mam\u00e3e, \u00e9 que Helena est\u00e1 sem o curativo no bra\u00e7o. Para quem n\u00e3o se lembra, <a href=\"https:\/\/caras.com.br\/atualidades\/filha-de-amanda-kimberlly-e-neymar-passa-por-cirurgia-de-emergencia-susto.phtml\" target=\"_blank\" rel=\"noopener nofollow\">a menina precisou passar por uma cirurgia de emerg\u00eancia<\/a> ap\u00f3s prender um dos dedos na porta. \u201c\u00daltimo dia do m\u00eas e dona Helena nos deu um susto! Prendeu o dedinho na porta, o que acabou resultando em um machucado feio e uma cirurgia de emerg\u00eancia. Crian\u00e7a se recupera t\u00e3o r\u00e1pido que impressiona, mesmo com um curativo enorme no bracinho, ela est\u00e1 bem, brincando e sem dor\u201d, relatou Amanda Kimberlly na ocasi\u00e3o.<\/p>\n<p><strong>Confira:\u00a0<\/strong><\/p>\n<p> <img loading=\"lazy\" decoding=\"async\" class=\"size-full wp-image-1028802 img-fluid lazy\" alt=\"Helena, filha de Amanda Kimberlly e Neymar\" width=\"600\" height=\"1011\" src=\"https:\/\/www.europesays.com\/pt\/wp-content\/uploads\/2025\/11\/helena-com-roupa-de-piloto.jpeg\"  \/>Amanda Kimberlly mostra Helena com roupa de piloto \u2013 Foto: Instagram <\/p>\n<p>\u00a0<\/p>\n<p> <img loading=\"lazy\" decoding=\"async\" class=\"size-full wp-image-1028804 img-fluid lazy\" alt=\"Helena \" width=\"600\" height=\"1061\" src=\"https:\/\/www.europesays.com\/pt\/wp-content\/uploads\/2025\/11\/helena-f1.jpeg\"  \/>Helena acompanhando F1 \u2013 Foto: Instagram  <\/p>\n<p>A influenciadora digital Amanda Kimberlly aproveitou um tempo livre para conversar com os seus seguidores. Durante a intera\u00e7\u00e3o, um internauta quis saber como ela organiza a rotina de sua filha, Helena. A beb\u00ea, fruto de uma rela\u00e7\u00e3o da modelo com o jogador de futebol Neymar Jr, chegou ao mundo em julho de 2024.<\/p>\n<p>\u201cConta da rotina da Helena? Queria saber mais como \u00e9 o dia a dia da nossa princesa\u201d, quis saber uma pessoa. E Amanda detalhou: \u201cMinha av\u00f3 sempre imp\u00f4s rotina na minha cria\u00e7\u00e3o. Quando a Helena nasceu, a rotina foi embora por um tempo. Tudo era novo e normal para a fase que a gente estava vivendo. L\u00e1 pelo terceiro m\u00eas percebi que, antes de eu voltar para a minha rotina, ela precisava ter a dela. Hoje, a Helena tem hor\u00e1rio pra tudo: acordar, brincar, comer, dormir\u201d, detalhou a mam\u00e3e coruja.\u00a0Al\u00e9m disso, Amanda contou como organiza a vida da pequena. <a href=\"https:\/\/caras.com.br\/bebe\/amanda-kimberlly-revela-como-organiza-a-rotina-de-helena-sua-filha-com-neymar-jr-pra-tudo.phtml\" target=\"_blank\" rel=\"noopener nofollow\"><strong>Saiba mais!<\/strong><\/a><\/p>\n<p><strong>Leia tamb\u00e9m:<\/strong> <a href=\"https:\/\/caras.com.br\/bebe\/filha-de-amanda-kimberlly-e-neymar-esbanja-fofura-ao-surgir-com-fantasias.phtml\" target=\"_blank\" rel=\"noopener nofollow\">Filha de Amanda Kimberlly e Neymar esbanja fofura ao surgir com fantasias<\/a><\/p>\n<p>        <a href=\"https:\/\/caras.com.br\/autor\/daniela-santos\" rel=\"nofollow noopener\" target=\"_blank\">&#13;<br \/>\n          <img loading=\"lazy\" decoding=\"async\" alt=\"Daniela Santos\" src=\"https:\/\/www.europesays.com\/pt\/wp-content\/uploads\/2025\/09\/1758949148_187_daniela-santos_sqmd.jpg\" class=\"avatar avatar-115 photo rounded-circle\" height=\"115\" width=\"115\"\/>        <\/a><\/p>\n<p><b>Daniela Santos<\/b> \u00e9 rep\u00f3rter do site CARAS. Formada em jornalismo pela FIAM FAAM, atua na \u00e1rea de celebridades e TV desde 2018<\/p>\n","protected":false},"excerpt":{"rendered":"Amanda Kimberlly\u00a0encheu as redes sociais de fofura neste domingo, 9, ao compartilhar um clique encantador de\u00a0Helena, de dois&hellip;\n","protected":false},"author":2,"featured_media":145818,"comment_status":"","ping_status":"","sticky":false,"template":"","format":"standard","meta":{"footnotes":""},"categories":[145],"tags":[11936,211,210,114,115,970,971,7177,4319,6039,32,33],"class_list":{"0":"post-145817","1":"post","2":"type-post","3":"status-publish","4":"format-standard","5":"has-post-thumbnail","7":"category-celebridades","8":"tag-amanda-kimberlly","9":"tag-celebridades","10":"tag-celebrities","11":"tag-entertainment","12":"tag-entretenimento","13":"tag-f1","14":"tag-formula-1","15":"tag-helena","16":"tag-look","17":"tag-neymar-jr","18":"tag-portugal","19":"tag-pt"},"share_on_mastodon":{"url":"https:\/\/pubeurope.com\/@pt\/115521800660373836","error":""},"_links":{"self":[{"href":"https:\/\/www.europesays.com\/pt\/wp-json\/wp\/v2\/posts\/145817","targetHints":{"allow":["GET"]}}],"collection":[{"href":"https:\/\/www.europesays.com\/pt\/wp-json\/wp\/v2\/posts"}],"about":[{"href":"https:\/\/www.europesays.com\/pt\/wp-json\/wp\/v2\/types\/post"}],"author":[{"embeddable":true,"href":"https:\/\/www.europesays.com\/pt\/wp-json\/wp\/v2\/users\/2"}],"replies":[{"embeddable":true,"href":"https:\/\/www.europesays.com\/pt\/wp-json\/wp\/v2\/comments?post=145817"}],"version-history":[{"count":0,"href":"https:\/\/www.europesays.com\/pt\/wp-json\/wp\/v2\/posts\/145817\/revisions"}],"wp:featuredmedia":[{"embeddable":true,"href":"https:\/\/www.europesays.com\/pt\/wp-json\/wp\/v2\/media\/145818"}],"wp:attachment":[{"href":"https:\/\/www.europesays.com\/pt\/wp-json\/wp\/v2\/media?parent=145817"}],"wp:term":[{"taxonomy":"category","embeddable":true,"href":"https:\/\/www.europesays.com\/pt\/wp-json\/wp\/v2\/categories?post=145817"},{"taxonomy":"post_tag","embeddable":true,"href":"https:\/\/www.europesays.com\/pt\/wp-json\/wp\/v2\/tags?post=145817"}],"curies":[{"name":"wp","href":"https:\/\/api.w.org\/{rel}","templated":true}]}}