{"id":145819,"date":"2025-11-09T21:14:13","date_gmt":"2025-11-09T21:14:13","guid":{"rendered":"https:\/\/www.europesays.com\/pt\/145819\/"},"modified":"2025-11-09T21:14:13","modified_gmt":"2025-11-09T21:14:13","slug":"marisa-e-pedro-jorge-choram-com-saudades-dos-filhos-podem-precisar-de-nos","status":"publish","type":"post","link":"https:\/\/www.europesays.com\/pt\/145819\/","title":{"rendered":"Marisa e Pedro Jorge choram com saudades dos filhos: &#8220;Podem precisar de n\u00f3s&#8230;&#8221;"},"content":{"rendered":"<p>\t\t\t\t\t\t\t\t\t\t\t\t\t\tMarisa e Pedro Jorge est\u00e3o juntos h\u00e1 alguns anos e t\u00eam em comum dois filhos.<\/p>\n<p>Na \u201cCasa dos Segredos\u201d, os dois concorrentes escondem segredos diferentes, mas que se centram naquele que \u00e9 o segredo maior: a rela\u00e7\u00e3o que os une.<\/p>\n<p>Este domingo, 09 de novembro, Marisa desabou em l\u00e1grimas \u2013 no quarto \u2013 ao som do tema \u201cCasa\u201d, de Fernando Daniel.<\/p>\n<p>Nessa altura, o marido, Pedro Jorge, consolou a companheira com um forte abra\u00e7o e n\u00e3o tardou para que os dois se desfizessem em l\u00e1grimas.<\/p>\n<p>O momento comoveu os internautas, que reagiram em massa nas redes sociais.<\/p>\n<p><a href=\"https:\/\/x.com\/Alexxescape\/status\/1987506034697736342\" rel=\"nofollow\">Veja o momento aqui.<\/a><\/p>\n","protected":false},"excerpt":{"rendered":"Marisa e Pedro Jorge est\u00e3o juntos h\u00e1 alguns anos e t\u00eam em comum dois filhos. Na \u201cCasa dos&hellip;\n","protected":false},"author":2,"featured_media":145820,"comment_status":"","ping_status":"","sticky":false,"template":"","format":"standard","meta":{"footnotes":""},"categories":[142],"tags":[1661,114,115,1870,19184,21416,32,33,10645,1315,151],"class_list":{"0":"post-145819","1":"post","2":"type-post","3":"status-publish","4":"format-standard","5":"has-post-thumbnail","7":"category-tv","8":"tag-destaque","9":"tag-entertainment","10":"tag-entretenimento","11":"tag-filhos","12":"tag-marisa","13":"tag-pedro-jorge","14":"tag-portugal","15":"tag-pt","16":"tag-saudades","17":"tag-secret-story","18":"tag-tv"},"share_on_mastodon":{"url":"https:\/\/pubeurope.com\/@pt\/115521812128257371","error":""},"_links":{"self":[{"href":"https:\/\/www.europesays.com\/pt\/wp-json\/wp\/v2\/posts\/145819","targetHints":{"allow":["GET"]}}],"collection":[{"href":"https:\/\/www.europesays.com\/pt\/wp-json\/wp\/v2\/posts"}],"about":[{"href":"https:\/\/www.europesays.com\/pt\/wp-json\/wp\/v2\/types\/post"}],"author":[{"embeddable":true,"href":"https:\/\/www.europesays.com\/pt\/wp-json\/wp\/v2\/users\/2"}],"replies":[{"embeddable":true,"href":"https:\/\/www.europesays.com\/pt\/wp-json\/wp\/v2\/comments?post=145819"}],"version-history":[{"count":0,"href":"https:\/\/www.europesays.com\/pt\/wp-json\/wp\/v2\/posts\/145819\/revisions"}],"wp:featuredmedia":[{"embeddable":true,"href":"https:\/\/www.europesays.com\/pt\/wp-json\/wp\/v2\/media\/145820"}],"wp:attachment":[{"href":"https:\/\/www.europesays.com\/pt\/wp-json\/wp\/v2\/media?parent=145819"}],"wp:term":[{"taxonomy":"category","embeddable":true,"href":"https:\/\/www.europesays.com\/pt\/wp-json\/wp\/v2\/categories?post=145819"},{"taxonomy":"post_tag","embeddable":true,"href":"https:\/\/www.europesays.com\/pt\/wp-json\/wp\/v2\/tags?post=145819"}],"curies":[{"name":"wp","href":"https:\/\/api.w.org\/{rel}","templated":true}]}}