{"id":145829,"date":"2025-11-09T21:22:12","date_gmt":"2025-11-09T21:22:12","guid":{"rendered":"https:\/\/www.europesays.com\/pt\/145829\/"},"modified":"2025-11-09T21:22:12","modified_gmt":"2025-11-09T21:22:12","slug":"esquerda-portuguesa-estuda-mamdani-mas-teme-devaneios-observador","status":"publish","type":"post","link":"https:\/\/www.europesays.com\/pt\/145829\/","title":{"rendered":"Esquerda portuguesa estuda Mamdani mas teme &#8220;devaneios&#8221; \u2013 Observador"},"content":{"rendered":"<p>No Bloco de Esquerda, Joana Mort\u00e1gua tamb\u00e9m reconhece a import\u00e2ncia da simplicidade, e da alegria \u2014 fator inspiracional \u2014 da mensagem. \u201cAquela vit\u00f3ria \u00e9 um bom <strong>espelho<\/strong> para a esquerda se tentar ver refletida. N\u00e3o h\u00e1 d\u00favida de que \u00e9 uma agenda de reconstru\u00e7\u00e3o de esquerda que tem uma nota de <strong>esperan\u00e7a, de otimismo<\/strong>, que \u00e9 mais forte quando se est\u00e1 a desafiar um poder como o de Trump\u201d. Isto porque Mamdani consegue fazer um di\u00e1logo com os eleitores sem \u201ccriar ressentimento\u201d, conseguindo ao mesmo tempo falar aos \u201cexclu\u00eddos e v\u00edtimas do \u00f3dio de Trump\u201d, mas tamb\u00e9m aos \u201carrendat\u00e1rios e \u00e0 classe m\u00e9dia\u201d, e colocando \u201cas condi\u00e7\u00f5es de vida no <strong>centro<\/strong> do debate\u201d.<\/p>\n<p>Mais uma vez: e a esquerda portuguesa? \u201cTemos tentado faz\u00ea-lo\u201d \u2014 o mote de Mariana Mort\u00e1gua na \u00faltima conven\u00e7\u00e3o bloquista era a defesa de uma \u201cvida boa\u201d para as pessoas comuns \u2014 mas \u201c\u00e9 muito dif\u00edcil, porque a extrema-direita, com a ajuda do centro-direita, tem estado sempre a puxar o discurso para a <strong>agenda identit\u00e1ria<\/strong>\u201c. Mamdani, sendo ele pr\u00f3prio imigrante e tendo tido Trump a amea\u00e7\u00e1-lo com uma deporta\u00e7\u00e3o, conseguiu fugir a uma campanha que rodasse s\u00f3 \u00e0 volta desses temas; f\u00ea-lo tendo uma \u201clinguagem simples que toda a gente percebe, e ter otimismo e alegria\u201d.<\/p>\n<p>\u201cH\u00e1 ali condi\u00e7\u00f5es para que ele possa emergir como uma luz e tornar-se uma <strong>inspira\u00e7\u00e3o<\/strong> para estes setores de esquerda\u201d, garante Mort\u00e1gua. At\u00e9 porque \u201cesta alternativa para derrotar a extrema-direita \u00e9 muito melhor do que a de Joe Biden\u201d \u2014 defende, como Pedro Nuno Santos defendia quando j\u00e1 era dirigente do PS, que \u00e9 preciso que a esquerda apresente uma <strong>\u201calternativa clara\u201d<\/strong> e n\u00e3o que tente moderar-se ou misturar-se com a direita.<\/p>\n<p>Mas, feita as contas, Mamdani \u00e9 Mamdani e a esquerda portuguesa \u00e9 a esquerda portuguesa \u2014 por isso, \u201cn\u00e3o vale a pena achar que \u00e9 replic\u00e1vel\u201d, nos mesmos termos, a sua vit\u00f3ria por c\u00e1.<\/p>\n<p>E h\u00e1 muito na esquerda, sobretudo na ala centrista do PS (mas tamb\u00e9m mais \u00e0 esquerda), quem n\u00e3o acredite nessa transposi\u00e7\u00e3o. Desde logo, porque Nova Iorque n\u00e3o \u00e9 os Estados Unidos, muito menos Portugal ou a Europa: \u00e9 uma cidade de tradi\u00e7\u00e3o democrata e liberal, com uma alta percentagem de imigrantes (Mamdani fez v\u00eddeos de campanha em que falava \u00e1rabe ou espanhol), e com uma <strong>taxa de sindicaliza\u00e7\u00e3o<\/strong> mais alta do que Portugal (20,6% na cidade norte-americana, segundo <a href=\"https:\/\/www.bls.gov\/opub\/ted\/2025\/union-membership-rates-highest-in-hawaii-and-new-york-lowest-in-north-carolina-in-2024.htm\" rel=\"nofollow noopener\" target=\"_blank\">estat\u00edsticas oficiais<\/a> de janeiro). Enfrentou, al\u00e9m disso, um principal advers\u00e1rio democrata independente com uma s\u00e9rie de <strong>esc\u00e2ndalos<\/strong> \u00e0s costas \u2014 Andrew Cuomo demitiu-se de governador de Nova Iorque h\u00e1 quatro anos, depois de ter sido acusado de ass\u00e9dio sexual por 13 mulheres \u2014 e numa campanha que n\u00e3o foi dominada por temas que t\u00eam constitu\u00eddo, em Portugal, uma dificuldade para a esquerda, como a imigra\u00e7\u00e3o.<\/p>\n<p>Por esses e outros motivos, Francisco Assis argumenta que este \u00e9 um caso \u201ccompletamente<strong> \u00e0 margem<\/strong> da Am\u00e9rica e do mundo\u201d, que dificilmente se pode \u201cprojetar\u201d para o espa\u00e7o europeu ou servir para \u201cretirar li\u00e7\u00f5es. \u201c\u00c9 resultado de uma grande polariza\u00e7\u00e3o nos EUA. Fez uma boa campanha, foi muito mobilizador, isso do ponto de vista da f\u00f3rmula da atua\u00e7\u00e3o\u201d. As mensagens mais simplistas tanto \u00e0 esquerda como \u00e0 direita t\u00eam mais sucesso e por isso \u00e9 preciso \u201c<strong>reinventar a linguagem<\/strong> sem ceder nos princ\u00edpios essenciais\u201d, reconhece.<\/p>\n<p>Mas a ess\u00eancia do seu projeto, defende, do \u201cmulticulturalismo\u201d passando por propostas como o congelamento de rendas ou uma vis\u00e3o que classifica como \u201canti-israelita\u201d \u00e9 que n\u00e3o se pode reproduzir; pensar que sim ser\u00e1 um \u201cdevaneio de quem est\u00e1 <strong>desesperado<\/strong>, t\u00e3o desesperado que procura qualquer solu\u00e7\u00e3o m\u00e1gica\u201d, mas n\u00e3o ser\u00e1 com estas propostas que o socialismo democr\u00e1tico \u201cvai retomar o contacto com a popula\u00e7\u00e3o\u201d, antecipa.<\/p>\n","protected":false},"excerpt":{"rendered":"No Bloco de Esquerda, Joana Mort\u00e1gua tamb\u00e9m reconhece a import\u00e2ncia da simplicidade, e da alegria \u2014 fator inspiracional&hellip;\n","protected":false},"author":2,"featured_media":145830,"comment_status":"","ping_status":"","sticky":false,"template":"","format":"standard","meta":{"footnotes":""},"categories":[50],"tags":[624,27,28,623,15,16,14,25,26,21,22,62,12,13,19,20,302,23,24,17,18,29,30,31,63,64,65],"class_list":{"0":"post-145829","1":"post","2":"type-post","3":"status-publish","4":"format-standard","5":"has-post-thumbnail","7":"category-mundo","8":"tag-amu00e9rica","9":"tag-breaking-news","10":"tag-breakingnews","11":"tag-estados-unidos-da-amu00e9rica","12":"tag-featured-news","13":"tag-featurednews","14":"tag-headlines","15":"tag-latest-news","16":"tag-latestnews","17":"tag-main-news","18":"tag-mainnews","19":"tag-mundo","20":"tag-news","21":"tag-noticias","22":"tag-noticias-principais","23":"tag-noticiasprincipais","24":"tag-polu00edtica","25":"tag-principais-noticias","26":"tag-principaisnoticias","27":"tag-top-stories","28":"tag-topstories","29":"tag-ultimas","30":"tag-ultimas-noticias","31":"tag-ultimasnoticias","32":"tag-world","33":"tag-world-news","34":"tag-worldnews"},"share_on_mastodon":{"url":"https:\/\/pubeurope.com\/@pt\/115521843554434413","error":""},"_links":{"self":[{"href":"https:\/\/www.europesays.com\/pt\/wp-json\/wp\/v2\/posts\/145829","targetHints":{"allow":["GET"]}}],"collection":[{"href":"https:\/\/www.europesays.com\/pt\/wp-json\/wp\/v2\/posts"}],"about":[{"href":"https:\/\/www.europesays.com\/pt\/wp-json\/wp\/v2\/types\/post"}],"author":[{"embeddable":true,"href":"https:\/\/www.europesays.com\/pt\/wp-json\/wp\/v2\/users\/2"}],"replies":[{"embeddable":true,"href":"https:\/\/www.europesays.com\/pt\/wp-json\/wp\/v2\/comments?post=145829"}],"version-history":[{"count":0,"href":"https:\/\/www.europesays.com\/pt\/wp-json\/wp\/v2\/posts\/145829\/revisions"}],"wp:featuredmedia":[{"embeddable":true,"href":"https:\/\/www.europesays.com\/pt\/wp-json\/wp\/v2\/media\/145830"}],"wp:attachment":[{"href":"https:\/\/www.europesays.com\/pt\/wp-json\/wp\/v2\/media?parent=145829"}],"wp:term":[{"taxonomy":"category","embeddable":true,"href":"https:\/\/www.europesays.com\/pt\/wp-json\/wp\/v2\/categories?post=145829"},{"taxonomy":"post_tag","embeddable":true,"href":"https:\/\/www.europesays.com\/pt\/wp-json\/wp\/v2\/tags?post=145829"}],"curies":[{"name":"wp","href":"https:\/\/api.w.org\/{rel}","templated":true}]}}