{"id":145831,"date":"2025-11-09T21:24:22","date_gmt":"2025-11-09T21:24:22","guid":{"rendered":"https:\/\/www.europesays.com\/pt\/145831\/"},"modified":"2025-11-09T21:24:22","modified_gmt":"2025-11-09T21:24:22","slug":"famalicao-x-fc-porto-comecou-com-polemica-envolvendo-arbitragem","status":"publish","type":"post","link":"https:\/\/www.europesays.com\/pt\/145831\/","title":{"rendered":"Famalic\u00e3o x FC Porto come\u00e7ou com pol\u00e9mica envolvendo arbitragem"},"content":{"rendered":"<p>&#8211; Advertisement &#8211;<\/p>\n<p><strong>O encontro entre o Famalic\u00e3o e o FC Porto est\u00e1 a ser disputado no final de tarde deste domingo, em jogo da Primeira Liga.<\/strong><\/p>\n<p>Antes do apito inicial da partida entre o Famalic\u00e3o e o FC Porto, relativo \u00e0 d\u00e9cima primeira jornada da <a href=\"https:\/\/bolanarede.pt\/etiqueta\/primeira-liga\/\" target=\"_blank\" rel=\"noreferrer noopener nofollow\">Primeira Liga<\/a>, a equipa de arbitragem do encontro, liderada por Jos\u00e9 Bessa realizou o seu protesto silencioso, mas foi atingido pelo sistema de rega do relvado.<\/p>\n<p>Todas as equipas aderiram a este protesto, devido ao clima que se vive em rela\u00e7\u00e3o \u00e0 arbitragem no futebol nacional, com os \u00e1rbitros a estarem cansados do clima de suspei\u00e7\u00e3o.<\/p>\n<p>O jogo Famalic\u00e3o x FC Porto come\u00e7ou com total normalidade.<\/p>\n","protected":false},"excerpt":{"rendered":"&#8211; Advertisement &#8211; O encontro entre o Famalic\u00e3o e o FC Porto est\u00e1 a ser disputado no final&hellip;\n","protected":false},"author":2,"featured_media":145832,"comment_status":"","ping_status":"","sticky":false,"template":"","format":"standard","meta":{"footnotes":""},"categories":[8],"tags":[260,27,28,5879,3705,15,16,14,31963,25,26,21,22,12,13,19,20,32,479,23,24,33,17,18,29,30,31],"class_list":{"0":"post-145831","1":"post","2":"type-post","3":"status-publish","4":"format-standard","5":"has-post-thumbnail","7":"category-principais-noticias","8":"tag-atualidade","9":"tag-breaking-news","10":"tag-breakingnews","11":"tag-famalicao","12":"tag-fc-poto","13":"tag-featured-news","14":"tag-featurednews","15":"tag-headlines","16":"tag-jose-bessa","17":"tag-latest-news","18":"tag-latestnews","19":"tag-main-news","20":"tag-mainnews","21":"tag-news","22":"tag-noticias","23":"tag-noticias-principais","24":"tag-noticiasprincipais","25":"tag-portugal","26":"tag-primeira-liga","27":"tag-principais-noticias","28":"tag-principaisnoticias","29":"tag-pt","30":"tag-top-stories","31":"tag-topstories","32":"tag-ultimas","33":"tag-ultimas-noticias","34":"tag-ultimasnoticias"},"share_on_mastodon":{"url":"https:\/\/pubeurope.com\/@pt\/115521851483800521","error":""},"_links":{"self":[{"href":"https:\/\/www.europesays.com\/pt\/wp-json\/wp\/v2\/posts\/145831","targetHints":{"allow":["GET"]}}],"collection":[{"href":"https:\/\/www.europesays.com\/pt\/wp-json\/wp\/v2\/posts"}],"about":[{"href":"https:\/\/www.europesays.com\/pt\/wp-json\/wp\/v2\/types\/post"}],"author":[{"embeddable":true,"href":"https:\/\/www.europesays.com\/pt\/wp-json\/wp\/v2\/users\/2"}],"replies":[{"embeddable":true,"href":"https:\/\/www.europesays.com\/pt\/wp-json\/wp\/v2\/comments?post=145831"}],"version-history":[{"count":0,"href":"https:\/\/www.europesays.com\/pt\/wp-json\/wp\/v2\/posts\/145831\/revisions"}],"wp:featuredmedia":[{"embeddable":true,"href":"https:\/\/www.europesays.com\/pt\/wp-json\/wp\/v2\/media\/145832"}],"wp:attachment":[{"href":"https:\/\/www.europesays.com\/pt\/wp-json\/wp\/v2\/media?parent=145831"}],"wp:term":[{"taxonomy":"category","embeddable":true,"href":"https:\/\/www.europesays.com\/pt\/wp-json\/wp\/v2\/categories?post=145831"},{"taxonomy":"post_tag","embeddable":true,"href":"https:\/\/www.europesays.com\/pt\/wp-json\/wp\/v2\/tags?post=145831"}],"curies":[{"name":"wp","href":"https:\/\/api.w.org\/{rel}","templated":true}]}}